{"id":562972,"date":"2025-11-27T20:05:17","date_gmt":"2025-11-27T20:05:17","guid":{"rendered":"https:\/\/www.europesays.com\/fr\/562972\/"},"modified":"2025-11-27T20:05:17","modified_gmt":"2025-11-27T20:05:17","slug":"ol-lille-nice-le-classement-general-complet-apres-la-5e-journee","status":"publish","type":"post","link":"https:\/\/www.europesays.com\/fr\/562972\/","title":{"rendered":"OL, Lille, Nice\u2026 le classement g\u00e9n\u00e9ral complet apr\u00e8s la 5e journ\u00e9e"},"content":{"rendered":"<p>La Ligue Europa se poursuivait ce jeudi avec la cinqui\u00e8me journ\u00e9e au programme. OL, Lille, Nice\u2026 d\u00e9couvrez le classement g\u00e9n\u00e9ral complet de cette C3.<\/p>\n<p>On entre d\u00e9sormais dans la deuxi\u00e8me partie de cette phase de ligue. Apr\u00e8s la Ligue des champions, c&rsquo;\u00e9tait au tour de la <a href=\"https:\/\/rmcsport.bfmtv.com\/football\/europa-league\/\" target=\"_blank\" class=\"external_link\" rel=\"noopener\">Ligue Europa<\/a> de se poursuivre ce jeudi 27 novembre, avec la cinqui\u00e8me journ\u00e9e au programme.<\/p>\n<p>A 18h45, Lille et Nice \u00e9taient les premiers repr\u00e9sentants fran\u00e7ais \u00e0 entrer en liste. Apr\u00e8s deux d\u00e9faites cons\u00e9cutives face au PAOK (4-3) et l&rsquo;Etoile Rouge de Belgrade (1-0), <a href=\"https:\/\/rmcsport.bfmtv.com\/football\/europa-league\/direct-lille-dinamo-zagreb-suivez-le-match-de-la-5e-journee-de-ligue-europa-en-live_LS-202511270430.html\" title=\"DIRECT. Lille - Dinamo Zagreb: le LOSC se relance totalement en Ligue Europa avec un succ\u00e8s spectaculaire\" class=\"internal_link\" target=\"_blank\" rel=\"noopener\">le Losc a r\u00e9enclench\u00e9 la marche avant en s&rsquo;imposant 4-0 \u00e0 domicile face au Dinamo Zagreb<\/a>. Les Dogues remontent ainsi au classement.<\/p>\n<p>Les Ni\u00e7ois, de leur c\u00f4t\u00e9, poursuivent leur s\u00e9rie cauchemardesque <a href=\"https:\/\/rmcsport.bfmtv.com\/football\/europa-league\/direct-porto-nice-suivez-le-match-de-la-5e-journee-de-ligue-europe-en-live_LS-202511270582.html\" title=\"Porto - Nice: surclass\u00e9s, les Aiglons conc\u00e8dent leur 5e d\u00e9faite de suite en Ligue Europa\" class=\"internal_link\" target=\"_blank\" rel=\"noopener\">en \u00e9tant balay\u00e9s sur la pelouse du FC Porto (3-0)<\/a>. Le Gym encha\u00eene un 17e match sans victoire en Coupe d&rsquo;Europe et une cinqui\u00e8me d\u00e9faite cons\u00e9cutive dans cette Ligue Europa 2025-2026.<\/p>\n<p><a href=\"https:\/\/rmcsport.bfmtv.com\/football\/europa-league\/direct-maccabi-tel-aviv-ol-suivez-le-match-de-la-5e-journee-de-ligue-europe-en-live_LS-202511270787.html\" title=\"DIRECT. Maccabi Tel Aviv-OL: suivez le match de la 5e journ\u00e9e de Ligue Europe en live\" class=\"internal_link\" target=\"_blank\" rel=\"noopener\">L&rsquo;OL d\u00e9fie de son c\u00f4t\u00e9 le Maccabi Tel Aviv<\/a> \u00e0 partir de 21h, avec l&rsquo;opportunit\u00e9 de grimper sur le podium en cas de victoire.<\/p>\n<p>Le classement de la Ligue Europa 2025-2026 apr\u00e8s la 5e journ\u00e9e<\/p>\n<ul class=\"list_ordered\">\n<li>Midtjylland, 12 points (+7)<\/li>\n<li>Aston Villa, 12 pts (+5)<\/li>\n<li>Fribourg, 11 pts (+5)<\/li>\n<li>Ferencvaros, 11 pts (+4)<\/li>\n<li>Porto, 10 pts (+3)<\/li>\n<li>Celta Vigo, 9 pts (+4)<\/li>\n<li><strong>Lille<\/strong>, 9 pts (+4)<\/li>\n<li>Braga, 9 pts (+4, -1 match)<\/li>\n<li>Viktoria Plzen, 9 pts (+4)<\/li>\n<li><strong>OL<\/strong>, 9 pts (+3, -1 match)<\/li>\n<li>AS Roma, 9 pts (+2)<\/li>\n<li>Betis, 8 pts (+4, -1 match)<\/li>\n<li>PAOK, 8 pts (+3)<\/li>\n<li>Brann Bregen, 8 pts (+3)<\/li>\n<li>Fenerbah\u00e7e, 8 pts (0)<\/li>\n<li>Genk, 7 pts (+1, -1 match)<\/li>\n<li>Celtic Glasgow, 7 pts (-1)<\/li>\n<li>Dinamo Zagreb, 7 pts (-3)<\/li>\n<li>Panathina\u00efkos, 6 pts (+1, -1 match)<\/li>\n<li>B\u00e2le, 6 pts (+1, -1 match)<\/li>\n<li>Stuttgart, 6 pts (0, -1 match)<\/li>\n<li>Go Ahead Eagles, 6 pts (-1, -1 match)<\/li>\n<li>Ludogorets, 6 pts (-2)<\/li>\n<li>Young Boys, 6 pts (-5)<\/li>\n<li>Nottingham Forest 5 pts (+1, -1 match)<\/li>\n<li>Bologne, 5 pts (0, -1 match)<\/li>\n<li>Sturm Graz, 4 pts (-2, -1 match)<\/li>\n<li>\u00c9toile Rouge, 4 pts (-2, -1 match)<\/li>\n<li>Salzbourg, 3 pts (-2, -1 match)<\/li>\n<li>FCSB, 3 pts (-4, -1 match)<\/li>\n<li>Feyenoord, 3 pts (-5)<\/li>\n<li>Utrecht, 1 pt (-4, -1 match)<\/li>\n<li>Malm\u00f6, 1 pt (-5, -1 match)<\/li>\n<li>Maccabi Tel-Aviv, 1 pt (-7, -1 match)<\/li>\n<li>Glasgow Rangers, 0 pt (-7, -1 match)<\/li>\n<li><strong>Nice<\/strong>, 0 pt (-8)<\/li>\n<\/ul>\n","protected":false},"excerpt":{"rendered":"La Ligue Europa se poursuivait ce jeudi avec la cinqui\u00e8me journ\u00e9e au programme. OL, Lille, Nice\u2026 d\u00e9couvrez le&hellip;\n","protected":false},"author":2,"featured_media":434641,"comment_status":"","ping_status":"","sticky":false,"template":"","format":"standard","meta":{"footnotes":""},"categories":[2819],"tags":[1111,11,1777,674,1011,27,12,2401,882,25],"class_list":{"0":"post-562972","1":"post","2":"type-post","3":"status-publish","4":"format-standard","5":"has-post-thumbnail","7":"category-nice","8":"tag-actu","9":"tag-actualites","10":"tag-eu","11":"tag-europe","12":"tag-fr","13":"tag-france","14":"tag-news","15":"tag-nice","16":"tag-provence-alpes-cote-dazur","17":"tag-republique-francaise"},"share_on_mastodon":{"url":"https:\/\/pubeurope.com\/@fr\/115623462500356608","error":""},"_links":{"self":[{"href":"https:\/\/www.europesays.com\/fr\/wp-json\/wp\/v2\/posts\/562972","targetHints":{"allow":["GET"]}}],"collection":[{"href":"https:\/\/www.europesays.com\/fr\/wp-json\/wp\/v2\/posts"}],"about":[{"href":"https:\/\/www.europesays.com\/fr\/wp-json\/wp\/v2\/types\/post"}],"author":[{"embeddable":true,"href":"https:\/\/www.europesays.com\/fr\/wp-json\/wp\/v2\/users\/2"}],"replies":[{"embeddable":true,"href":"https:\/\/www.europesays.com\/fr\/wp-json\/wp\/v2\/comments?post=562972"}],"version-history":[{"count":0,"href":"https:\/\/www.europesays.com\/fr\/wp-json\/wp\/v2\/posts\/562972\/revisions"}],"wp:featuredmedia":[{"embeddable":true,"href":"https:\/\/www.europesays.com\/fr\/wp-json\/wp\/v2\/media\/434641"}],"wp:attachment":[{"href":"https:\/\/www.europesays.com\/fr\/wp-json\/wp\/v2\/media?parent=562972"}],"wp:term":[{"taxonomy":"category","embeddable":true,"href":"https:\/\/www.europesays.com\/fr\/wp-json\/wp\/v2\/categories?post=562972"},{"taxonomy":"post_tag","embeddable":true,"href":"https:\/\/www.europesays.com\/fr\/wp-json\/wp\/v2\/tags?post=562972"}],"curies":[{"name":"wp","href":"https:\/\/api.w.org\/{rel}","templated":true}]}}