{"id":562973,"date":"2025-11-27T20:06:19","date_gmt":"2025-11-27T20:06:19","guid":{"rendered":"https:\/\/www.europesays.com\/fr\/562973\/"},"modified":"2025-11-27T20:06:19","modified_gmt":"2025-11-27T20:06:19","slug":"le-producteur-capricci-et-le-magazine-so-film-en-redressement-judiciaire-a-nantes","status":"publish","type":"post","link":"https:\/\/www.europesays.com\/fr\/562973\/","title":{"rendered":"Le producteur Capricci et le magazine So Film en redressement judiciaire, \u00e0 Nantes"},"content":{"rendered":"<p>Produire et distribuer des films de grande qualit\u00e9 en province, \u00e0 Nantes, c\u2019\u00e9tait leur pari, d\u00e8s 1999. Capricci affiche \u00e0 son compteur de nombreux films, comme Pasolini d\u2019Abel Ferrara, pour les plus anciens, ou Vincent doit mourir, en 2023. M\u00eame si une partie de l\u2019\u00e9quipe travaille \u00e0 Paris, le si\u00e8ge de la petite entreprise est rest\u00e9 \u00e0 Nantes.<\/p>\n<p>Mais la success story conna\u00eet aujourd\u2019hui des d\u00e9boires. Capricci, affect\u00e9 par le report de plusieurs longs-m\u00e9trages, a \u00e9t\u00e9 plac\u00e9 en redressement judiciaire par le tribunal de commerce, \u00e0 la demande de son dirigeant Farid Lounas. Son autre soci\u00e9t\u00e9, qui \u00e9dite So Film, magazine d\u00e9di\u00e9 au cin\u00e9ma, se retrouve aussi en cessation de paiements. Tout comme la soci\u00e9t\u00e9 FTL communication, charg\u00e9e de la postproduction. Les trois structures sont li\u00e9es financi\u00e8rement les unes aux autres.<\/p>\n<p>\u00ab\u00a0Summercamp maintenu\u00a0\u00bb<\/p>\n<p>\u00a02025 est une ann\u00e9e noire pour Capricci et le cin\u00e9ma en France, explique Farid Lounas. La baisse de fr\u00e9quentation en salles de 15\u00a0% \u00e0 20\u00a0% a fragilis\u00e9 particuli\u00e8rement le cin\u00e9ma d\u2019auteur que nous d\u00e9fendons.\u00a0 Le dirigeant indique qu\u2019une dizaine de salari\u00e9s sont concern\u00e9s par la proc\u00e9dure \u00a0et pourraient \u00eatre impact\u00e9s dans les semaines \u00e0 venir\u00a0.<\/p>\n<p>En attendant de tenter de redresser la barre, les diff\u00e9rentes entreprises poursuivent leurs activit\u00e9s. Pour sauver le magazine, une baisse des co\u00fbts a \u00e9t\u00e9 d\u00e9cid\u00e9e et une recherche d\u2019investisseurs est en cours. En revanche, Farid Lounas indique que <a href=\"https:\/\/nantes.maville.com\/actu\/actudet_-a-nantes-avant-premieres-cartes-blanches-et-blind-test-cinema-au-festival-sofilm-summercamp-_8-6858097_actu.Htm?utm_source=troove&amp;utm_medium=site\" target=\"_self\" rel=\"noopener\">le festival de cin\u00e9ma Summercamp, organis\u00e9 chaque ann\u00e9e, en juin, \u00e0 Nantes,<\/a> n\u2019est pas affect\u00e9 par ces difficult\u00e9s.<\/p>\n<p><a href=\"https:\/\/nantes.maville.com\/actu\/actudet_-le-fondateur-de-la-societe-de-production-capricci-basee-a-nantes-accuse-de-violences-sexuelles-_8-7020458_actu.Htm?utm_source=troove&amp;utm_medium=site\" target=\"_self\" rel=\"noopener\">Pour ne rien arranger, le cofondateur de Capricci et fr\u00e8re de Farid Lounas, Thierry Lounas\u00a0est accus\u00e9, ainsi que sa compagne, de violences sexuelles et de harc\u00e8lement. Douze femmes auraient apport\u00e9 leur t\u00e9moignage au m\u00e9dia<\/a> <a href=\"https:\/\/nantes.maville.com\/actu\/actudet_-le-fondateur-de-la-societe-de-production-capricci-basee-a-nantes-accuse-de-violences-sexuelles-_8-7020458_actu.Htm?utm_source=troove&amp;utm_medium=site\" target=\"_self\" rel=\"noopener\">  Les Jours.<\/a> Une m\u00e9diatisation qui a \u00a0fragilis\u00e9\u00a0 la soci\u00e9t\u00e9. \u00a0Une enqu\u00eate interne a conclu \u00e0 l\u2019absence de harc\u00e8lement moral et sexuel au travail\u00a0\u00bb, pr\u00e9cise le dirigeant. Son fr\u00e8re a \u00e9t\u00e9 mis en retrait mais \u00a0les r\u00e9percussions ont \u00e9t\u00e9 lourdes\u00a0\u00bb. En janvier, le tribunal de commerce de Nantes r\u00e9examinera la situation.<\/p>\n<p>\u00a0<\/p>\n","protected":false},"excerpt":{"rendered":"Produire et distribuer des films de grande qualit\u00e9 en province, \u00e0 Nantes, c\u2019\u00e9tait leur pari, d\u00e8s 1999. Capricci&hellip;\n","protected":false},"author":2,"featured_media":562974,"comment_status":"","ping_status":"","sticky":false,"template":"","format":"standard","meta":{"footnotes":""},"categories":[2818],"tags":[1111,11,67909,1777,674,2081,1011,27,8639,1031,766,12,2636,22284,30431,25,22955],"class_list":{"0":"post-562973","1":"post","2":"type-post","3":"status-publish","4":"format-standard","5":"has-post-thumbnail","7":"category-nantes","8":"tag-actu","9":"tag-actualites","10":"tag-capricci","11":"tag-eu","12":"tag-europe","13":"tag-film","14":"tag-fr","15":"tag-france","16":"tag-judiciaire","17":"tag-magazine","18":"tag-nantes","19":"tag-news","20":"tag-pays-de-la-loire","21":"tag-producteur","22":"tag-redressement","23":"tag-republique-francaise","24":"tag-so"},"share_on_mastodon":{"url":"https:\/\/pubeurope.com\/@fr\/115623466417233320","error":""},"_links":{"self":[{"href":"https:\/\/www.europesays.com\/fr\/wp-json\/wp\/v2\/posts\/562973","targetHints":{"allow":["GET"]}}],"collection":[{"href":"https:\/\/www.europesays.com\/fr\/wp-json\/wp\/v2\/posts"}],"about":[{"href":"https:\/\/www.europesays.com\/fr\/wp-json\/wp\/v2\/types\/post"}],"author":[{"embeddable":true,"href":"https:\/\/www.europesays.com\/fr\/wp-json\/wp\/v2\/users\/2"}],"replies":[{"embeddable":true,"href":"https:\/\/www.europesays.com\/fr\/wp-json\/wp\/v2\/comments?post=562973"}],"version-history":[{"count":0,"href":"https:\/\/www.europesays.com\/fr\/wp-json\/wp\/v2\/posts\/562973\/revisions"}],"wp:featuredmedia":[{"embeddable":true,"href":"https:\/\/www.europesays.com\/fr\/wp-json\/wp\/v2\/media\/562974"}],"wp:attachment":[{"href":"https:\/\/www.europesays.com\/fr\/wp-json\/wp\/v2\/media?parent=562973"}],"wp:term":[{"taxonomy":"category","embeddable":true,"href":"https:\/\/www.europesays.com\/fr\/wp-json\/wp\/v2\/categories?post=562973"},{"taxonomy":"post_tag","embeddable":true,"href":"https:\/\/www.europesays.com\/fr\/wp-json\/wp\/v2\/tags?post=562973"}],"curies":[{"name":"wp","href":"https:\/\/api.w.org\/{rel}","templated":true}]}}