{"id":562975,"date":"2025-11-27T20:07:34","date_gmt":"2025-11-27T20:07:34","guid":{"rendered":"https:\/\/www.europesays.com\/fr\/562975\/"},"modified":"2025-11-27T20:07:34","modified_gmt":"2025-11-27T20:07:34","slug":"interpellation-a-nantes-du-detenu-evade-lors-dune-sortie-collective-a-rennes-lexpress","status":"publish","type":"post","link":"https:\/\/www.europesays.com\/fr\/562975\/","title":{"rendered":"Interpellation \u00e0 Nantes du d\u00e9tenu \u00e9vad\u00e9 lors d&rsquo;une sortie collective \u00e0 Rennes \u2013 L&rsquo;Express"},"content":{"rendered":"<p class=\"paragraph article-body-paragraph article__item   article-body-paragraph--first \">L&rsquo;homme, qui fait partie de la communaut\u00e9 des gens du voyage, a \u00e9t\u00e9 interpell\u00e9 \u00e0 Nantes sur le terrain o\u00f9 il r\u00e9side habituellement, a fait savoir \u00e0 l&rsquo;AFP son avocat, Sami Khankan. je pense qu&rsquo;il est soulag\u00e9, a ajout\u00e9 ce dernier.<\/p>\n<p class=\"paragraph article-body-paragraph article__item   \">Le 14 novembre, le d\u00e9tenu de 37 ans, incarc\u00e9r\u00e9 au centre p\u00e9nitentiaire pour hommes de Rennes-V\u00e9zin, participait \u00e0 une sortie au plan\u00e9tarium avec d&rsquo;autres prisonniers quand il a \u00e9chapp\u00e9 \u00e0 la vigilance des personnes charg\u00e9es de les encadrer.<\/p>\n<p class=\"paragraph article-body-paragraph article__item   \">Recherch\u00e9 depuis par les enqu\u00eateurs de la Division de la criminalit\u00e9 organis\u00e9e et sp\u00e9cialis\u00e9e de Rennes, il a \u00e9t\u00e9 arr\u00eat\u00e9 vers 14H30 avec l&rsquo;aide de la Brigade de recherches et d\u2019intervention (BRI), selon des sources proches du dossier. Un second homme vis\u00e9 par un mandat de recherche a \u00e9galement \u00e9t\u00e9 interpell\u00e9, selon une de ces sources.<\/p>\n<p class=\"paragraph article-body-paragraph article__item   \">Le procureur de Rennes, Fr\u00e9d\u00e9ric Teillet, a confirm\u00e9 l&rsquo;interpellation, sans plus de d\u00e9tails.<\/p>\n<p class=\"paragraph article-body-paragraph article__item   \">Le 17 novembre, lors de la r\u00e9v\u00e9lation des faits, le procureur avait indiqu\u00e9 que l&rsquo;\u00e9vasion de cet homme, condamn\u00e9 depuis d\u00e9cembre 2024 pour divers faits de vols, \u00e9tait survenue sans violence.<\/p>\n<p class=\"paragraph article-body-paragraph article__item   \">Le d\u00e9tenu doit \u00eatre transf\u00e9r\u00e9 \u00e0 Rennes o\u00f9 il sera plac\u00e9 en garde \u00e0 vue, selon plusieurs sources. <\/p>\n<p> &lsquo;Fusible&rsquo; <\/p>\n<p class=\"paragraph article-body-paragraph article__item   \">Apr\u00e8s cette \u00e9vasion, le directeur de la prison de Rennes a \u00e9t\u00e9 d\u00e9mis de ses fonctions, le 21 novembre. Pour le garde des Sceaux G\u00e9rald Darmanin, il a commis une faute et ne pouvait pas rester en responsabilit\u00e9.<\/p>\n<p class=\"paragraph article-body-paragraph article__item   \">Au moment o\u00f9 le d\u00e9tenu est parti, \u00e0 pied, du plan\u00e9tarium, il n&rsquo;avait pas du tout envisag\u00e9 les cons\u00e9quences de ses actes, a assur\u00e9 son avocat. Il a \u00e9t\u00e9 tr\u00e8s d\u00e9stabilis\u00e9 par l&rsquo;ampleur m\u00e9diatique, a poursuivi Me Khankan. Son client b\u00e9n\u00e9ficiait pour cette sortie d&rsquo;une permission p\u00e9nitentiaire, a-t-il rappel\u00e9.<\/p>\n<p class=\"paragraph article-body-paragraph article__item   \">Joint par l\u2019AFP, le secr\u00e9taire local du syndicat FO Justice pour le centre p\u00e9nitentiaire de Rennes-V\u00e9zin, Florian Adam s&rsquo;est dit satisfait de cette arrestation, tout en \u00e9tant agac\u00e9 parce que notre directeur a clairement servi de fusible.<\/p>\n<p class=\"paragraph article-body-paragraph article__item   \">Ce d\u00e9tenu \u00e9tait connu pour des faits d\u2019\u00e9vasion, il n\u2019aurait pour moi jamais d\u00fb \u00eatre s\u00e9lectionn\u00e9 pour participer \u00e0 cette sortie, selon lui.<\/p>\n<p class=\"paragraph article-body-paragraph article__item    article__text__endpicto\">Cette fin de cavale intervient peu apr\u00e8s que deux d\u00e9tenus se sont \u00e9vad\u00e9s dans la nuit de mercredi \u00e0 jeudi de la v\u00e9tuste prison de Dijon apr\u00e8s avoir eu raison des barreaux de leur cellule avec une simple lame de scie \u00e0 m\u00e9taux puis en utilisant des draps.<\/p>\n","protected":false},"excerpt":{"rendered":"L&rsquo;homme, qui fait partie de la communaut\u00e9 des gens du voyage, a \u00e9t\u00e9 interpell\u00e9 \u00e0 Nantes sur le&hellip;\n","protected":false},"author":2,"featured_media":562976,"comment_status":"","ping_status":"","sticky":false,"template":"","format":"standard","meta":{"footnotes":""},"categories":[2818],"tags":[1111,11,1777,674,1011,27,766,12,2636,25,104],"class_list":{"0":"post-562975","1":"post","2":"type-post","3":"status-publish","4":"format-standard","5":"has-post-thumbnail","7":"category-nantes","8":"tag-actu","9":"tag-actualites","10":"tag-eu","11":"tag-europe","12":"tag-fr","13":"tag-france","14":"tag-nantes","15":"tag-news","16":"tag-pays-de-la-loire","17":"tag-republique-francaise","18":"tag-societe"},"share_on_mastodon":{"url":"https:\/\/pubeurope.com\/@fr\/115623470221690126","error":""},"_links":{"self":[{"href":"https:\/\/www.europesays.com\/fr\/wp-json\/wp\/v2\/posts\/562975","targetHints":{"allow":["GET"]}}],"collection":[{"href":"https:\/\/www.europesays.com\/fr\/wp-json\/wp\/v2\/posts"}],"about":[{"href":"https:\/\/www.europesays.com\/fr\/wp-json\/wp\/v2\/types\/post"}],"author":[{"embeddable":true,"href":"https:\/\/www.europesays.com\/fr\/wp-json\/wp\/v2\/users\/2"}],"replies":[{"embeddable":true,"href":"https:\/\/www.europesays.com\/fr\/wp-json\/wp\/v2\/comments?post=562975"}],"version-history":[{"count":0,"href":"https:\/\/www.europesays.com\/fr\/wp-json\/wp\/v2\/posts\/562975\/revisions"}],"wp:featuredmedia":[{"embeddable":true,"href":"https:\/\/www.europesays.com\/fr\/wp-json\/wp\/v2\/media\/562976"}],"wp:attachment":[{"href":"https:\/\/www.europesays.com\/fr\/wp-json\/wp\/v2\/media?parent=562975"}],"wp:term":[{"taxonomy":"category","embeddable":true,"href":"https:\/\/www.europesays.com\/fr\/wp-json\/wp\/v2\/categories?post=562975"},{"taxonomy":"post_tag","embeddable":true,"href":"https:\/\/www.europesays.com\/fr\/wp-json\/wp\/v2\/tags?post=562975"}],"curies":[{"name":"wp","href":"https:\/\/api.w.org\/{rel}","templated":true}]}}