{"id":562979,"date":"2025-11-27T20:10:17","date_gmt":"2025-11-27T20:10:17","guid":{"rendered":"https:\/\/www.europesays.com\/fr\/562979\/"},"modified":"2025-11-27T20:10:17","modified_gmt":"2025-11-27T20:10:17","slug":"limitation-des-clients-fermeture-des-terrasses-a-minuit-ce-que-preconise-lexpertise-judiciaire","status":"publish","type":"post","link":"https:\/\/www.europesays.com\/fr\/562979\/","title":{"rendered":"limitation des clients, fermeture des terrasses \u00e0 minuit\u2026 ce que pr\u00e9conise l\u2019expertise judiciaire"},"content":{"rendered":"<p>Le rapport d\u2019expertise, que \u00ab\u00a0Sud Ouest\u00a0\u00bb a pu consulter, met les pieds dans le plat\u00a0: \u00ab\u00a0L\u2019am\u00e9lioration de la situation, qui exige r\u00e9glementairement d\u2019obtenir au minimum un gain de l\u2019\u00e9mergence per\u00e7ue de 3\u00a0dBA [en d\u00e9cibels, une valeur utilis\u00e9e pour l\u2019\u00e9valuation des bruits environnementaux, ce qui revient \u00e0 diviser par deux le bruit, NDLR], pourrait \u00eatre obtenue en r\u00e9duisant le nombre de clients re\u00e7us en simultan\u00e9 sur les diff\u00e9rentes terrasses, ou en r\u00e9duisant la dur\u00e9e d\u2019apparition des bruits nuisants (ce qui revient \u00e0 avancer les heures de fermeture), ou les deux.\u00a0\u00bb<\/p>\n<p>Plus pr\u00e9cis\u00e9ment, est-il not\u00e9 plus loin, \u00ab\u00a0le respect des seuils r\u00e9glementaires pourrait \u00eatre envisageable en limitant le nombre des clients re\u00e7us sur l\u2019ensemble\u00a0des terrasses \u00e0 moins de 100 en simultan\u00e9 et en avan\u00e7ant l\u2019horaire de fermeture des terrasses ext\u00e9rieures \u00e0 minuit\u00a0\u00bb, contre 2\u00a0heures aujourd\u2019hui. Une dol\u00e9ance relay\u00e9e par des associations de riverains depuis plusieurs ann\u00e9es.<\/p>\n<p>\u00ab\u00a0Un tournant\u00a0\u00bb<\/p>\n<p>\u00ab\u00a0Le pire est probablement le bruit nocturne \u00e0 une heure avanc\u00e9e de la nuit, \u00e0 2\u00a0heures du matin, lors de la fermeture des terrasses et le d\u00e9part des clients qui entra\u00eene quasiment chaque nuit des \u00e9clats de voix de personnes alcoolis\u00e9es, voire des altercations\u00a0\u00bb, d\u00e9crit Alban Colom\u00e8s, \u00e0 l\u2019initiative de la requ\u00eate devant le tribunal administratif. \u00ab\u00a0Ces bruits interrompent notre sommeil et nous mettons du temps \u00e0 nous rendormir et \u00e0 retomber dans le sommeil profond dans lequel nous \u00e9tions. Ils nous contraignent \u00e0 mettre syst\u00e9matiquement des boules Quies, \u00e0 dormir fen\u00eatres ferm\u00e9es m\u00eame en \u00e9t\u00e9, ce qui est une v\u00e9ritable \u00e9preuve sous les toits, au dernier \u00e9tage.\u00a0\u00bb<\/p>\n<blockquote><p>\u00ab\u00a0Ces bruits interrompent notre sommeil et nous mettons du temps \u00e0 nous rendormir\u00a0\u00bb<\/p><\/blockquote>\n<p>Chiffres \u00e0 l\u2019appui, l\u2019expert va jusqu\u2019\u00e0 remettre en question l\u2019espace \u00ab\u00a0r\u00e9ellement occup\u00e9\u00a0\u00bb par les tables et consid\u00e8re \u00ab\u00a0utile que des patrouilles r\u00e9guli\u00e8res de la police municipale puissent temp\u00e9rer la ferveur des clients les plus excit\u00e9s, notamment aux heures de fermeture et ensuite lors de leur dispersion\u00a0\u00bb. Et d\u2019ajouter\u00a0: \u00ab\u00a0Lors des deux nuits sur place des 22\u00a0septembre et 8\u00a0octobre 2022, je n\u2019ai pas constat\u00e9 la moindre pr\u00e9sence dissuasive dans ce sens.\u00a0\u00bb<\/p>\n","protected":false},"excerpt":{"rendered":"Le rapport d\u2019expertise, que \u00ab\u00a0Sud Ouest\u00a0\u00bb a pu consulter, met les pieds dans le plat\u00a0: \u00ab\u00a0L\u2019am\u00e9lioration de la&hellip;\n","protected":false},"author":2,"featured_media":562980,"comment_status":"","ping_status":"","sticky":false,"template":"","format":"standard","meta":{"footnotes":""},"categories":[2817],"tags":[1111,11,1997,1777,674,1011,27,12,2219,25],"class_list":{"0":"post-562979","1":"post","2":"type-post","3":"status-publish","4":"format-standard","5":"has-post-thumbnail","7":"category-bordeaux","8":"tag-actu","9":"tag-actualites","10":"tag-bordeaux","11":"tag-eu","12":"tag-europe","13":"tag-fr","14":"tag-france","15":"tag-news","16":"tag-nouvelle-aquitaine","17":"tag-republique-francaise"},"share_on_mastodon":{"url":"https:\/\/pubeurope.com\/@fr\/115623482199158490","error":""},"_links":{"self":[{"href":"https:\/\/www.europesays.com\/fr\/wp-json\/wp\/v2\/posts\/562979","targetHints":{"allow":["GET"]}}],"collection":[{"href":"https:\/\/www.europesays.com\/fr\/wp-json\/wp\/v2\/posts"}],"about":[{"href":"https:\/\/www.europesays.com\/fr\/wp-json\/wp\/v2\/types\/post"}],"author":[{"embeddable":true,"href":"https:\/\/www.europesays.com\/fr\/wp-json\/wp\/v2\/users\/2"}],"replies":[{"embeddable":true,"href":"https:\/\/www.europesays.com\/fr\/wp-json\/wp\/v2\/comments?post=562979"}],"version-history":[{"count":0,"href":"https:\/\/www.europesays.com\/fr\/wp-json\/wp\/v2\/posts\/562979\/revisions"}],"wp:featuredmedia":[{"embeddable":true,"href":"https:\/\/www.europesays.com\/fr\/wp-json\/wp\/v2\/media\/562980"}],"wp:attachment":[{"href":"https:\/\/www.europesays.com\/fr\/wp-json\/wp\/v2\/media?parent=562979"}],"wp:term":[{"taxonomy":"category","embeddable":true,"href":"https:\/\/www.europesays.com\/fr\/wp-json\/wp\/v2\/categories?post=562979"},{"taxonomy":"post_tag","embeddable":true,"href":"https:\/\/www.europesays.com\/fr\/wp-json\/wp\/v2\/tags?post=562979"}],"curies":[{"name":"wp","href":"https:\/\/api.w.org\/{rel}","templated":true}]}}