{"id":562985,"date":"2025-11-27T20:14:46","date_gmt":"2025-11-27T20:14:46","guid":{"rendered":"https:\/\/www.europesays.com\/fr\/562985\/"},"modified":"2025-11-27T20:14:46","modified_gmt":"2025-11-27T20:14:46","slug":"a-marcq-en-baroeul-la-fete-aux-huitres-revient-pour-aider-la-population-a-madagascar-27-11-2025","status":"publish","type":"post","link":"https:\/\/www.europesays.com\/fr\/562985\/","title":{"rendered":"\u00c0 Marcq-en-Bar\u0153ul, la F\u00eate aux Hu\u00eetres revient pour aider la population \u00e0 Madagascar &#8211; 27\/11\/2025"},"content":{"rendered":"<p>Du 28 au 30 novembre, l\u2019hippodrome de Marcq-en-Bar\u0153ul accueillera la 25e F\u00eate aux Hu\u00eetres. Un \u00e9v\u00e9nement solidaire port\u00e9 par l\u2019association Marcq Madagascar, qui l\u00e8ve des fonds pour des projets de sant\u00e9 et d\u2019\u00e9ducation \u00e0 Madagascar. On vous en dit plus.<\/p>\n<p>Depuis un quart de si\u00e8cle, la F\u00eate aux Hu\u00eetres rassemble les gens de Marcq-en-Bar\u0153ul et des alentours autour d\u2019une m\u00eame envie : se r\u00e9galer avec des tonnes d&rsquo;hu\u00eetres tout en soutenant des projets humanitaires \u00e0 Madagascar.<\/p>\n<p>Port\u00e9e par une \u00e9quipe d\u2019une soixantaine de b\u00e9n\u00e9voles, l\u2019association Marcq Madagascar finance chaque ann\u00e9e des actions dans des \u00e9coles, des centres de sant\u00e9 ou encore pour l\u2019acc\u00e8s \u00e0 l\u2019eau potable.\u00a0\u00ab\u00a0C\u2019est notre grande manifestation de l\u2019ann\u00e9e. Ce qu\u2019on r\u00e9colte repart directement l\u00e0-bas, dans nos projets\u00a0\u00bb, r\u00e9sume B\u00e9ata Jensen, pr\u00e9sidente de l\u2019asso depuis 2022.<\/p>\n<p>  On mange et boit quoi sur place ?<\/p>\n<p>Pendant trois jours, l\u2019hippodrome prendra des airs de grand village gourmand. Les hu\u00eetres de la famille <a target=\"_blank\" href=\"http:\/\/Boutrais\">Boutrais<\/a>, arriv\u00e9es tout droit de Cancale, seront la star du week-end. On retrouvera les fines n\u00b03\u00a0servies par 12 \u00e0 17\u20ac, les fines n\u00b02, 12 hu\u00eetres pour 18\u20ac, ainsi que les sp\u00e9ciales Ostra R\u00e9gal, propos\u00e9es par 6 \u00e0 15\u20ac. Au total, plus de cinq tonnes d\u2019hu\u00eetres sont englouties chaque ann\u00e9e pendant l\u2019\u00e9v\u00e9nement.<\/p>\n<p>Les familles trouveront un menu enfant et un espace nurserie. L\u2019ambiance sera assur\u00e9e par un saxophoniste et un photobooth permettra d\u2019immortaliser la journ\u00e9e. C\u00f4t\u00e9 animations, le bar \u00e0 hu\u00eetres proposera des d\u00e9monstrations d\u2019\u00e9caillage et, si l\u2019envie vous prend, un petit concours pour tester votre technique.<\/p>\n<p>Dans un autre espace, un stand d\u2019artisanat malgache pr\u00e9sentera bijoux, objets d\u00e9coratifs et id\u00e9es cadeaux juste avant les f\u00eates. Une grande tombola est \u00e9galement pr\u00e9vue, avec plusieurs lots, dont un v\u00e9lo \u00e9lectrique, un v\u00e9lo ado et un v\u00e9lo enfant. Et si vous pr\u00e9f\u00e9rez d\u00e9guster vos hu\u00eetres chez vous, la version\u00a0click &amp; collect\u00a0reste disponible, tout comme un drive pour les commandes \u00e0 emporter. \u00ab\u00a0On garde une organisation simple : notre priorit\u00e9, c\u2019est que l\u2019argent parte dans les projets humanitaires\u00a0\u00bb, rappelle B\u00e9ata Jensen.<\/p>\n<p>Construire une \u00e9cole : le grand projet 2025<\/p>\n<p>Pour cette \u00e9dition anniversaire, l\u2019objectif est de rassembler de quoi lancer la construction d\u2019une nouvelle \u00e9cole primaire \u00e0 Antananarivo. Elle accueillera les enfants de l\u2019orphelinat\u00a0Un Autre Regard\u00a0ainsi que ceux du village voisin. La premi\u00e8re phase pr\u00e9voit deux salles de classe et la s\u00e9curisation du terrain, pour un budget de 25 000\u20ac. \u00ab\u00a0\u00c0 Madagascar, l\u2019acc\u00e8s \u00e0 l\u2019\u00e9ducation est un vrai d\u00e9fi. Une \u00e9cole, c\u2019est une chance concr\u00e8te pour les enfants de construire leur avenir\u00a0\u00bb, insiste B\u00e9ata Jensen.\u00a0<\/p>\n","protected":false},"excerpt":{"rendered":"Du 28 au 30 novembre, l\u2019hippodrome de Marcq-en-Bar\u0153ul accueillera la 25e F\u00eate aux Hu\u00eetres. Un \u00e9v\u00e9nement solidaire port\u00e9&hellip;\n","protected":false},"author":2,"featured_media":562986,"comment_status":"","ping_status":"","sticky":false,"template":"","format":"standard","meta":{"footnotes":""},"categories":[2815],"tags":[1111,11,1777,674,1011,27,811,1307,12,25],"class_list":{"0":"post-562985","1":"post","2":"type-post","3":"status-publish","4":"format-standard","5":"has-post-thumbnail","7":"category-lille","8":"tag-actu","9":"tag-actualites","10":"tag-eu","11":"tag-europe","12":"tag-fr","13":"tag-france","14":"tag-hauts-de-france","15":"tag-lille","16":"tag-news","17":"tag-republique-francaise"},"share_on_mastodon":{"url":"https:\/\/pubeurope.com\/@fr\/115623497800091421","error":""},"_links":{"self":[{"href":"https:\/\/www.europesays.com\/fr\/wp-json\/wp\/v2\/posts\/562985","targetHints":{"allow":["GET"]}}],"collection":[{"href":"https:\/\/www.europesays.com\/fr\/wp-json\/wp\/v2\/posts"}],"about":[{"href":"https:\/\/www.europesays.com\/fr\/wp-json\/wp\/v2\/types\/post"}],"author":[{"embeddable":true,"href":"https:\/\/www.europesays.com\/fr\/wp-json\/wp\/v2\/users\/2"}],"replies":[{"embeddable":true,"href":"https:\/\/www.europesays.com\/fr\/wp-json\/wp\/v2\/comments?post=562985"}],"version-history":[{"count":0,"href":"https:\/\/www.europesays.com\/fr\/wp-json\/wp\/v2\/posts\/562985\/revisions"}],"wp:featuredmedia":[{"embeddable":true,"href":"https:\/\/www.europesays.com\/fr\/wp-json\/wp\/v2\/media\/562986"}],"wp:attachment":[{"href":"https:\/\/www.europesays.com\/fr\/wp-json\/wp\/v2\/media?parent=562985"}],"wp:term":[{"taxonomy":"category","embeddable":true,"href":"https:\/\/www.europesays.com\/fr\/wp-json\/wp\/v2\/categories?post=562985"},{"taxonomy":"post_tag","embeddable":true,"href":"https:\/\/www.europesays.com\/fr\/wp-json\/wp\/v2\/tags?post=562985"}],"curies":[{"name":"wp","href":"https:\/\/api.w.org\/{rel}","templated":true}]}}