{"id":562987,"date":"2025-11-27T20:16:19","date_gmt":"2025-11-27T20:16:19","guid":{"rendered":"https:\/\/www.europesays.com\/fr\/562987\/"},"modified":"2025-11-27T20:16:19","modified_gmt":"2025-11-27T20:16:19","slug":"lille-se-relance-en-etrillant-le-dinamo-zagreb","status":"publish","type":"post","link":"https:\/\/www.europesays.com\/fr\/562987\/","title":{"rendered":"Lille se relance en \u00e9trillant le Dinamo Zagreb"},"content":{"rendered":"<p><strong>Lille\u00a0&#8211; Dinamo Zagreb\u00a0: 4-0<\/strong><\/p>\n<p>Si Nice continue de sombrer en Ligue Europa, avec une cinqui\u00e8me d\u00e9faite en cinq matchs \u00e0 Porto (3-0) et une 36e\u00a0et derni\u00e8re place, Lille, en revanche, a frapp\u00e9 fort \u00e0 domicile\u00a0! Apr\u00e8s deux revers cons\u00e9cutifs en C3, l\u2019\u00e9quipe de Bruno Genesio s\u2019est relanc\u00e9e dans la course \u00e0 la qualification directe en dominant facilement le Dinamo Zagreb 4 \u00e0 0, jeudi au stade Pierre-Mauroy.\u00a0Ragaillardis par leur succ\u00e8s en Ligue\u00a01 contre le Paris FC dimanche (4-2), les Dogues enregistrent un troisi\u00e8me succ\u00e8s en cinq rencontres europ\u00e9ennes.<\/p>\n<p>Pas encore totalement en confiance, Lille a d\u00e9but\u00e9 timidement la rencontre face au Dinamo. Les Croates ont ainsi fait frissonner le public sur une t\u00eate bien plac\u00e9e de Monsef Bakrar, qui a battu le portier lillois Berke Ozer, avant que le but ne soit annul\u00e9 pour une faute de l\u2019attaquant international alg\u00e9rien (8e). Mais mis \u00e0 part cette entame f\u00e9brile, le Losc a sinon surclass\u00e9 le Dinamo, affichant une totale ma\u00eetrise dans le jeu.<\/p>\n<p>Des Lillois tr\u00e8s peu inqui\u00e9t\u00e9s<\/p>\n<p>Longtemps impr\u00e9cis devant les cages adverses et pas totalement sereins devant les leurs, les Lillois ont fait preuve d\u2019une efficacit\u00e9 maximum sur leur premi\u00e8re r\u00e9elle occasion. Sur une phase de transition, Hakon Haraldsson a trouv\u00e9 Felix Correia d\u2019une longue passe lumineuse, le Portugais remportant ensuite son duel contre le gardien croate Ivan Filipovic (1-0, 24e).<\/p>\n<p>L&rsquo;attaquant marocain Hamza Igamane, titulaire pour permettre de reposer Olivier Giroud, auteur d\u2019un doubl\u00e9 contre le PFC, s\u2019est montr\u00e9 d\u00e9cisif peu apr\u00e8s, une nouvelle fois sur une contre-attaque, en servant dans la surface Ngal\u2019ayel Mukau pour le but du break (2-0, 36e).<\/p>\n<p>Plus inqui\u00e9t\u00e9s par un Dinamo apathique, les Dogues ont alourdi le score en seconde p\u00e9riode avec deux buts sign\u00e9s Igamane, r\u00e9compens\u00e9 de son activit\u00e9, sur un nouveau service d\u2019Haraldsson (3-0, 69e), et Benjamin Andr\u00e9 apr\u00e8s un tir d\u2019Ethan Mbapp\u00e9 d\u00e9vi\u00e9 par Filipovic (4-0, 86e). De quoi envisager avec un regain de confiance le d\u00e9placement au\u00a0Havre dimanche en Ligue\u00a01 pour tenter de recoller au podium.<\/p>\n<p><strong>Mi-temps\u00a0:<\/strong> 2-0.<br \/><strong>Arbitre\u00a0:<\/strong> M.\u00a0Beaton.<br \/><strong>Buts\u00a0:<\/strong> F.\u00a0Correia (21e), N.\u00a0Mukau (36e), H.\u00a0Igamane (69e), B.\u00a0Andr\u00e9 (86e).<\/p>\n","protected":false},"excerpt":{"rendered":"Lille\u00a0&#8211; Dinamo Zagreb\u00a0: 4-0 Si Nice continue de sombrer en Ligue Europa, avec une cinqui\u00e8me d\u00e9faite en cinq&hellip;\n","protected":false},"author":2,"featured_media":562988,"comment_status":"","ping_status":"","sticky":false,"template":"","format":"standard","meta":{"footnotes":""},"categories":[2815],"tags":[1111,11,1777,674,63,1011,27,811,5843,1307,74,12,25,60],"class_list":{"0":"post-562987","1":"post","2":"type-post","3":"status-publish","4":"format-standard","5":"has-post-thumbnail","7":"category-lille","8":"tag-actu","9":"tag-actualites","10":"tag-eu","11":"tag-europe","12":"tag-football","13":"tag-fr","14":"tag-france","15":"tag-hauts-de-france","16":"tag-ligue-europa","17":"tag-lille","18":"tag-monde","19":"tag-news","20":"tag-republique-francaise","21":"tag-sports"},"share_on_mastodon":{"url":"https:\/\/pubeurope.com\/@fr\/115623505719383110","error":""},"_links":{"self":[{"href":"https:\/\/www.europesays.com\/fr\/wp-json\/wp\/v2\/posts\/562987","targetHints":{"allow":["GET"]}}],"collection":[{"href":"https:\/\/www.europesays.com\/fr\/wp-json\/wp\/v2\/posts"}],"about":[{"href":"https:\/\/www.europesays.com\/fr\/wp-json\/wp\/v2\/types\/post"}],"author":[{"embeddable":true,"href":"https:\/\/www.europesays.com\/fr\/wp-json\/wp\/v2\/users\/2"}],"replies":[{"embeddable":true,"href":"https:\/\/www.europesays.com\/fr\/wp-json\/wp\/v2\/comments?post=562987"}],"version-history":[{"count":0,"href":"https:\/\/www.europesays.com\/fr\/wp-json\/wp\/v2\/posts\/562987\/revisions"}],"wp:featuredmedia":[{"embeddable":true,"href":"https:\/\/www.europesays.com\/fr\/wp-json\/wp\/v2\/media\/562988"}],"wp:attachment":[{"href":"https:\/\/www.europesays.com\/fr\/wp-json\/wp\/v2\/media?parent=562987"}],"wp:term":[{"taxonomy":"category","embeddable":true,"href":"https:\/\/www.europesays.com\/fr\/wp-json\/wp\/v2\/categories?post=562987"},{"taxonomy":"post_tag","embeddable":true,"href":"https:\/\/www.europesays.com\/fr\/wp-json\/wp\/v2\/tags?post=562987"}],"curies":[{"name":"wp","href":"https:\/\/api.w.org\/{rel}","templated":true}]}}