{"id":562989,"date":"2025-11-27T20:17:13","date_gmt":"2025-11-27T20:17:13","guid":{"rendered":"https:\/\/www.europesays.com\/fr\/562989\/"},"modified":"2025-11-27T20:17:13","modified_gmt":"2025-11-27T20:17:13","slug":"les-confidences-de-marie-anne-chazel-avant-de-jouer-a-marseille","status":"publish","type":"post","link":"https:\/\/www.europesays.com\/fr\/562989\/","title":{"rendered":"les confidences de Marie-Anne Chazel avant de jouer \u00e0 Marseille"},"content":{"rendered":"<p>C\u2019est dans la bonne humeur que nous nous entretenons au t\u00e9l\u00e9phone avec <a href=\"https:\/\/laprovence.com\/article\/sorties-loisirs\/5391040\/sur-scene-marie-anne-chazel-veut-tuer-son-mari-infidele.html\" target=\"_blank\" rel=\"noopener\">Marie-Anne Chazel<\/a>, ravie de retrouver le soleil du Sud pour sa tourn\u00e9e th\u00e9\u00e2trale. Celle qui a grandi \u00e0 Nice et se sent \u00ab\u00a0tr\u00e8s m\u00e9diterran\u00e9enne\u00a0\u00bb joue dans Parle-moi d\u2019amour, une pi\u00e8ce \u00e9crite par Philippe Claudel et mise en sc\u00e8ne par Nicolas Brian\u00e7on, jusqu\u2019au 20\u00a0d\u00e9cembre dans plusieurs villes. Elle forme pour la premi\u00e8re fois un duo avec <a href=\"https:\/\/laprovence.com\/article\/sorties-loisirs\/5954784\/michel-leeb-confine-en-luberon-je-parle-a-mon-tilleul-tricentenaire.html\" target=\"_blank\" rel=\"noopener\">Michel Leeb<\/a> pour cette com\u00e9die du drame et des exc\u00e8s.<\/p>\n<p>Elle incarne avec lui un couple qui se d\u00e9chire dans \u00ab\u00a0un r\u00e8glement de comptes hom\u00e9rique, o\u00f9 l\u2019on se dit des horreurs\u00a0\u00bb. La com\u00e9dienne nous fait quelques confidences avant de venir jouer ce dimanche 30 novembre \u00e0 Marseille.<\/p>\n<p><strong>C\u2019est la premi\u00e8re fois que vous jouez avec Michel Leeb, comment se passe votre duo\u00a0?<\/strong>&#13;\n<\/p>\n<p>On se conna\u00eet depuis longtemps mais on n\u2019avait jamais travaill\u00e9 ensemble. J\u2019ai d\u00e9couvert une personne attentive, un compagnon de jeu agr\u00e9able, toujours de bonne humeur, facile, et en tourn\u00e9e, c\u2019est important d\u2019avoir quelqu\u2019un qui est toujours content\u00a0!<\/p>\n<p><strong>Qu\u2019est-ce qui vous a le plus plu dans cette pi\u00e8ce\u00a0?<\/strong>&#13;\n<\/p>\n<p>L\u2019\u00e9criture de Claudel\u00a0: elle semble simple mais elle est tr\u00e8s sophistiqu\u00e9e, elle est difficile \u00e0 apprendre, le texte est copieu&#8230;<\/p>\n","protected":false},"excerpt":{"rendered":"C\u2019est dans la bonne humeur que nous nous entretenons au t\u00e9l\u00e9phone avec Marie-Anne Chazel, ravie de retrouver le&hellip;\n","protected":false},"author":2,"featured_media":562990,"comment_status":"","ping_status":"","sticky":false,"template":"","format":"standard","meta":{"footnotes":""},"categories":[2814],"tags":[17,1111,11,1102,9260,251,2883,1777,674,1011,27,67910,391,151,884,12,882,25,1810,5851],"class_list":{"0":"post-562989","1":"post","2":"type-post","3":"status-publish","4":"format-standard","5":"has-post-thumbnail","7":"category-marseille","8":"tag-17","9":"tag-actu","10":"tag-actualites","11":"tag-breakingnews","12":"tag-confidences","13":"tag-culture","14":"tag-ete","15":"tag-eu","16":"tag-europe","17":"tag-fr","18":"tag-france","19":"tag-independante","20":"tag-jai","21":"tag-les","22":"tag-marseille","23":"tag-news","24":"tag-provence-alpes-cote-dazur","25":"tag-republique-francaise","26":"tag-toujours","27":"tag-travaille"},"share_on_mastodon":{"url":"https:\/\/pubeurope.com\/@fr\/115623509745669062","error":""},"_links":{"self":[{"href":"https:\/\/www.europesays.com\/fr\/wp-json\/wp\/v2\/posts\/562989","targetHints":{"allow":["GET"]}}],"collection":[{"href":"https:\/\/www.europesays.com\/fr\/wp-json\/wp\/v2\/posts"}],"about":[{"href":"https:\/\/www.europesays.com\/fr\/wp-json\/wp\/v2\/types\/post"}],"author":[{"embeddable":true,"href":"https:\/\/www.europesays.com\/fr\/wp-json\/wp\/v2\/users\/2"}],"replies":[{"embeddable":true,"href":"https:\/\/www.europesays.com\/fr\/wp-json\/wp\/v2\/comments?post=562989"}],"version-history":[{"count":0,"href":"https:\/\/www.europesays.com\/fr\/wp-json\/wp\/v2\/posts\/562989\/revisions"}],"wp:featuredmedia":[{"embeddable":true,"href":"https:\/\/www.europesays.com\/fr\/wp-json\/wp\/v2\/media\/562990"}],"wp:attachment":[{"href":"https:\/\/www.europesays.com\/fr\/wp-json\/wp\/v2\/media?parent=562989"}],"wp:term":[{"taxonomy":"category","embeddable":true,"href":"https:\/\/www.europesays.com\/fr\/wp-json\/wp\/v2\/categories?post=562989"},{"taxonomy":"post_tag","embeddable":true,"href":"https:\/\/www.europesays.com\/fr\/wp-json\/wp\/v2\/tags?post=562989"}],"curies":[{"name":"wp","href":"https:\/\/api.w.org\/{rel}","templated":true}]}}