{"id":562991,"date":"2025-11-27T20:18:26","date_gmt":"2025-11-27T20:18:26","guid":{"rendered":"https:\/\/www.europesays.com\/fr\/562991\/"},"modified":"2025-11-27T20:18:26","modified_gmt":"2025-11-27T20:18:26","slug":"orange-ferme-son-site-jusqua-la-mi-decembre","status":"publish","type":"post","link":"https:\/\/www.europesays.com\/fr\/562991\/","title":{"rendered":"Orange ferme son site jusqu&rsquo;\u00e0 la mi-d\u00e9cembre"},"content":{"rendered":"<p>\u00ab\u00a0Mardi, mercredi et aujourd&rsquo;hui encore, il y a eu des tirs dans le quartier\u00a0\u00bb, souffle une salari\u00e9e d&rsquo;Orange \u00e0 Saint-Mauront, dans le 3e arrondissement de Marseille, pr\u00e9cisant que les employ\u00e9s du site, qui peut compter jusqu&rsquo;\u00e0 un millier de personnes, ont \u00e9t\u00e9 confin\u00e9s \u00e0 chaque fois durant une demi-heure. Contact\u00e9e, la direction d&rsquo;Orange confirme ces mesures prises \u00ab\u00a0par pr\u00e9caution\u00a0\u00bb \u00e0 la suite \u00ab\u00a0de rassemblements inhabituels \u00e0 l&rsquo;ext\u00e9rieur, des attroupements au niveau du m\u00e9tro National\u00a0\u00bb. Et l&rsquo;op\u00e9rateur de relever une \u00ab\u00a0petite mont\u00e9e des tensions dans le quartier\u00a0\u00bb ce jeudi 27 novembre, apr\u00e8s que <a href=\"https:\/\/www.laprovence.com\/article\/faits-divers-justice\/1540536164288214\/un-jeune-homme-de-20-ans-tue-par-balle-cite-bel-horizon-a-marseille\" target=\"_blank\" rel=\"noopener\">des d\u00e9tonations<\/a> ont \u00e9t\u00e9 entendues en fin de matin\u00e9e. Mais dans l&rsquo;apr\u00e8s-midi, la direction d&rsquo;Orange a d\u00e9cid\u00e9 de fermer le site jusqu&rsquo;\u00e0 la mi-d\u00e9cembre.<\/p>\n<p>Aucun signe inhabituel c\u00f4t\u00e9 police<\/p>\n<p>Si les services police ont \u00e9t\u00e9 alert\u00e9s et se sont rendus sur place, aucun \u00e9l\u00e9ment n&rsquo;a permis de confirmer qu&rsquo;il s&rsquo;agissait bien de coups de feu. Mais en milieu d&rsquo;apr\u00e8s-midi, la CFE-CGC, syndicat majoritaire au sein du groupe a publi\u00e9 un communiqu\u00e9 en appelant \u00ab\u00a0au minist\u00e8re de l&rsquo;Int\u00e9rieur\u00a0\u00bb : \u00ab\u00a0Le site d&rsquo;Orange de Saint-Mauront est depuis trois jours au centre d&rsquo;un <a href=\"https:\/\/www.laprovence.com\/article\/societe\/155322860340914\/inquiets-pour-leur-securite-les-travailleurs-sociaux-des-flamants-occupent-brievement-des-locaux-du-departement-a-marseille\" target=\"_blank\" rel=\"noopener\">affrontement entre deux bandes rivales<\/a> cherchant \u00e0 contr&#8230;<\/p>\n","protected":false},"excerpt":{"rendered":"\u00ab\u00a0Mardi, mercredi et aujourd&rsquo;hui encore, il y a eu des tirs dans le quartier\u00a0\u00bb, souffle une salari\u00e9e d&rsquo;Orange&hellip;\n","protected":false},"author":2,"featured_media":562992,"comment_status":"","ping_status":"","sticky":false,"template":"","format":"standard","meta":{"footnotes":""},"categories":[2814],"tags":[17,1111,11,1102,1446,67911,1777,674,274,1011,27,18724,884,12,738,882,5775,25,38632],"class_list":{"0":"post-562991","1":"post","2":"type-post","3":"status-publish","4":"format-standard","5":"has-post-thumbnail","7":"category-marseille","8":"tag-17","9":"tag-actu","10":"tag-actualites","11":"tag-breakingnews","12":"tag-dans","13":"tag-detonations","14":"tag-eu","15":"tag-europe","16":"tag-faits-divers-justice","17":"tag-fr","18":"tag-france","19":"tag-incidents","20":"tag-marseille","21":"tag-news","22":"tag-orange","23":"tag-provence-alpes-cote-dazur","24":"tag-quartier","25":"tag-republique-francaise","26":"tag-saint-mauront"},"share_on_mastodon":{"url":"https:\/\/pubeurope.com\/@fr\/115623513660291317","error":""},"_links":{"self":[{"href":"https:\/\/www.europesays.com\/fr\/wp-json\/wp\/v2\/posts\/562991","targetHints":{"allow":["GET"]}}],"collection":[{"href":"https:\/\/www.europesays.com\/fr\/wp-json\/wp\/v2\/posts"}],"about":[{"href":"https:\/\/www.europesays.com\/fr\/wp-json\/wp\/v2\/types\/post"}],"author":[{"embeddable":true,"href":"https:\/\/www.europesays.com\/fr\/wp-json\/wp\/v2\/users\/2"}],"replies":[{"embeddable":true,"href":"https:\/\/www.europesays.com\/fr\/wp-json\/wp\/v2\/comments?post=562991"}],"version-history":[{"count":0,"href":"https:\/\/www.europesays.com\/fr\/wp-json\/wp\/v2\/posts\/562991\/revisions"}],"wp:featuredmedia":[{"embeddable":true,"href":"https:\/\/www.europesays.com\/fr\/wp-json\/wp\/v2\/media\/562992"}],"wp:attachment":[{"href":"https:\/\/www.europesays.com\/fr\/wp-json\/wp\/v2\/media?parent=562991"}],"wp:term":[{"taxonomy":"category","embeddable":true,"href":"https:\/\/www.europesays.com\/fr\/wp-json\/wp\/v2\/categories?post=562991"},{"taxonomy":"post_tag","embeddable":true,"href":"https:\/\/www.europesays.com\/fr\/wp-json\/wp\/v2\/tags?post=562991"}],"curies":[{"name":"wp","href":"https:\/\/api.w.org\/{rel}","templated":true}]}}