{"id":562994,"date":"2025-11-27T20:20:17","date_gmt":"2025-11-27T20:20:17","guid":{"rendered":"https:\/\/www.europesays.com\/fr\/562994\/"},"modified":"2025-11-27T20:20:17","modified_gmt":"2025-11-27T20:20:17","slug":"lombre-daulas-et-une-bataille-de-petites-phrases-au-sytral","status":"publish","type":"post","link":"https:\/\/www.europesays.com\/fr\/562994\/","title":{"rendered":"l\u2019ombre d\u2019Aulas et une bataille de petites phrases au Sytral"},"content":{"rendered":"<p>Alors que le candidat\u00a0<a href=\"https:\/\/www.leprogres.fr\/p\/jean-michel-aulas\" target=\"_blank\" rel=\"noopener\">Jean-Michel Aulas<\/a> demande un audit ind\u00e9pendant sur \u00ab\u00a0l\u2019ensemble du mandat\u00a0\u00bb des \u00e9cologistes \u00e0 la Ville et \u00e0 la M\u00e9tropole, Matthieu Vieira\u00a0membre \u00e9cologiste du bureau ex\u00e9cutif de Sytral mobilit\u00e9s, autorit\u00e9 organisatrice des transports en commun, a r\u00e9pondu \u00e0 son adversaire politique.<\/p>\n<p>\u00ab\u00a0A l\u2019heure o\u00f9 il y en a qui, dans le bruit d\u2019une campagne \u00e9lectorale \u00e0 venir, r\u00e9clament des audits, on travaille\u00a0\u00bb a-t-il mis en avant, pointant les 522 pages de documents et rapports du&#8230;<\/p>\n","protected":false},"excerpt":{"rendered":"Alors que le candidat\u00a0Jean-Michel Aulas demande un audit ind\u00e9pendant sur \u00ab\u00a0l\u2019ensemble du mandat\u00a0\u00bb des \u00e9cologistes \u00e0 la Ville&hellip;\n","protected":false},"author":2,"featured_media":562995,"comment_status":"","ping_status":"","sticky":false,"template":"","format":"standard","meta":{"footnotes":""},"categories":[1889],"tags":[1111,11,2430,3542,2757,36284,1777,674,107,1011,27,2428,2756,12,316,25,2429,10213,2803],"class_list":{"0":"post-562994","1":"post","2":"type-post","3":"status-publish","4":"format-standard","5":"has-post-thumbnail","7":"category-lyon","8":"tag-actu","9":"tag-actualites","10":"tag-auvergne-rhone-alpes","11":"tag-circulation","12":"tag-edition-lyon-villeurbanne","13":"tag-elections-metropolitaines","14":"tag-eu","15":"tag-europe","16":"tag-fil-info","17":"tag-fr","18":"tag-france","19":"tag-lyon","20":"tag-lyon-bassin","21":"tag-news","22":"tag-politique","23":"tag-republique-francaise","24":"tag-rhone","25":"tag-tcl","26":"tag-transport"},"share_on_mastodon":{"url":"https:\/\/pubeurope.com\/@fr\/115623521343774519","error":""},"_links":{"self":[{"href":"https:\/\/www.europesays.com\/fr\/wp-json\/wp\/v2\/posts\/562994","targetHints":{"allow":["GET"]}}],"collection":[{"href":"https:\/\/www.europesays.com\/fr\/wp-json\/wp\/v2\/posts"}],"about":[{"href":"https:\/\/www.europesays.com\/fr\/wp-json\/wp\/v2\/types\/post"}],"author":[{"embeddable":true,"href":"https:\/\/www.europesays.com\/fr\/wp-json\/wp\/v2\/users\/2"}],"replies":[{"embeddable":true,"href":"https:\/\/www.europesays.com\/fr\/wp-json\/wp\/v2\/comments?post=562994"}],"version-history":[{"count":0,"href":"https:\/\/www.europesays.com\/fr\/wp-json\/wp\/v2\/posts\/562994\/revisions"}],"wp:featuredmedia":[{"embeddable":true,"href":"https:\/\/www.europesays.com\/fr\/wp-json\/wp\/v2\/media\/562995"}],"wp:attachment":[{"href":"https:\/\/www.europesays.com\/fr\/wp-json\/wp\/v2\/media?parent=562994"}],"wp:term":[{"taxonomy":"category","embeddable":true,"href":"https:\/\/www.europesays.com\/fr\/wp-json\/wp\/v2\/categories?post=562994"},{"taxonomy":"post_tag","embeddable":true,"href":"https:\/\/www.europesays.com\/fr\/wp-json\/wp\/v2\/tags?post=562994"}],"curies":[{"name":"wp","href":"https:\/\/api.w.org\/{rel}","templated":true}]}}