{"id":562998,"date":"2025-11-27T20:23:16","date_gmt":"2025-11-27T20:23:16","guid":{"rendered":"https:\/\/www.europesays.com\/fr\/562998\/"},"modified":"2025-11-27T20:23:16","modified_gmt":"2025-11-27T20:23:16","slug":"poutine-refuse-tout-accord-avec-zelensky","status":"publish","type":"post","link":"https:\/\/www.europesays.com\/fr\/562998\/","title":{"rendered":"Poutine refuse tout accord avec Zelensky"},"content":{"rendered":"<p>                     <img loading=\"lazy\" decoding=\"async\" src=\"https:\/\/www.europesays.com\/fr\/wp-content\/uploads\/2025\/11\/25e52a1_ftp-import-images-1-1198xtapyjup-2025-11-27t145104z-1263230216-rc225iabcvic-rtrmadp-3-ukrain.jpeg\" alt=\"Le pr\u00e9sident russe, Vladimir Poutine, \u00e0 Bichkek, au Kirghizistan, le 27\u00a0novembre 2025.\"   width=\"664\" height=\"443\"\/>    Le pr\u00e9sident russe, Vladimir Poutine, \u00e0 Bichkek, au Kirghizistan, le 27\u00a0novembre 2025.  ALEXANDER KAZAKOV\/VIA REUTERS                 <\/p>\n<p class=\"article__paragraph  \">En amont de la visite \u00e0 Moscou de Steve Witkoff, l\u2019\u00e9missaire de la Maison Blanche, Vladimir Poutine a pr\u00e9venu\u00a0: il ne signera aucun accord de paix avec \u00ab\u00a0les autorit\u00e9s ill\u00e9gitimes\u00a0\u00bb de Kiev. Le chef du Kremlin a confirm\u00e9 la venue la semaine prochaine de M. Witkoff, l\u2019homme de confiance du pr\u00e9sident am\u00e9ricain derri\u00e8re les 28 points de la premi\u00e8re mouture du \u00ab\u00a0plan de paix\u00a0\u00bb avec l\u2019Ukraine. Mais M. Poutine n\u2019a pas donn\u00e9 de d\u00e9tails sur d\u2019\u00e9ventuelles propositions russes pour rapprocher ce projet d\u2019accord, largement calqu\u00e9 sur les exigences maximalistes de Moscou, de celui en 19 points propos\u00e9 par l\u2019Union europ\u00e9enne apr\u00e8s consultations avec la partie ukrainienne.<\/p>\n<p>   Lire plus tard  <\/p>\n<p class=\"article__paragraph  \">Une chose est s\u00fbre\u00a0: M.\u00a0Poutine refuse d\u2019ores et d\u00e9j\u00e0 tout document sign\u00e9 par le pr\u00e9sident ukrainien, <a href=\"https:\/\/www.lemonde.fr\/volodymyr-zelensky\/\" target=\"_blank\" rel=\"noopener\">Volodymyr Zelensky<\/a>. Il a fait ressurgir un vieil argument de la diplomatie russe qui semblait pourtant avoir \u00e9t\u00e9 \u00e9cart\u00e9, ces derni\u00e8res semaines, pour accro\u00eetre les chances de paix. Moscou consid\u00e8re Volodymyr Zelensky comme \u00ab\u00a0ill\u00e9gitime\u00a0\u00bb \u00e0 cause du report, sine die, de l\u2019\u00e9lection pr\u00e9sidentielle ukrainienne de 2024, repouss\u00e9e pour cause de guerre. \u00ab\u00a0Parvenir \u00e0 un accord avec l\u2019Ukraine est d\u00e9sormais juridiquement impossible, a insist\u00e9 M.\u00a0Poutine, en d\u00e9placement jeudi \u00e0 Bichkek, la capitale du Kirghizistan. Nous avons besoin d\u2019une reconnaissance internationale, mais pas de la part de l\u2019Ukraine.\u00a0\u00bb<\/p>\n<p class=\"reading-mode-only \"><strong>Il vous reste 60.02% de cet article \u00e0 lire. La suite est r\u00e9serv\u00e9e aux abonn\u00e9s.<\/strong><\/p>\n","protected":false},"excerpt":{"rendered":"Le pr\u00e9sident russe, Vladimir Poutine, \u00e0 Bichkek, au Kirghizistan, le 27\u00a0novembre 2025. ALEXANDER KAZAKOV\/VIA REUTERS En amont de&hellip;\n","protected":false},"author":2,"featured_media":562999,"comment_status":"","ping_status":"","sticky":false,"template":"","format":"standard","meta":{"footnotes":""},"categories":[1888],"tags":[1111,1928,11,1927,1777,674,1011,27,12,1926,626,1925,25],"class_list":{"0":"post-562998","1":"post","2":"type-post","3":"status-publish","4":"format-standard","5":"has-post-thumbnail","7":"category-paris","8":"tag-actu","9":"tag-actu-paris","10":"tag-actualites","11":"tag-actualites-paris","12":"tag-eu","13":"tag-europe","14":"tag-fr","15":"tag-france","16":"tag-news","17":"tag-news-paris","18":"tag-paris","19":"tag-paris-news","20":"tag-republique-francaise"},"share_on_mastodon":{"url":"https:\/\/pubeurope.com\/@fr\/115623534340165176","error":""},"_links":{"self":[{"href":"https:\/\/www.europesays.com\/fr\/wp-json\/wp\/v2\/posts\/562998","targetHints":{"allow":["GET"]}}],"collection":[{"href":"https:\/\/www.europesays.com\/fr\/wp-json\/wp\/v2\/posts"}],"about":[{"href":"https:\/\/www.europesays.com\/fr\/wp-json\/wp\/v2\/types\/post"}],"author":[{"embeddable":true,"href":"https:\/\/www.europesays.com\/fr\/wp-json\/wp\/v2\/users\/2"}],"replies":[{"embeddable":true,"href":"https:\/\/www.europesays.com\/fr\/wp-json\/wp\/v2\/comments?post=562998"}],"version-history":[{"count":0,"href":"https:\/\/www.europesays.com\/fr\/wp-json\/wp\/v2\/posts\/562998\/revisions"}],"wp:featuredmedia":[{"embeddable":true,"href":"https:\/\/www.europesays.com\/fr\/wp-json\/wp\/v2\/media\/562999"}],"wp:attachment":[{"href":"https:\/\/www.europesays.com\/fr\/wp-json\/wp\/v2\/media?parent=562998"}],"wp:term":[{"taxonomy":"category","embeddable":true,"href":"https:\/\/www.europesays.com\/fr\/wp-json\/wp\/v2\/categories?post=562998"},{"taxonomy":"post_tag","embeddable":true,"href":"https:\/\/www.europesays.com\/fr\/wp-json\/wp\/v2\/tags?post=562998"}],"curies":[{"name":"wp","href":"https:\/\/api.w.org\/{rel}","templated":true}]}}