{"id":563004,"date":"2025-11-27T20:26:28","date_gmt":"2025-11-27T20:26:28","guid":{"rendered":"https:\/\/www.europesays.com\/fr\/563004\/"},"modified":"2025-11-27T20:26:28","modified_gmt":"2025-11-27T20:26:28","slug":"le-forfait-navigo-mensuel-devrait-encore-augmenter-en-janvier","status":"publish","type":"post","link":"https:\/\/www.europesays.com\/fr\/563004\/","title":{"rendered":"le forfait Navigo mensuel devrait encore augmenter en janvier"},"content":{"rendered":"<p>                    Par<br \/>\n        <strong><br \/>\n            <a href=\"https:\/\/actu.fr\/auteur\/redaction-paris\" title=\"Consulter tous les articles de R\u00e9daction Paris\" target=\"_blank\" rel=\"noopener\">R\u00e9daction Paris<\/a><br \/>\n                    <\/strong><\/p>\n<p>        Publi\u00e9 le<\/p>\n<p>            27 nov. 2025 \u00e0 20h16        <\/p>\n<p>\u00cele-de-France Mobilit\u00e9s (IDFM) propose une augmentation de 2 euros du prix du passe Navigo mensuel, <a href=\"https:\/\/actu.fr\/ile-de-france\/paris_75056\/transports-en-ile-de-france-le-cout-du-pass-navigo-2026-devrait-franchir-une-barre-symbolique_63308365.html\" target=\"_blank\" rel=\"noopener\">qui atteindra ainsi 90,80 euros \u00e0 partir de janvier 2026<\/a>, a indiqu\u00e9 l\u2019autorit\u00e9 organisatrice des transports dans la r\u00e9gion francilienne, jeudi 27 novembre 2025. <strong>La hausse sera donc de 2,30 %<\/strong> et devra d\u2019abord \u00eatre valid\u00e9e par le conseil d\u2019administration d\u2019IDFM le 10 d\u00e9cembre, ce qui est g\u00e9n\u00e9ralement le cas.<\/p>\n<p>\u00ab\u00a0Un bouclier tarifaire\u00a0\u00bb pour limiter la hausse<\/p>\n<p class=\" wall-content\">Le ticket \u00e0 l\u2019unit\u00e9, pour le m\u00e9tro, le train et le RER, passera \u00e0 2,55 euros, contre 2,50 jusqu\u2019\u00e0 pr\u00e9sent. Si on l\u2019ach\u00e8te via la carte <strong>Navigo Libert\u00e9 +, le prix sera de 2,04 euros<\/strong> (contre 1,99 aujourd\u2019hui). Le Navigo annuel toutes zones passera au prix de 998,80 euros, contre 976,80 euros actuellement. \u00ab\u00a0Conform\u00e9ment \u00e0 l\u2019engagement\u00a0\u00bb pris en 2023 par Val\u00e9rie P\u00e9cresse, pr\u00e9sidente de la R\u00e9gion et du conseil d\u2019administration de IDFM, \u00ab\u00a0un bouclier tarifaire qui limite la hausse du passe Navigo a \u00e9t\u00e9 mis en place\u00a0\u00bb, avec une hausse du prix qui ne peut pas d\u00e9passer l\u2019inflation plus 1%, indique le communiqu\u00e9 de IDFM.<\/p>\n<p class=\" wall-content\">Le r\u00e9seau de transports publics en \u00cele-de-France \u00ab\u00a0s\u2019agrandit et se modernise\u00a0\u00bb (prolongement du RER E, des lignes 4, 11, 12 et 14 du m\u00e9tro, nouvelles lignes de tramway ou prolongement etc.), ce qui repr\u00e9sente \u00ab\u00a0un co\u00fbt important\u00a0\u00bb, ajoute IDFM. Car \u00ab\u00a0l\u2019augmentation de la taille du r\u00e9seau induit une hausse des co\u00fbts d\u2019exploitation et de fonctionnement\u00a0\u00bb. \u00ab\u00a0L\u2019objectif, pour Ile-de-France Mobilit\u00e9s, est de r\u00e9partir\u00a0\u00bb cette hausse \u00ab\u00a0sur l\u2019ensemble des acteurs\u00a0\u00bb, tels que l\u2019Etat, les collectivit\u00e9s, les entreprises et les usagers \u00ab\u00a0de mani\u00e8re \u00e9quitable\u00a0\u00bb. Les employeurs payent de 50 \u00e0 100% du Navigo de leurs salari\u00e9s. \u00ab\u00a0Sans les contributions des collectivit\u00e9s et des entreprises, le vrai prix du passe Navigo (mensuel) <strong>serait de 280 euros<\/strong>\u00ab\u00a0, selon IDFM.<\/p>\n<p class=\" wall-content\">Avec AFP\u00a0<\/p>\n<p class=\" wall-content\">Personnalisez votre actualit\u00e9 en ajoutant vos villes et m\u00e9dias en favori avec <a href=\"https:\/\/moncompte.actu.fr\" title=\"D\u00e9couvez Mon Actu\" rel=\"nofollow noopener\" data-trk=\"{&quot;cta&quot;:{&quot;action&quot;:&quot;https:\\\/\\\/moncompte.actu.fr&quot;,&quot;category&quot;:&quot;mon compte&quot;,&quot;from&quot;:&quot;article footer&quot;,&quot;name&quot;:&quot;Mon actu&quot;,&quot;type&quot;:&quot;cta&quot;}}\" target=\"_blank\">Mon Actu<\/a>.<\/p>\n","protected":false},"excerpt":{"rendered":"Par R\u00e9daction Paris Publi\u00e9 le 27 nov. 2025 \u00e0 20h16 \u00cele-de-France Mobilit\u00e9s (IDFM) propose une augmentation de 2&hellip;\n","protected":false},"author":2,"featured_media":563005,"comment_status":"","ping_status":"","sticky":false,"template":"","format":"standard","meta":{"footnotes":""},"categories":[1888],"tags":[11,1777,674,1011,27,10883,12,626,14377,25,104],"class_list":{"0":"post-563004","1":"post","2":"type-post","3":"status-publish","4":"format-standard","5":"has-post-thumbnail","7":"category-paris","8":"tag-actualites","9":"tag-eu","10":"tag-europe","11":"tag-fr","12":"tag-france","13":"tag-ile-de-france-mobilites","14":"tag-news","15":"tag-paris","16":"tag-pass-navigo","17":"tag-republique-francaise","18":"tag-societe"},"share_on_mastodon":{"url":"https:\/\/pubeurope.com\/@fr\/115623545174872257","error":""},"_links":{"self":[{"href":"https:\/\/www.europesays.com\/fr\/wp-json\/wp\/v2\/posts\/563004","targetHints":{"allow":["GET"]}}],"collection":[{"href":"https:\/\/www.europesays.com\/fr\/wp-json\/wp\/v2\/posts"}],"about":[{"href":"https:\/\/www.europesays.com\/fr\/wp-json\/wp\/v2\/types\/post"}],"author":[{"embeddable":true,"href":"https:\/\/www.europesays.com\/fr\/wp-json\/wp\/v2\/users\/2"}],"replies":[{"embeddable":true,"href":"https:\/\/www.europesays.com\/fr\/wp-json\/wp\/v2\/comments?post=563004"}],"version-history":[{"count":0,"href":"https:\/\/www.europesays.com\/fr\/wp-json\/wp\/v2\/posts\/563004\/revisions"}],"wp:featuredmedia":[{"embeddable":true,"href":"https:\/\/www.europesays.com\/fr\/wp-json\/wp\/v2\/media\/563005"}],"wp:attachment":[{"href":"https:\/\/www.europesays.com\/fr\/wp-json\/wp\/v2\/media?parent=563004"}],"wp:term":[{"taxonomy":"category","embeddable":true,"href":"https:\/\/www.europesays.com\/fr\/wp-json\/wp\/v2\/categories?post=563004"},{"taxonomy":"post_tag","embeddable":true,"href":"https:\/\/www.europesays.com\/fr\/wp-json\/wp\/v2\/tags?post=563004"}],"curies":[{"name":"wp","href":"https:\/\/api.w.org\/{rel}","templated":true}]}}