{"id":563006,"date":"2025-11-27T20:27:14","date_gmt":"2025-11-27T20:27:14","guid":{"rendered":"https:\/\/www.europesays.com\/fr\/563006\/"},"modified":"2025-11-27T20:27:14","modified_gmt":"2025-11-27T20:27:14","slug":"russie-vladimir-poutine-assure-quil-cessera-les-hostilites-si-lukraine-se-retire","status":"publish","type":"post","link":"https:\/\/www.europesays.com\/fr\/563006\/","title":{"rendered":"Russie: Vladimir Poutine assure qu&rsquo;il \u00abcessera les hostilit\u00e9s\u00bb si l&rsquo;Ukraine se retire"},"content":{"rendered":"<p class=\"mb-4 text-lg md:leading-8 break-words\">\u00ab\u00a0Si les troupes ukrainiennes quittent les territoires occup\u00e9s, nous cesserons les hostilit\u00e9s. Si elles ne partent pas, nous les chasserons par la force militaire\u00a0\u00bb, a d\u00e9clar\u00e9 Vladimir Poutine lors d&rsquo;une conf\u00e9rence de presse \u00e0 Bichkek, au Kirghizstan. Le pr\u00e9sident <strong><a href=\"https:\/\/www.rfi.fr\/fr\/tag\/russie\/\" rel=\"nofollow noopener\" target=\"_blank\" data-ylk=\"slk:russe;elm:context_link;itc:0;sec:content-canvas\" class=\"link \">russe<\/a><\/strong> n&rsquo;a pas pr\u00e9cis\u00e9 s&rsquo;il parlait uniquement des r\u00e9gions de Donetsk et de Lougansk, dans l&rsquo;est de <strong><a href=\"https:\/\/www.rfi.fr\/fr\/tag\/ukraine\/\" rel=\"nofollow noopener\" target=\"_blank\" data-ylk=\"slk:l&#039;Ukraine;elm:context_link;itc:0;sec:content-canvas\" class=\"link \">l&rsquo;Ukraine<\/a><\/strong>, vues comme cibles prioritaires par le Kremlin, ou \u00e9galement de celles de Kherson et Zaporijjia dans le sud.<\/p>\n<p class=\"mb-4 text-lg md:leading-8 break-words\">La Russie avait revendiqu\u00e9 en septembre 2022 l&rsquo;annexion de ces quatre territoires qu&rsquo;elle ne contr\u00f4le pas enti\u00e8rement. La cession par Kiev \u00e0 Moscou des r\u00e9gions de Donetsk et de Lougansk figuraient dans le plan originel en 28 points des \u00c9tats-Unis, mais ce texte a \u00e9t\u00e9 consid\u00e9rablement amend\u00e9 par l&rsquo;Ukraine.<\/p>\n<p class=\"mb-4 text-lg md:leading-8 break-words\">Cette nouvelle mouture n&rsquo;a pas \u00e9t\u00e9 d\u00e9voil\u00e9e mais elle ne contient plus de conditions maximalistes et n&rsquo;offre pas de solution concernant les territoires occup\u00e9s, selon des sources interrog\u00e9es \u00e0 Kiev par l&rsquo;AFP. L&rsquo;\u00e9missaire am\u00e9ricain <strong><a href=\"https:\/\/fr.news.yahoo.com\/ukraine-steve-witkoff-aurait-conseill%C3%A9-110124682.html\" data-ylk=\"slk:Steve Witkoff;elm:context_link;itc:0;sec:content-canvas;outcm:mb_qualified_link;_E:mb_qualified_link;ct:story;\" class=\"link  yahoo-link\" target=\"_blank\" rel=\"noopener\">Steve Witkoff<\/a><\/strong> est attendu la semaine prochaine \u00e0 Moscou pour \u00e9voquer ce plan am\u00e9ricain avec les responsables russes.<\/p>\n<p class=\"mb-4 text-lg md:leading-8 break-words\">Le chef de la pr\u00e9sidence ukrainienne, Andri\u00ef Iermak, a de son c\u00f4t\u00e9 annonc\u00e9 jeudi sur Telegram que le \u00ab\u00a0travail conjoint des d\u00e9l\u00e9gations ukrainienne et am\u00e9ricaine\u00a0\u00bb sur le plan se poursuivra \u00ab\u00a0\u00e0 la fin de cette semaine\u00a0\u00bb.<\/p>\n<p>La reconnaissance du Donbass et de la Crim\u00e9e,\u00a0l&rsquo;un des \u00ab\u00a0points cl\u00e9s\u00a0\u00bb des n\u00e9gociations avec Washington<\/p>\n<p class=\"mb-4 text-lg md:leading-8 break-words\"><strong><a href=\"https:\/\/www.rfi.fr\/fr\/tag\/vladimir-poutine\/\" rel=\"nofollow noopener\" target=\"_blank\" data-ylk=\"slk:Vladimir Poutine;elm:context_link;itc:0;sec:content-canvas\" class=\"link \">Vladimir Poutine<\/a><\/strong> a r\u00e9p\u00e9t\u00e9 jeudi que le plan am\u00e9ricain pouvait \u00ab\u00a0servir de base \u00e0 de futurs accords\u00a0\u00bb entre Moscou et Kiev. Selon lui, l&rsquo;un des \u00ab\u00a0points cl\u00e9s\u00a0\u00bb des n\u00e9gociations avec Washington sera la reconnaissance du Donbass et de la Crim\u00e9e, annex\u00e9e en 2014, comme territoires russes. \u00ab\u00a0Nous avons besoin d&rsquo;une reconnaissance (internationale), mais pas de la part de l&rsquo;Ukraine\u00a0\u00bb, a-t-il ajout\u00e9, mettant une nouvelle fois en doute la l\u00e9gitimit\u00e9 de son homologue ukrainien Volodymyr Zelensky.<\/p>\n<p class=\"mb-4 text-lg md:leading-8 break-words\">Vladimir Poutine a aussi r\u00e9p\u00e9t\u00e9 que son pays n&rsquo;avait aucune intention d&rsquo;attaquer l&rsquo;Union europ\u00e9enne, mais a indiqu\u00e9 que Moscou a \u00e9labor\u00e9 des \u00ab\u00a0mesures de r\u00e9torsion\u00a0\u00bb \u00e9conomiques en cas de saisie des avoirs russes gel\u00e9s.<\/p>\n<p class=\"mb-4 text-lg md:leading-8 break-words\">\u00c0 lire aussi<a href=\"https:\/\/fr.news.yahoo.com\/plan-paix-trump-pays-baltes-062100471.html\" class=\"link  yahoo-link\" data-ylk=\"slk:Plan de paix de Trump: les pays baltes restent convaincus des intentions belliqueuses de Moscou;elm:context_link;itc:0;sec:content-canvas;outcm:mb_qualified_link;_E:mb_qualified_link;ct:story;\" target=\"_blank\" rel=\"noopener\">Plan de paix de Trump: les pays baltes restent convaincus des intentions belliqueuses de Moscou<\/a><\/p>\n","protected":false},"excerpt":{"rendered":"\u00ab\u00a0Si les troupes ukrainiennes quittent les territoires occup\u00e9s, nous cesserons les hostilit\u00e9s. Si elles ne partent pas, nous&hellip;\n","protected":false},"author":2,"featured_media":563007,"comment_status":"","ping_status":"","sticky":false,"template":"","format":"standard","meta":{"footnotes":""},"categories":[1591],"tags":[11,1153,1887,11229,5493,1916,12,1885,1886,132,135],"class_list":{"0":"post-563006","1":"post","2":"type-post","3":"status-publish","4":"format-standard","5":"has-post-thumbnail","7":"category-russie","8":"tag-actualites","9":"tag-conference-de-presse","10":"tag-federation-de-russie","11":"tag-kiev","12":"tag-lukraine","13":"tag-moscou","14":"tag-news","15":"tag-russia","16":"tag-russian-federation","17":"tag-russie","18":"tag-vladimir-poutine"},"share_on_mastodon":{"url":"https:\/\/pubeurope.com\/@fr\/115623549031412105","error":""},"_links":{"self":[{"href":"https:\/\/www.europesays.com\/fr\/wp-json\/wp\/v2\/posts\/563006","targetHints":{"allow":["GET"]}}],"collection":[{"href":"https:\/\/www.europesays.com\/fr\/wp-json\/wp\/v2\/posts"}],"about":[{"href":"https:\/\/www.europesays.com\/fr\/wp-json\/wp\/v2\/types\/post"}],"author":[{"embeddable":true,"href":"https:\/\/www.europesays.com\/fr\/wp-json\/wp\/v2\/users\/2"}],"replies":[{"embeddable":true,"href":"https:\/\/www.europesays.com\/fr\/wp-json\/wp\/v2\/comments?post=563006"}],"version-history":[{"count":0,"href":"https:\/\/www.europesays.com\/fr\/wp-json\/wp\/v2\/posts\/563006\/revisions"}],"wp:featuredmedia":[{"embeddable":true,"href":"https:\/\/www.europesays.com\/fr\/wp-json\/wp\/v2\/media\/563007"}],"wp:attachment":[{"href":"https:\/\/www.europesays.com\/fr\/wp-json\/wp\/v2\/media?parent=563006"}],"wp:term":[{"taxonomy":"category","embeddable":true,"href":"https:\/\/www.europesays.com\/fr\/wp-json\/wp\/v2\/categories?post=563006"},{"taxonomy":"post_tag","embeddable":true,"href":"https:\/\/www.europesays.com\/fr\/wp-json\/wp\/v2\/tags?post=563006"}],"curies":[{"name":"wp","href":"https:\/\/api.w.org\/{rel}","templated":true}]}}