{"id":563010,"date":"2025-11-27T20:29:20","date_gmt":"2025-11-27T20:29:20","guid":{"rendered":"https:\/\/www.europesays.com\/fr\/563010\/"},"modified":"2025-11-27T20:29:20","modified_gmt":"2025-11-27T20:29:20","slug":"a-bruxelles-les-etats-unis-troquent-lacier-contre-le-numerique","status":"publish","type":"post","link":"https:\/\/www.europesays.com\/fr\/563010\/","title":{"rendered":"\u00c0 Bruxelles, les \u00c9tats-Unis troquent l\u2019acier contre le num\u00e9rique"},"content":{"rendered":"<p>Noy\u00e9e par le pataqu\u00e8s du plan de paix poutino-trumpien sur l&rsquo;Ukraine, <a class=\"Link\" href=\"https:\/\/www.lepoint.fr\/monde\/qui-est-howard-lutnick-le-tariff-man-de-trump-nomme-au-commerce-20-11-2024-2575791_24.php\" title=\"\" data-gtm=\"click:capsule\" data-capsule=\"Lien\" target=\"_blank\" rel=\"noopener\">la visite d&rsquo;Howard Lutnick<\/a> \u00e0 Bruxelles, lundi 24\u00a0novembre, est presque pass\u00e9e inaper\u00e7ue. Le secr\u00e9taire au Commerce am\u00e9ricain n&rsquo;y est pourtant pas all\u00e9 par quatre chemins lors de la conf\u00e9rence de presse qui a suivi le conseil des ministres europ\u00e9ens du Commerce, dont il \u00e9tait la \u00ab\u00a0guest-star\u00a0\u00bb. \u00ab\u00a0Si l&rsquo;Union europ\u00e9enne trouve un \u00e9quilibre dans ses r\u00e8gles digitales, alors nous traiterons ensemble les questions d&rsquo;acier et d&rsquo;aluminium\u00a0\u00bb, a-t-il lanc\u00e9.<\/p>\n<p>Le message a le m\u00e9rite de la clart\u00e9\u00a0: Washington demande \u00e0 l&rsquo;Union europ\u00e9enne (UE)\u00a0d&rsquo;assouplir ses deux textes phares, le DMA (<a class=\"Link\" href=\"https:\/\/www.lepoint.fr\/high-tech-internet\/pourquoi-google-maps-n-apparait-plus-dans-les-resultats-de-recherche-google-06-03-2024-2554390_47.php\" title=\"\" data-gtm=\"click:capsule\" data-capsule=\"Lien\" target=\"_blank\" rel=\"noopener\">Digital Markets Act, r\u00e9gulation des grandes plateformes<\/a>) et le DSA (<a class=\"Link\" href=\"https:\/\/www.lepoint.fr\/monde\/dsa-un-texte-aux-progres-encore-trop-timides-21-01-2022-2461466_24.php\" title=\"\" data-gtm=\"click:capsule\" data-capsule=\"Lien\" target=\"_blank\" rel=\"noopener\">r\u00e9gulation des contenus num\u00e9riques<\/a>). En \u00e9change, les \u00c9tats-Unis baisseraient les d&#8230;<\/p>\n<p>Toute l\u2019actualit\u00e9 \u00e0 1\u20ac le premier mois<\/p>\n<p><a href=\"https:\/\/abo.lepoint.fr\/?provenance=21EDI020098\" class=\"btn\" title=\"S&#039;abonner\" data-gtm=\"click:abo|display:abo\" data-campaign=\"paywall_maison\" target=\"_blank\" rel=\"noopener\">S&rsquo;abonner<\/a><\/p>\n<p>ou<\/p>\n","protected":false},"excerpt":{"rendered":"Noy\u00e9e par le pataqu\u00e8s du plan de paix poutino-trumpien sur l&rsquo;Ukraine, la visite d&rsquo;Howard Lutnick \u00e0 Bruxelles, lundi&hellip;\n","protected":false},"author":2,"featured_media":563011,"comment_status":"","ping_status":"","sticky":false,"template":"","format":"standard","meta":{"footnotes":""},"categories":[1589],"tags":[11,73,1866,223,12,8552,364,1864,1865,1863,308],"class_list":{"0":"post-563010","1":"post","2":"type-post","3":"status-publish","4":"format-standard","5":"has-post-thumbnail","7":"category-etats-unis","8":"tag-actualites","9":"tag-etats-unis","10":"tag-etats-unis-damerique","11":"tag-intelligence-artificielle","12":"tag-news","13":"tag-parlement-europeen","14":"tag-union-europeenne","15":"tag-united-states","16":"tag-united-states-of-america","17":"tag-us","18":"tag-usa"},"share_on_mastodon":{"url":"https:\/\/pubeurope.com\/@fr\/115623556899751528","error":""},"_links":{"self":[{"href":"https:\/\/www.europesays.com\/fr\/wp-json\/wp\/v2\/posts\/563010","targetHints":{"allow":["GET"]}}],"collection":[{"href":"https:\/\/www.europesays.com\/fr\/wp-json\/wp\/v2\/posts"}],"about":[{"href":"https:\/\/www.europesays.com\/fr\/wp-json\/wp\/v2\/types\/post"}],"author":[{"embeddable":true,"href":"https:\/\/www.europesays.com\/fr\/wp-json\/wp\/v2\/users\/2"}],"replies":[{"embeddable":true,"href":"https:\/\/www.europesays.com\/fr\/wp-json\/wp\/v2\/comments?post=563010"}],"version-history":[{"count":0,"href":"https:\/\/www.europesays.com\/fr\/wp-json\/wp\/v2\/posts\/563010\/revisions"}],"wp:featuredmedia":[{"embeddable":true,"href":"https:\/\/www.europesays.com\/fr\/wp-json\/wp\/v2\/media\/563011"}],"wp:attachment":[{"href":"https:\/\/www.europesays.com\/fr\/wp-json\/wp\/v2\/media?parent=563010"}],"wp:term":[{"taxonomy":"category","embeddable":true,"href":"https:\/\/www.europesays.com\/fr\/wp-json\/wp\/v2\/categories?post=563010"},{"taxonomy":"post_tag","embeddable":true,"href":"https:\/\/www.europesays.com\/fr\/wp-json\/wp\/v2\/tags?post=563010"}],"curies":[{"name":"wp","href":"https:\/\/api.w.org\/{rel}","templated":true}]}}