{"id":563018,"date":"2025-11-27T20:35:16","date_gmt":"2025-11-27T20:35:16","guid":{"rendered":"https:\/\/www.europesays.com\/fr\/563018\/"},"modified":"2025-11-27T20:35:16","modified_gmt":"2025-11-27T20:35:16","slug":"lue-pourrait-pousser-apple-a-reprendre-son-projet-de-surveillance-des-contenus-pedopornographiques","status":"publish","type":"post","link":"https:\/\/www.europesays.com\/fr\/563018\/","title":{"rendered":"L\u2019UE pourrait pousser Apple \u00e0 reprendre son projet de surveillance des contenus p\u00e9dopornographiques"},"content":{"rendered":"<p>Il y a maintenant quelques ann\u00e9es, en 2021, Apple annon\u00e7ait l\u2019implantation \u00e0 venir d\u2019un syst\u00e8me de d\u00e9tection des contenus p\u00e9dopornographiques, autrement appel\u00e9s CSAM chez les anglo-saxons (pour Child Sexual Abuse Material), avant de revenir sur sa d\u00e9cision suite au toll\u00e9 provoqu\u00e9 par les d\u00e9fenseurs de la vie priv\u00e9e, y voyant une atteinte majeure \u00e0 celle-ci. Quatre ans plus tard, il est possible qu\u2019Apple doive revenir \u00e0 cette solution, \u00e0 la demande de l\u2019Union europ\u00e9enne.<\/p>\n<p><img decoding=\"async\" loading=\"lazy\" src=\"https:\/\/www.europesays.com\/fr\/wp-content\/uploads\/2025\/11\/mg-210fa3a0-w2560-w828-w1300.jpg\"   data-jslghtbx=\"https:\/\/cdn.mgig.fr\/2025\/11\/mg-210fa3a0-w2560.jpg\"\/>Le Conseil de l\u2019Europe. Image Wikipedia, CC BY 3.0.<\/p>\n<p>L\u2019affaire avait fait grand bruit \u00e0 l\u2019\u00e9poque : afin de pr\u00e9venir l\u2019utilisation de m\u00e9dias, que ce soit images, vid\u00e9os ou autres pouvant pr\u00e9senter des abus sexuels sur mineur, Apple a indiqu\u00e9 avoir mis au point un syst\u00e8me les traquant non seulement sur iCloud, mais aussi sur les appareils de l\u2019utilisateur. Pour ce faire, le syst\u00e8me comparait la photo ou la vid\u00e9o avec une base de donn\u00e9es du NCMEC (National Center for Missing and Exploited Children, ou centre national pour les enfants disparus ou exploit\u00e9s), une ONG sp\u00e9cialis\u00e9e dans la lutte contre la traite d\u2019\u00eatres humains.<\/p>\n<p><a href=\"https:\/\/www.igen.fr\/services\/2023\/09\/sur-la-defensive-apple-justifie-labandon-de-son-projet-de-detection-des-contenus-pedopornographiques-139041\" class=\"related-article igen\" target=\"_blank\" rel=\"noopener\"> <img decoding=\"async\" src=\"https:\/\/www.europesays.com\/fr\/wp-content\/uploads\/2025\/11\/mga-66c1c291-w375-w1500-w750_accroche.jpg\" alt=\"Sur la d\u00e9fensive, Apple justifie l\u2019abandon de son projet de d\u00e9tection des contenus p\u00e9dopornographiques\"\/> <\/p>\n<p class=\"\">Sur la d\u00e9fensive, Apple justifie l\u2019abandon de son projet de d\u00e9tection des contenus p\u00e9dopornographiques<\/p>\n<p><\/a><\/p>\n<p>Si un contenu \u00e9tait d\u00e9couvert, il ne d\u00e9clenchait pas forc\u00e9ment une alerte imm\u00e9diate, mais l\u2019usage r\u00e9p\u00e9t\u00e9 de tels contenus remontait les informations aux autorit\u00e9s, afin que celles-ci puissent d\u00e9cider d\u2019une enqu\u00eate sur l\u2019individu soup\u00e7onn\u00e9, apr\u00e8s v\u00e9rification manuelle pour \u00e9viter tout faux-positif. Apple a bien tent\u00e9 de d\u00e9fendre sa position, mais peine perdue : la lev\u00e9e de bouclier pour d\u00e9fendre le droit \u00e0 la vie priv\u00e9e a \u00e9t\u00e9 tel qu\u2019elle a d\u00fb faire machine arri\u00e8re, et abandonner son projet en 2023. En 2024, la position d\u2019Apple avait d\u2019ailleurs fait un 180 degr\u00e9s total : l\u2019Australie, indiquant vouloir mettre en place ce type de surveillance, s\u2019est vue opposer un refus par Apple, jugeant une telle proposition d\u00e9mesur\u00e9e face aux risques pour la vie priv\u00e9e des utilisateurs :<\/p>\n<blockquote><p>&#13;<\/p>\n<p>L\u2019analyse de contenus sp\u00e9cifiques ouvre la voie \u00e0 une surveillance de masse des communications et des syst\u00e8mes de stockage qui contiennent des donn\u00e9es relatives aux aspects les plus priv\u00e9s de la vie de nombreux Australiens. De telles capacit\u00e9s, comme l\u2019enseigne l\u2019histoire, finiront in\u00e9vitablement par s\u2019\u00e9tendre \u00e0 d\u2019autres types de contenus (images, vid\u00e9os, textes ou audio) et \u00e0 d\u2019autres cat\u00e9gories de contenus.<\/p>\n<p>&#13;\n<\/p><\/blockquote>\n<p>La position est donc claire : hors de question d\u2019implanter une backdoor permettant \u00e0 un quelconque gouvernement de v\u00e9rifier le contenu des utilisateurs, sous quelque pr\u00e9texte que ce soit.<\/p>\n<p>L\u2019Union europ\u00e9enne voudrait, avant de revenir sur son projet<\/p>\n<p>Cependant, l\u2019id\u00e9e n\u2019est pas tomb\u00e9e dans l\u2019oreille d\u2019un sourd : l\u2019Union europ\u00e9enne l\u2019a reprise \u00e0 son compte peu de temps apr\u00e8s, dans un projet imposant aux g\u00e9ants de la tech de scanner automatiquement les contenus stock\u00e9s et \u00e9chang\u00e9s sur leurs serveurs pour y chercher des contenus p\u00e9dopornographiques. Si entre temps les associations de d\u00e9fense de la vie priv\u00e9e ont r\u00e9ussi \u00e0 faire revenir l\u2019UE \u00e0 la raison, l\u2019id\u00e9e n\u2019a cependant pas totalement \u00e9t\u00e9 enterr\u00e9e.<\/p>\n<p><a href=\"https:\/\/www.euractiv.com\/news\/council-agrees-position-on-chat-control-after-years-of-stalled-talks\/\" target=\"_blank\" rel=\"noopener\">Comme le rapporte Euractiv<\/a>, les discussions ont continu\u00e9, et le Conseil est arriv\u00e9 \u00e0 un consensus sur la m\u00e9thode \u00e0 utiliser : si dans un premier temps l\u2019id\u00e9e \u00e9tait de forcer les entreprises de la tech \u00e0 impl\u00e9menter des m\u00e9thodes de recherche automatique de contenue \u00e0 caract\u00e8re p\u00e9dopornographique sur les ordinateurs et services cloud, la nouvelle version du texte ne leur force plus la main. Cependant, la possibilit\u00e9 reste ouverte, et chaque entreprise pourra la mettre en place, si elle le juge n\u00e9cessaire pour satisfaire les exigences de lutte contre la p\u00e9docriminalit\u00e9.<\/p>\n<p>Si le projet doit encore passer la validation du Parlement europ\u00e9en, il a cependant pass\u00e9 une \u00e9tape importante, pouvant ouvrir la porte \u00e0 une loi d\u2019ici quelques mois. Si les ONG de protection de la vie priv\u00e9e resteront sur leurs gardes, elles devront lutter contre toute une part de l\u00e9gislateurs comme Peter Hummelgaard, ministre danois de la justice, pour qui ce projet est le bienvenu :<\/p>\n<blockquote><p>&#13;<\/p>\n<p>Je suis heureux que les membres du conseil soient parvenus \u00e0 un accord pour aller de l\u2019avant [&#8230;] chaque ann\u00e9e, des millions de fichiers p\u00e9dopornographiques sont partag\u00e9s.<\/p>\n<p>&#13;\n<\/p><\/blockquote>\n<p>Alors, lutter contre la p\u00e9docriminalit\u00e9, ou pr\u00e9server \u00e0 tout prix la vie priv\u00e9e\u00a0? Si en 2021 le choix semblait \u00e9vident pour une majorit\u00e9, est-ce toujours le cas aujourd\u2019hui\u00a0?<\/p>\n","protected":false},"excerpt":{"rendered":"Il y a maintenant quelques ann\u00e9es, en 2021, Apple annon\u00e7ait l\u2019implantation \u00e0 venir d\u2019un syst\u00e8me de d\u00e9tection des&hellip;\n","protected":false},"author":2,"featured_media":563019,"comment_status":"","ping_status":"","sticky":false,"template":"","format":"standard","meta":{"footnotes":""},"categories":[1586],"tags":[11,49168,1777,674,1779,1011,27,12,25,1778,364,657],"class_list":{"0":"post-563018","1":"post","2":"type-post","3":"status-publish","4":"format-standard","5":"has-post-thumbnail","7":"category-europe","8":"tag-actualites","9":"tag-conseil-de-l","10":"tag-eu","11":"tag-europe","12":"tag-european-union","13":"tag-fr","14":"tag-france","15":"tag-news","16":"tag-republique-francaise","17":"tag-ue","18":"tag-union-europeenne","19":"tag-vie-privee"},"share_on_mastodon":{"url":"https:\/\/pubeurope.com\/@fr\/115623581530825705","error":""},"_links":{"self":[{"href":"https:\/\/www.europesays.com\/fr\/wp-json\/wp\/v2\/posts\/563018","targetHints":{"allow":["GET"]}}],"collection":[{"href":"https:\/\/www.europesays.com\/fr\/wp-json\/wp\/v2\/posts"}],"about":[{"href":"https:\/\/www.europesays.com\/fr\/wp-json\/wp\/v2\/types\/post"}],"author":[{"embeddable":true,"href":"https:\/\/www.europesays.com\/fr\/wp-json\/wp\/v2\/users\/2"}],"replies":[{"embeddable":true,"href":"https:\/\/www.europesays.com\/fr\/wp-json\/wp\/v2\/comments?post=563018"}],"version-history":[{"count":0,"href":"https:\/\/www.europesays.com\/fr\/wp-json\/wp\/v2\/posts\/563018\/revisions"}],"wp:featuredmedia":[{"embeddable":true,"href":"https:\/\/www.europesays.com\/fr\/wp-json\/wp\/v2\/media\/563019"}],"wp:attachment":[{"href":"https:\/\/www.europesays.com\/fr\/wp-json\/wp\/v2\/media?parent=563018"}],"wp:term":[{"taxonomy":"category","embeddable":true,"href":"https:\/\/www.europesays.com\/fr\/wp-json\/wp\/v2\/categories?post=563018"},{"taxonomy":"post_tag","embeddable":true,"href":"https:\/\/www.europesays.com\/fr\/wp-json\/wp\/v2\/tags?post=563018"}],"curies":[{"name":"wp","href":"https:\/\/api.w.org\/{rel}","templated":true}]}}