{"id":563028,"date":"2025-11-27T20:41:17","date_gmt":"2025-11-27T20:41:17","guid":{"rendered":"https:\/\/www.europesays.com\/fr\/563028\/"},"modified":"2025-11-27T20:41:17","modified_gmt":"2025-11-27T20:41:17","slug":"matthis-lebel-dimitri-delibes-biarritz-les-infos-du-jeudi-27-novembre","status":"publish","type":"post","link":"https:\/\/www.europesays.com\/fr\/563028\/","title":{"rendered":"Matthis Lebel, Dimitri Delibes, Biarritz, les infos du jeudi 27 novembre"},"content":{"rendered":"<p style=\"text-align: justify;\" align=\"justify\"><strong>TRANSFERTS RUGBY \u2013 Matthis Lebel et Dimitri Delibes sont convoit\u00e9s en Top 14, Biarritz met un treiziste \u00e0 l\u2019essai : les infos de ce jeudi 27 novembre.<\/strong><\/p>\n<p>Stade Toulousain : Matthis Lebel convoit\u00e9\u2026<\/p>\n<p style=\"text-align: justify;\">Le Stade Toulousain est au c\u0153ur de l\u2019actualit\u00e9, puisque <a href=\"https:\/\/dicodusport.fr\/blog\/affaire-toulouse-jaminet-linstruction-de-la2r-est-finie-la-sanction-pourrait-etre-lourde-pour-le-stade-toulousain\/\" target=\"_blank\" rel=\"noopener\">le dossier <strong>Melvyn Jaminet<\/strong><\/a> est revenu subrepticement sur le devant de la sc\u00e8ne, tout comme la probl\u00e9matique du futur salary cap. Ainsi, il va peut-\u00eatre falloir faire des choix pour la saison prochaine, et ces choix, ils pourraient bien concerner un certain <strong>Matthis Lebel<\/strong>.<\/p>\n<p style=\"text-align: justify;\">L\u2019ailier international sera en fin de contrat en 2026, et forc\u00e9ment, la question d\u2019un renouvellement se pose dans le club o\u00f9 il \u00e9volue depuis 2013. Mais le <strong>RC Toulon<\/strong> a avanc\u00e9 ses pions et fait visiter ses installations \u00e0 Matthis Lebel, qui a d\u00e9sormais une vraie option autre que Toulouse, et qui va donc devoir faire un choix.<\/p>\n<p style=\"text-align: justify;\"><strong>L\u2019avis de Dicodusport<\/strong> : l\u2019axe Toulouse \u2013 Toulon a souvent fonctionn\u00e9, sans doute une bonne id\u00e9e pour un joueur \u00e0 qui on pr\u00e9disait un r\u00e9el destin de titulaire dans le XV de France, mais qui peine \u00e0 franchir les derni\u00e8res marches\u2026<\/p>\n<p>Stade Toulousain : Dimitri Delibes aussi<\/p>\n<p style=\"text-align: justify;\">Mais <strong>Matthis Lebel<\/strong> n\u2019est pas le seul joueur qui pourrait quitter le Stade Toulousain. Dans le contexte actuel, le fait que <strong>Dimitri Delibes<\/strong> soit \u00e9galement en fin de contrat en 2026 le laisse ma\u00eetre de son destin. R\u00e9cemment, Bayonne, en plus de tenter d\u2019attirer<strong> Guillaume Cramont<\/strong> en pr\u00eat, <a href=\"https:\/\/dicodusport.fr\/blog\/transferts-toulouse-un-club-de-top-14-fait-le-forcing-pour-signer-dimitri-delibes\/\" target=\"_blank\" rel=\"noopener\">s\u2019est pench\u00e9 sur le dossier du trois-quarts polyvalent<\/a>.<\/p>\n<p style=\"text-align: justify;\">Mais l\u2019Aviron va avoir de la concurrence sur ce dossier, celle\u2026 du RC Toulon. Le club varois pourrait lui aussi tenter de faire d\u2019une pierre deux coups en attirant <strong>Dimitri Delibes<\/strong>. Sans doute un joli coup de poker des Toulonnais, mais les envies du principal int\u00e9ress\u00e9, elles, n\u2019ont pas filtr\u00e9\u2026<\/p>\n<p>\n<a href=\"https:\/\/dicodusport.fr\/blog\/offres\/abonnements-sans-pub\/\" target=\"_blank\" rel=\"noopener\"><img loading=\"lazy\" decoding=\"async\" class=\"alignnone size-full wp-image-501284 perfmatters-lazy\" alt=\"\" width=\"1200\" height=\"200\" src=\"https:\/\/www.europesays.com\/fr\/wp-content\/uploads\/2025\/04\/Abonnements-sans-pubs-Dicodusport.png\"\/><\/a><\/p>\n<p style=\"text-align: justify;\"><strong>L\u2019avis de Dicodusport<\/strong> : en viser deux pour en attraper au moins un ? En tout cas, Toulon n\u2019est pas avare d\u2019efforts pour renforcer son effectif.\u00a0<\/p>\n<p>Biarritz : Tevita Pangai Junior \u00e0 l\u2019essai<\/p>\n<p style=\"text-align: justify;\">Malgr\u00e9 un bilan tout \u00e0 fait honorable de 5 victoires, un nul et 5 d\u00e9faites, le <strong>Biarritz Olympique<\/strong> ne d\u00e9colle pas et pointe au 11\u00e8me rang du classement de Pro D2, \u00e0 seulement six longueurs de la zone des barragistes toutefois. Le BO n\u2019est clairement pas un candidat solide \u00e0 la remont\u00e9e en Top 14, et devra se renforcer pour cela.<\/p>\n<p>\n<a href=\"https:\/\/dicodusport.fr\/blog\/offres\/abonnements-sans-pub\/\" target=\"_blank\" rel=\"noopener\"><img loading=\"lazy\" decoding=\"async\" class=\"alignnone size-full wp-image-501296 perfmatters-lazy\" alt=\"\" width=\"400\" height=\"400\" src=\"https:\/\/www.europesays.com\/fr\/wp-content\/uploads\/2025\/04\/Abonnements-sans-pubs-Dicodusport-mobile.png\"\/><\/a><\/p>\n<p style=\"text-align: justify;\">Ainsi, le club basque met \u00e0 l\u2019essai <strong>Tevita Pangai Junior<\/strong>. Un ancien du XIII, dot\u00e9 d\u2019une belle r\u00e9putation en ce qui concerne le rugby, mais d\u2019une mauvaise en terme comportemental et disciplinaire. Tout juste arriv\u00e9 dans le milieu du rugby \u00e0 XV, rien n\u2019est certain quant \u00e0 un \u00e9ventuel s\u00e9jour sur la C\u00f4te Basque.<\/p>\n<p style=\"text-align: justify;\"><strong>L\u2019avis de Dicodusport<\/strong> : le joueur semble avoir des qualit\u00e9s, mais cela ressemble clairement \u00e0 un pile-ou-face pour booster la saison. \u00c0 voir si Biarritz prendra le risque.\u00a0<\/p>\n","protected":false},"excerpt":{"rendered":"TRANSFERTS RUGBY \u2013 Matthis Lebel et Dimitri Delibes sont convoit\u00e9s en Top 14, Biarritz met un treiziste \u00e0&hellip;\n","protected":false},"author":2,"featured_media":563029,"comment_status":"","ping_status":"","sticky":false,"template":"","format":"standard","meta":{"footnotes":""},"categories":[1416],"tags":[2113,1011,27,479,1468,60,477],"class_list":{"0":"post-563028","1":"post","2":"type-post","3":"status-publish","4":"format-standard","5":"has-post-thumbnail","7":"category-rugby","8":"tag-breve","9":"tag-fr","10":"tag-france","11":"tag-rugby","12":"tag-rugby-football","13":"tag-sports","14":"tag-transferts-rugby"},"share_on_mastodon":{"url":"https:\/\/pubeurope.com\/@fr\/115623605372767552","error":""},"_links":{"self":[{"href":"https:\/\/www.europesays.com\/fr\/wp-json\/wp\/v2\/posts\/563028","targetHints":{"allow":["GET"]}}],"collection":[{"href":"https:\/\/www.europesays.com\/fr\/wp-json\/wp\/v2\/posts"}],"about":[{"href":"https:\/\/www.europesays.com\/fr\/wp-json\/wp\/v2\/types\/post"}],"author":[{"embeddable":true,"href":"https:\/\/www.europesays.com\/fr\/wp-json\/wp\/v2\/users\/2"}],"replies":[{"embeddable":true,"href":"https:\/\/www.europesays.com\/fr\/wp-json\/wp\/v2\/comments?post=563028"}],"version-history":[{"count":0,"href":"https:\/\/www.europesays.com\/fr\/wp-json\/wp\/v2\/posts\/563028\/revisions"}],"wp:featuredmedia":[{"embeddable":true,"href":"https:\/\/www.europesays.com\/fr\/wp-json\/wp\/v2\/media\/563029"}],"wp:attachment":[{"href":"https:\/\/www.europesays.com\/fr\/wp-json\/wp\/v2\/media?parent=563028"}],"wp:term":[{"taxonomy":"category","embeddable":true,"href":"https:\/\/www.europesays.com\/fr\/wp-json\/wp\/v2\/categories?post=563028"},{"taxonomy":"post_tag","embeddable":true,"href":"https:\/\/www.europesays.com\/fr\/wp-json\/wp\/v2\/tags?post=563028"}],"curies":[{"name":"wp","href":"https:\/\/api.w.org\/{rel}","templated":true}]}}