{"id":563032,"date":"2025-11-27T20:46:16","date_gmt":"2025-11-27T20:46:16","guid":{"rendered":"https:\/\/www.europesays.com\/fr\/563032\/"},"modified":"2025-11-27T20:46:16","modified_gmt":"2025-11-27T20:46:16","slug":"un-autre-retour-au-team-abadie-magnan-actualite","status":"publish","type":"post","link":"https:\/\/www.europesays.com\/fr\/563032\/","title":{"rendered":"Un autre retour au Team Abadie-Magnan &#8211; Actualit\u00e9"},"content":{"rendered":"<p style=\"text-align: justify;\">Le Team Abadie-Magnan poursuit son recrutement pour 2026, et la structure du Grand Est va retrouver un visage bien connu. Victoire Joncheray fait son retour dans le club, apr\u00e8s une ann\u00e9e au Chamb\u00e9ry Cyclisme Comp\u00e9tition.<\/p>\n<p><strong><a href=\"https:\/\/www.directvelo.com\/coureur\/40771\/victoire-joncheray\" target=\"_blank\" rel=\"noopener\">Victoire Joncheray<\/a><\/strong>, 31 ans, a termin\u00e9 24e des Reines de la Cisse et 29e de la Montoirienne cette saison. En 2024, sous les couleurs de Komugi Grand-Est, elle avait pris la 6e place du\u00a0Trofeo Ponente in Rosea (2.2), la 7e du Giro Mediterraneo Rosa (2.2) et du R\u00e9gion Pays de la Loire Tour (1.2), ainsi que de nombreux Top 15 d&rsquo;\u00e9tapes sur les deux courses par \u00e9tapes pr\u00e9c\u00e9demment cit\u00e9es et une 20e place au Tour de Valence, en Classe 1.<\/p>\n<p>\u00c0 noter que Victoire Joncheray est \u00e9galement engag\u00e9e en coulisses pour le Team Abadie-Magnan, puisqu&rsquo;elle participe au d\u00e9veloppement de la structure.<\/p>\n<p>Retrouvez toutes les mutations du peloton f\u00e9minin <strong><a href=\"https:\/\/www.directvelo.com\/mutations\/2026\" target=\"_blank\" rel=\"noopener\">en cliquant ici<\/a><\/strong>.<\/p>\n","protected":false},"excerpt":{"rendered":"Le Team Abadie-Magnan poursuit son recrutement pour 2026, et la structure du Grand Est va retrouver un visage&hellip;\n","protected":false},"author":2,"featured_media":563033,"comment_status":"","ping_status":"","sticky":false,"template":"","format":"standard","meta":{"footnotes":""},"categories":[1411],"tags":[834,828,836,829,837,827,83,826,824,823,1154,207,814,817,815,816,822,821,832,211,839,1011,27,820,818,819,835,831,830,833,838,60,212,208,825],"class_list":{"0":"post-563032","1":"post","2":"type-post","3":"status-publish","4":"format-standard","5":"has-post-thumbnail","7":"category-cyclisme","8":"tag-attaque","9":"tag-belgique","10":"tag-braquet","11":"tag-bretagne","12":"tag-chute","13":"tag-competition","14":"tag-coupe-de-france","15":"tag-coureur","16":"tag-course-cyclisme","17":"tag-course-cycliste","18":"tag-cycling","19":"tag-cyclisme","20":"tag-direct","21":"tag-direct-velo","22":"tag-directvelo","23":"tag-directvelo-com","24":"tag-epreuve","25":"tag-epreuve-cycliste","26":"tag-federation-francaise-de-cyclisme","27":"tag-ffc","28":"tag-flandres","29":"tag-fr","30":"tag-france","31":"tag-live","32":"tag-live-course","33":"tag-live-epreuve","34":"tag-peloton","35":"tag-radio-peloton","36":"tag-radio-tour","37":"tag-ravitaillement","38":"tag-relance","39":"tag-sports","40":"tag-uci","41":"tag-velo","42":"tag-velos"},"share_on_mastodon":{"url":"https:\/\/pubeurope.com\/@fr\/115623623759407274","error":""},"_links":{"self":[{"href":"https:\/\/www.europesays.com\/fr\/wp-json\/wp\/v2\/posts\/563032","targetHints":{"allow":["GET"]}}],"collection":[{"href":"https:\/\/www.europesays.com\/fr\/wp-json\/wp\/v2\/posts"}],"about":[{"href":"https:\/\/www.europesays.com\/fr\/wp-json\/wp\/v2\/types\/post"}],"author":[{"embeddable":true,"href":"https:\/\/www.europesays.com\/fr\/wp-json\/wp\/v2\/users\/2"}],"replies":[{"embeddable":true,"href":"https:\/\/www.europesays.com\/fr\/wp-json\/wp\/v2\/comments?post=563032"}],"version-history":[{"count":0,"href":"https:\/\/www.europesays.com\/fr\/wp-json\/wp\/v2\/posts\/563032\/revisions"}],"wp:featuredmedia":[{"embeddable":true,"href":"https:\/\/www.europesays.com\/fr\/wp-json\/wp\/v2\/media\/563033"}],"wp:attachment":[{"href":"https:\/\/www.europesays.com\/fr\/wp-json\/wp\/v2\/media?parent=563032"}],"wp:term":[{"taxonomy":"category","embeddable":true,"href":"https:\/\/www.europesays.com\/fr\/wp-json\/wp\/v2\/categories?post=563032"},{"taxonomy":"post_tag","embeddable":true,"href":"https:\/\/www.europesays.com\/fr\/wp-json\/wp\/v2\/tags?post=563032"}],"curies":[{"name":"wp","href":"https:\/\/api.w.org\/{rel}","templated":true}]}}