{"id":563036,"date":"2025-11-27T20:48:16","date_gmt":"2025-11-27T20:48:16","guid":{"rendered":"https:\/\/www.europesays.com\/fr\/563036\/"},"modified":"2025-11-27T20:48:16","modified_gmt":"2025-11-27T20:48:16","slug":"frederic-beigbeder-sen-prend-de-nouveau-a-lena-situations-a-loccasion-de-la-sortie-de-son-nouveau-livre","status":"publish","type":"post","link":"https:\/\/www.europesays.com\/fr\/563036\/","title":{"rendered":"Fr\u00e9d\u00e9ric Beigbeder s&rsquo;en prend de nouveau \u00e0 L\u00e9na Situations \u00e0 l&rsquo;occasion de la sortie de son nouveau livre"},"content":{"rendered":"<p>La pilule ne passera peut-\u00eatre jamais. L\u00e9na Situations fait l&rsquo;actualit\u00e9 en raison de la sortie de son deuxi\u00e8me ouvrage, Encore mieux, paru ce 14\u00a0novembre. La cr\u00e9atrice de contenus la plus suivie de France a, cette fois-ci, autoproduit son livre \u00e0 mi-chemin entre l&rsquo;autobiographie et le guide pratique. Au travers de 192 pages, cette jeune femme qui vient de c\u00e9l\u00e9brer son 28e anniversaire donne des cl\u00e9s \u00e0 ses millions abonn\u00e9s pour travailler leur organisation et leur confiance en soi afin d&rsquo;am\u00e9liorer leur qualit\u00e9 de vie. Une th\u00e9matique quelque peu similaire \u00e0 celle de son premier bouquin &#8211; vendu \u00e0 plus de 440\u00a0000 exemplaires, selon Radio France &#8211; qui \u00e9tait au c\u0153ur de <a href=\"https:\/\/www.programme-tv.net\/news\/people\/264287-frederic-beigbeder-fait-polemique-apres-sa-critique-du-livre-de-lena-situations-ou-il-critique-linculture-de-la-youtubeuse\/\" data-api-deeplink=\"teleloisirs:\/\/news\/264287\" target=\"_blank\" rel=\"noopener\">la chronique litt\u00e9raire Autobiographie d\u2019une inconnue c\u00e9l\u00e8bre de Fr\u00e9d\u00e9ric Beigbeder <\/a>dans l&rsquo;\u00e9dition du Figaro du 6\u00a0novembre 2020. \u00ab\u00a0L\u00e9na Situations est s\u00fbrement une personne solaire, gentiment narcissique, une victime parmi tant d\u2019autres de <a href=\"https:\/\/www.programme-tv.net\/news\/societe\/257092-mark-zuckerberg-sinsurge-contre-le-boycott-de-facebook\/\" data-api-deeplink=\"teleloisirs:\/\/news\/257092\" target=\"_blank\" rel=\"noopener\">Mark Zuckerberg<\/a>. Son inculture assum\u00e9e rend toutefois sa lecture angoissante. Cette jeune femme est la preuve que le syst\u00e8me \u00e9ducatif fran\u00e7ais a perdu une bataille contre Facebook\u00a0\u00bb, pouvait-on notamment lire.<\/p>\n<p>Marqu\u00e9e au fer rouge par ces durs mots, L\u00e9na Situations a laiss\u00e9 une d\u00e9dicace \u00e0\u2026 Fr\u00e9d\u00e9ric Beigbeder dans son nouveau recueil\u00a0! En effet, d\u00e8s la pr\u00e9face, les lecteurs pourront voir\u00a0: \u00ab\u00a0<b>\u00c0 mon petit fr\u00e8re Neyl, mes abonn\u00e9s, et pour Fr\u00e9d\u00e9ric Beigbeder<\/b>\u00ab\u00a0. Il n&rsquo;en fallait &#8211; \u00e9videmment &#8211; pas plus pour r\u00e9veiller l&rsquo;ancien pensionnaire de France Inter. Ce dernier ne se fait pas prier et r\u00e9pond \u00e0 la jeune femme <a href=\"https:\/\/www.lefigaro.fr\/vox\/culture\/je-vais-vous-dire-ce-que-je-meprise-la-lettre-de-frederic-beigbeder-a-l-influenceuse-lena-situations-20251127\" target=\"_blank\" rel=\"noopener\">par le m\u00eame biais<\/a> qu&rsquo;\u00e0 l&rsquo;\u00e9poque\u00a0: \u00ab\u00a0Ch\u00e8re L\u00e9na, merci de me d\u00e9dier Encore mieux, mais votre titre est mensonger. Apr\u00e8s lecture, votre nouveau machin devrait s&rsquo;intituler &lsquo;Aussi nul'\u00a0\u00bb. Le ton est donn\u00e9 pour les trente prochaines lignes. L&rsquo;\u00e9crivain aux remarques acerbes a vraiment \u00e9pluch\u00e9 l&rsquo;\u0153uvre de d\u00e9veloppement personnel. Et il n&rsquo;en retient peu de substance, comme il le fait savoir. \u00ab\u00a0Il y a aussi quelques photos de vous, des pages blanches \u00e0 remplir soi-m\u00eame et des reproductions de vos cartons d\u2019invitation aux d\u00e9fil\u00e9s de <a href=\"https:\/\/www.programme-tv.net\/biographie\/91698-beckham-victoria\/\" data-link-people=\"09d5c7c7-f113-4074-b079-47bcee7932bc\" target=\"_blank\" rel=\"noopener\">Victoria Beckham<\/a>. Rien \u00e0 colorier, bizarrement\u00a0\u00bb, remarque-t-il ironiquement. Le sexag\u00e9naire en profite pour \u00e9tayer ses propos initiaux\u00a0: \u00ab\u00a0En ouverture de votre chose, <b>vous mentionnez ma critique de votre premier opus qui date de novembre\u00a02020. Il va falloir essayer de vous en remettre<\/b>. Je traduis dans votre langue\u00a0: maybe it\u2019s time to move on, baby. Vous n\u2019avez pas support\u00e9 que je dise que Toujours plus \u00e9tait &lsquo;147 pages de vide&rsquo;. Vous m\u2019accusez de m\u00e9priser votre g\u00e9n\u00e9ration. C\u2019est faux\u00a0: je passe ma vie \u00e0 r\u00e9v\u00e9ler de jeunes talents, dont vous ne faites pas partie. La semaine derni\u00e8re, c\u2019\u00e9tait Yasmin Zaher\u00a0\u00bb.<\/p>\n<p>            Fr\u00e9d\u00e9ric Beigbeder attaque L\u00e9na Situations sur les m\u00e9thodes qu&rsquo;elle met en avant dans son livre<\/p>\n<p>L&rsquo;homme aux multiples publications d\u00e9plore la philosophie pr\u00f4n\u00e9e par L\u00e9na Situations se r\u00e9sumant, selon lui, \u00e0 : \u00ab\u00a0Accumule des suiveurs et l&rsquo;industrie de luxe t&rsquo;offrira un sac \u00e0 main et un appart&rsquo; \u00e0 Duba\u00ef\u00a0\u00bb. Fr\u00e9d\u00e9ric Beigbder assume son profond d\u00e9sint\u00e9r\u00eat pour le marketing digital \u00ab\u00a0qui abrutit [la] g\u00e9n\u00e9ration [de Lena Situations]\u00a0\u00bb ainsi que \u00ab\u00a0l&rsquo;idol\u00e2trie des chiffres de ventes et du nombre de followers\u00a0\u00bb qui en d\u00e9coulent fatalement. <a href=\"https:\/\/www.programme-tv.net\/news\/people\/336747-frederic-beigbeder-qui-sont-ses-trois-enfants-chloe-oona-et-leonard\/\" data-api-deeplink=\"teleloisirs:\/\/news\/336747\" target=\"_blank\" rel=\"noopener\">Ce p\u00e8re de trois enfants<\/a> a \u00e9galement un avis tranch\u00e9 sur les m\u00e9thodes de communication de Lena Situations. \u00ab\u00a0<b>Je m\u00e9prise <\/b><a href=\"https:\/\/www.programme-tv.net\/news\/people\/271909-la-youtubeuse-lena-situations-revient-sur-les-virulentes-critiques-de-frederic-beigbeder-sur-son-livre-il-sattaque-a-des-centaines-de-milliers-de-personnes-qui-lont-achete\/\" data-api-deeplink=\"teleloisirs:\/\/news\/271909\" target=\"_blank\" rel=\"noopener\"><b>votre mani\u00e8re de vous victimiser artificiellement <\/b><\/a><b>pour s\u00e9duire la presse bien-pensante. Je m\u00e9prise votre d\u00e9magogie d\u00e9goulinante (&#8230;) [et] votre narcissisme g\u00eanant : qui ose imprimer sa couv de <\/b><b>Forbes<\/b><b> dans son propre bouquin ?<\/b>\u00ab\u00a0, se demande l&rsquo;auteur de romans et d&rsquo;essais.<\/p>\n<p>Apr\u00e8s avoir cit\u00e9 quelques r\u00e9f\u00e9rences qui illustrent ses id\u00e9es &#8211; et enfoncent le clou -, Fr\u00e9d\u00e9ric Beigbder conclut son discours avec une citation de <a href=\"https:\/\/www.programme-tv.net\/biographie\/166545-brassens-georges\/\" data-link-people=\"9405e0f8-f056-414a-a9ea-61ab69a5f276\" target=\"_blank\" rel=\"noopener\">Georges Brassens<\/a> bien sentie\u00a0: \u00ab\u00a0Qu&rsquo;on ait vingt ans, qu&rsquo;on soit grand-p\u00e8re, quand on est con, on est con\u00a0\u00bb.<\/p>\n","protected":false},"excerpt":{"rendered":"La pilule ne passera peut-\u00eatre jamais. L\u00e9na Situations fait l&rsquo;actualit\u00e9 en raison de la sortie de son deuxi\u00e8me&hellip;\n","protected":false},"author":2,"featured_media":563037,"comment_status":"","ping_status":"","sticky":false,"template":"","format":"standard","meta":{"footnotes":""},"categories":[1359],"tags":[43961,244,58,59,1011,27,67912,67913,43197,973,6569,67914,1630],"class_list":{"0":"post-563036","1":"post","2":"type-post","3":"status-publish","4":"format-standard","5":"has-post-thumbnail","7":"category-people","8":"tag-channel_zapping","9":"tag-commentaire","10":"tag-divertissement","11":"tag-entertainment","12":"tag-fr","13":"tag-france","14":"tag-fru00e9du00e9ric-beigbeder","15":"tag-guid_6210458489001","16":"tag-lu00e9na-situations","17":"tag-people","18":"tag-streamers","19":"tag-uuid_2ff324bb-7988-4612-a814-8811baee47b2","20":"tag-zapping"},"share_on_mastodon":{"url":"https:\/\/pubeurope.com\/@fr\/115623631564049383","error":""},"_links":{"self":[{"href":"https:\/\/www.europesays.com\/fr\/wp-json\/wp\/v2\/posts\/563036","targetHints":{"allow":["GET"]}}],"collection":[{"href":"https:\/\/www.europesays.com\/fr\/wp-json\/wp\/v2\/posts"}],"about":[{"href":"https:\/\/www.europesays.com\/fr\/wp-json\/wp\/v2\/types\/post"}],"author":[{"embeddable":true,"href":"https:\/\/www.europesays.com\/fr\/wp-json\/wp\/v2\/users\/2"}],"replies":[{"embeddable":true,"href":"https:\/\/www.europesays.com\/fr\/wp-json\/wp\/v2\/comments?post=563036"}],"version-history":[{"count":0,"href":"https:\/\/www.europesays.com\/fr\/wp-json\/wp\/v2\/posts\/563036\/revisions"}],"wp:featuredmedia":[{"embeddable":true,"href":"https:\/\/www.europesays.com\/fr\/wp-json\/wp\/v2\/media\/563037"}],"wp:attachment":[{"href":"https:\/\/www.europesays.com\/fr\/wp-json\/wp\/v2\/media?parent=563036"}],"wp:term":[{"taxonomy":"category","embeddable":true,"href":"https:\/\/www.europesays.com\/fr\/wp-json\/wp\/v2\/categories?post=563036"},{"taxonomy":"post_tag","embeddable":true,"href":"https:\/\/www.europesays.com\/fr\/wp-json\/wp\/v2\/tags?post=563036"}],"curies":[{"name":"wp","href":"https:\/\/api.w.org\/{rel}","templated":true}]}}