{"id":563038,"date":"2025-11-27T20:49:17","date_gmt":"2025-11-27T20:49:17","guid":{"rendered":"https:\/\/www.europesays.com\/fr\/563038\/"},"modified":"2025-11-27T20:49:17","modified_gmt":"2025-11-27T20:49:17","slug":"pourquoi-cette-fresque-monumentale-de-dix-metres-de-long-est-quasiment-invisible","status":"publish","type":"post","link":"https:\/\/www.europesays.com\/fr\/563038\/","title":{"rendered":"pourquoi cette fresque monumentale de dix m\u00e8tres de long est quasiment invisible\u00a0?"},"content":{"rendered":"<p>                    Par<br \/>\n        <strong><br \/>\n            <a href=\"https:\/\/actu.fr\/auteur\/marion-travers\" title=\"Consulter tous les articles de Marion Travers\" target=\"_blank\" rel=\"noopener\">Marion Travers<\/a><br \/>\n                    <\/strong><\/p>\n<p>        Publi\u00e9 le<\/p>\n<p>            27 nov. 2025 \u00e0 18h30        <\/p>\n<p>R\u00e9cemment, un lecteur du Journal des Sables s\u2019est rapproch\u00e9 de la r\u00e9daction au sujet du sort r\u00e9serv\u00e9 \u00e0 une \u0153uvre d\u2019art majeure. Il s\u2019est \u00e9mu que <b>la fresque \u00ab\u2009Les ravisseurs de la mer\u2009\u00bb<\/b>, peinte par l\u2019artiste <b>Maria Morgan-Snell<\/b>, soit si peu visible, presque m\u00eame cach\u00e9e, la plongeant ainsi dans un certain anonymat alors qu\u2019elle <b>m\u00e9riterait de pouvoir \u00eatre plus accessible<\/b>.<br \/>Mais quelle est l\u2019histoire de cette <b>\u0153uvre monumentale qui mesure tout de m\u00eame dix m\u00e8tres de long sur deux m\u00e8tres de haut <\/b>et qui est finalement trop m\u00e9connue des Sablais\u2009?<\/p>\n<p class=\" wall-content\">Maria Morgan-Snell est une artiste br\u00e9silienne. Son tableau repr\u00e9sentant notamment <b>la tour d\u2019Arundel <\/b>n\u2019est pas une commande de la Ville des <a href=\"https:\/\/actu.fr\/pays-de-la-loire\/les-sables-d-olonne_85194\" target=\"_blank\" rel=\"noopener\">Sables-d\u2019Olonne<\/a> mais du <b>minist\u00e8re des Postes<\/b> qui, en 1957-1958, souhaite d\u00e9corer <b>l\u2019H\u00f4tel des Postes, alors install\u00e9 rue du Mar\u00e9chal Leclerc<\/b> (l\u00e0 o\u00f9 se trouve actuellement le Mus\u00e9um du coquillage notamment).<\/p>\n<p class=\" wall-content\">\u00ab\u2009La fresque peinte par <a href=\"https:\/\/www.ina.fr\/ina-eclaire-actu\/video\/cpf07007312\/un-michel-ange-en-jupon\" target=\"_blank\" rel=\"noopener\">Maria Morgan-Snell<\/a> et baptis\u00e9e \u00a0\u00bbLes ravisseurs de la mer\u00a0\u00bb y est install\u00e9e en 1958. <b>Pendant 20\u00a0ans<\/b>, les Sablais ont pu y admirer cette \u0153uvre monumentale, jusqu\u2019en 1979, ann\u00e9e du d\u00e9m\u00e9nagement de la poste\u2009\u00bb, raconte Herv\u00e9 Retureau, historien sp\u00e9cialiste des Sables-d\u2019Olonne.<\/p>\n<p>\u00ab\u2009Une ode \u00e0 la mer\u2009\u00bb<\/p>\n<p class=\" wall-content\">\u00ab\u2009Les ravisseurs de la mer\u2009\u00bb est un <b>triptyque qui met en exergue les gens de mer<\/b>, notamment les charpentiers de marine. Herv\u00e9 Retureau y voit un petit \u00e9cho au livre de Victor Hugo \u00ab\u2009Les travailleurs de la mer\u2009\u00bb.<\/p>\n<p class=\" wall-content\">\u00ab\u2009On peut y voir un chantier naval de construction de bateaux en bois, au milieu la tour d\u2019Arundel et les marins p\u00eacheurs. C\u2019est une ode \u00e0 la mer, aux travailleurs de la mer, un hommage aux for\u00e7ats qui sont ici <b>presque repr\u00e9sent\u00e9s comme des titans<\/b>. Il y a un <b>petit c\u00f4t\u00e9 mythologique<\/b> avec ces musculatures mises en avant\u2009\u00bb, d\u00e9taille Herv\u00e9 Retureau.<\/p>\n<blockquote class=\"ac-article-quote wall-content\">\n<p>C\u2019est vraiment une \u0153uvre spectaculaire, pleine de d\u00e9tails, qui montre la dynamique du port qui, \u00e0 cette \u00e9poque, comptait six chantiers maritimes.<\/p>\n<p>Herv\u00e9 Retureau<\/p><\/blockquote>\n<p class=\" wall-content\">L\u2019\u0153uvre de Maria Morgan-Snell est <a href=\"https:\/\/pop.culture.gouv.fr\/notice\/palissy\/PM85001614\" target=\"_blank\" rel=\"noopener\">class\u00e9e au titre des objets<\/a>. Si elle a \u00e9t\u00e9 confi\u00e9e \u00e0 la Ville des Sables-d\u2019Olonne, elle appartient toujours \u00e0 l\u2019artiste, ou plut\u00f4t d\u00e9sormais \u00e0 ses h\u00e9ritiers puisqu\u2019elle est d\u00e9c\u00e9d\u00e9e en 2007.<\/p>\n<p>    <img   decoding=\"async\" loading=\"lazy\" class=\"size-large\" src=\"https:\/\/www.europesays.com\/fr\/wp-content\/uploads\/2025\/11\/371a0372942962b1a03729429fe1a0v-960x640.jpg\" alt=\"Les ravisseurs de la mer\" width=\"960\" height=\"640\"\/><br \/>\n    \u00ab\u2009Les ravisseurs de la mer\u2009\u00bb est un hommage aux travailleurs de la mer, ici repr\u00e9sent\u00e9s tels des titans. \u00a9Journal des Sables<\/p>\n<p>Votre r\u00e9gion, votre actu !<\/p>\n<p>Recevez chaque jour les infos qui comptent pour vous.<\/p>\n<p>\t<a href=\"https:\/\/actu.fr\/newsletter\" class=\"ac-btn ac-btn--corner ac-btn--medium ac-btn--blue800\" target=\"_blank\" rel=\"noopener\">S&rsquo;incrire<\/a><br \/>\nDisparue pendant 20\u00a0ans<\/p>\n<p class=\" wall-content\">Apr\u00e8s le <b>d\u00e9m\u00e9nagement de la Poste, en 1979<\/b>, le triptyque serait parti vers la salle des f\u00eates de la Chaume selon certains \u00e9crits.<\/p>\n<blockquote class=\"ac-article-quote wall-content\">\n<p>Mais je ne peux pas le garantir. Il n\u2019existe aucune photo et personne n\u2019en a jamais parl\u00e9.<\/p>\n<p>Herv\u00e9 Retureau<\/p><\/blockquote>\n<p class=\" wall-content\">Ce qui est s\u00fbr, en revanche, c\u2019est que, <b>pendant 20\u00a0ans, le tableau a disparu<\/b>.<\/p>\n<p class=\" wall-content\">C\u2019est G\u00e9rard Faugeron (adjoint au maire Louis Gu\u00e9don) qui, en 1999, s\u2019est lanc\u00e9 \u00e0 sa recherche \u00e0 la demande de L\u00e9o Leboucher, auteur de trois livres sur les cartes postales anciennes des Sables.<\/p>\n<p class=\" wall-content\">\u00ab\u2009Il s\u2019est battu pour retrouver cette fresque qui a finalement \u00e9t\u00e9 retrouv\u00e9e en 2000.\u2009\u00bb Elle \u00e9tait<b> entrepos\u00e9e au fin fond des services techniques<\/b> de la Ville dans des <b>conditions peu favorables<\/b> \u00e0 sa bonne conservation.<\/p>\n<p class=\" wall-content\"><b>En 2002, la Ville la fait donc restaurer<\/b> pour l\u2019exposer \u00ab\u2009dans un lieu o\u00f9 elle sera visible du public. Et c\u2019est le <a href=\"https:\/\/actu.fr\/pays-de-la-loire\/les-sables-d-olonne_85194\/les-sables-dolonne-a-quoi-ressemblera-le-nouveau-casino-de-la-vannerie-a-31-millions-deuros_62452506.html\" target=\"_blank\" rel=\"noopener\">centre de congr\u00e8s des Atlantes<\/a> qui a \u00e9t\u00e9 choisi\u2009\u00bb, indique Herv\u00e9 Retureau.<\/p>\n<p>    <img   decoding=\"async\" loading=\"lazy\" class=\"size-large\" src=\"https:\/\/www.europesays.com\/fr\/wp-content\/uploads\/2025\/11\/d5828782942962a82878294290e828v-960x640.jpg\" alt=\"Les ravisseurs de la mer\" width=\"960\" height=\"640\"\/><br \/>\n    Au centre, la tour d\u2019Arundel identifie clairement Les Sables-d\u2019Olonne comme lieu d\u2019inspiration de Maria Morgan-Snell. \u00a9Journal des SablesPeu visible aux Atlantes<\/p>\n<p class=\" wall-content\">Un choix qui s\u2019av\u00e9rerait donc finalement<b> peu judicieux car la fresque y est peu visible<\/b> pour deux raisons.<\/p>\n<p class=\" wall-content\">La premi\u00e8re est que, du rez-de-chauss\u00e9e, elle est <b>cach\u00e9e par la salle Vend\u00e9e Globe<\/b> et, m\u00eame en empruntant les escaliers pour monter \u00e0 l\u2019\u00e9tage, il faut avoir le r\u00e9flexe de lever la t\u00eate pour la voir.<\/p>\n<p class=\" wall-content\">La seconde raison est que<b> l\u2019entr\u00e9e aux Atlantes n\u2019est pas libre<\/b>. Il faut assister \u00e0 un \u00e9v\u00e9nement (concert, spectacle, congr\u00e8s, salon\u2026) pour pouvoir y p\u00e9n\u00e9trer.<\/p>\n<p class=\" wall-content\">Herv\u00e9 Retureau l\u2019accorde\u2009: \u00ab\u2009Il faudrait la rendre plus visible et accessible \u00e0 tout le monde. Mais sa taille imposante ne laisse pas beaucoup de choix\u2026\u2009\u00bb<\/p>\n<p>Comment rendre la fresque plus visible ?<\/p>\n<p>\u00c0 l&rsquo;heure o\u00f9 plusieurs projets sont en cours (nouveau mus\u00e9e de l&rsquo;abbaye Sainte-Croix, mus\u00e9e de la mer Nac\u00e9o, m\u00e9diath\u00e8que, etc.), l&rsquo;heure ne serait-elle pas venue de pr\u00e9voir aux \u00ab Ravisseurs de la mer \u00bb un \u00e9crin qui mette davantage en valeur cette \u0153uvre grandiose ? \u00ab En ce qui concerne Nac\u00e9o, j&rsquo;y avais pens\u00e9, confie Herv\u00e9 Retureau. Mais la hauteur de plafond ne sera pas suffisante. De m\u00eame que le recul n\u00e9cessaire pour admirer un tel tableau. \u00bb<br \/>&#13;<br \/>\nQuestionn\u00e9e \u00e0 ce sujet, la Ville des Sables-d&rsquo;Olonne explique ne pas \u00eatre rendue \u00e0 cette \u00e9tape dans les projets en cours \u00ab mais nous sommes en effet toujours pr\u00eats \u00e0 en discuter avec les personnes sensibles \u00e0 l&rsquo;art \u00bb. En attendant, elle affirme qu&rsquo;\u00ab avec une centaine d&rsquo;\u00e9v\u00e9nements accueillis chaque ann\u00e9e sur site (N.D.L.R. : les Atlantes), ce sont pr\u00e8s de 50 000\u00a0visiteurs qui passent devant le tableau \u00bb. Pour autant, \u00ab \u00e0 l&rsquo;\u00e9coute des remarques formul\u00e9es \u00bb, la Ville annonce qu&rsquo;elle \u00ab va installer un panneau pour attirer le regard des passants et apporter des informations sur l&rsquo;\u0153uvre et son auteur \u00bb.<\/p>\n<p class=\" wall-content\">Personnalisez votre actualit\u00e9 en ajoutant vos villes et m\u00e9dias en favori avec <a href=\"https:\/\/moncompte.actu.fr\" title=\"D\u00e9couvez Mon Actu\" rel=\"nofollow noopener\" data-trk=\"{&quot;cta&quot;:{&quot;action&quot;:&quot;https:\\\/\\\/moncompte.actu.fr&quot;,&quot;category&quot;:&quot;mon compte&quot;,&quot;from&quot;:&quot;article footer&quot;,&quot;name&quot;:&quot;Mon actu&quot;,&quot;type&quot;:&quot;cta&quot;}}\" target=\"_blank\">Mon Actu<\/a>.<\/p>\n","protected":false},"excerpt":{"rendered":"Par Marion Travers Publi\u00e9 le 27 nov. 2025 \u00e0 18h30 R\u00e9cemment, un lecteur du Journal des Sables s\u2019est&hellip;\n","protected":false},"author":2,"featured_media":563039,"comment_status":"","ping_status":"","sticky":false,"template":"","format":"standard","meta":{"footnotes":""},"categories":[1358],"tags":[1348,1384,1385,1386,58,59,1011,27,1757],"class_list":{"0":"post-563038","1":"post","2":"type-post","3":"status-publish","4":"format-standard","5":"has-post-thumbnail","7":"category-arts-et-design","8":"tag-arts","9":"tag-arts-and-design","10":"tag-arts-et-design","11":"tag-design","12":"tag-divertissement","13":"tag-entertainment","14":"tag-fr","15":"tag-france","16":"tag-insolite"},"share_on_mastodon":{"url":"https:\/\/pubeurope.com\/@fr\/115623636512121946","error":""},"_links":{"self":[{"href":"https:\/\/www.europesays.com\/fr\/wp-json\/wp\/v2\/posts\/563038","targetHints":{"allow":["GET"]}}],"collection":[{"href":"https:\/\/www.europesays.com\/fr\/wp-json\/wp\/v2\/posts"}],"about":[{"href":"https:\/\/www.europesays.com\/fr\/wp-json\/wp\/v2\/types\/post"}],"author":[{"embeddable":true,"href":"https:\/\/www.europesays.com\/fr\/wp-json\/wp\/v2\/users\/2"}],"replies":[{"embeddable":true,"href":"https:\/\/www.europesays.com\/fr\/wp-json\/wp\/v2\/comments?post=563038"}],"version-history":[{"count":0,"href":"https:\/\/www.europesays.com\/fr\/wp-json\/wp\/v2\/posts\/563038\/revisions"}],"wp:featuredmedia":[{"embeddable":true,"href":"https:\/\/www.europesays.com\/fr\/wp-json\/wp\/v2\/media\/563039"}],"wp:attachment":[{"href":"https:\/\/www.europesays.com\/fr\/wp-json\/wp\/v2\/media?parent=563038"}],"wp:term":[{"taxonomy":"category","embeddable":true,"href":"https:\/\/www.europesays.com\/fr\/wp-json\/wp\/v2\/categories?post=563038"},{"taxonomy":"post_tag","embeddable":true,"href":"https:\/\/www.europesays.com\/fr\/wp-json\/wp\/v2\/tags?post=563038"}],"curies":[{"name":"wp","href":"https:\/\/api.w.org\/{rel}","templated":true}]}}