{"id":563046,"date":"2025-11-27T20:54:12","date_gmt":"2025-11-27T20:54:12","guid":{"rendered":"https:\/\/www.europesays.com\/fr\/563046\/"},"modified":"2025-11-27T20:54:12","modified_gmt":"2025-11-27T20:54:12","slug":"cholesterol-cette-epice-freinerait-son-apparition-et-previendrait-lobesite","status":"publish","type":"post","link":"https:\/\/www.europesays.com\/fr\/563046\/","title":{"rendered":"Cholest\u00e9rol : cette \u00e9pice freinerait son apparition et pr\u00e9viendrait l&rsquo;ob\u00e9sit\u00e9"},"content":{"rendered":"<p class=\"mb-4 text-lg md:leading-8 break-words\">Vous aimez le cumin noir ? En plus de rehausser vos plats, cette \u00e9pice peut avoir un int\u00e9r\u00eat pour votre sant\u00e9. Selon les conclusions d&rsquo;une \u00e9tude japonaise men\u00e9e par l\u2019Universit\u00e9 m\u00e9tropolitaine d\u2019Osaka, la nigelle (le cumin noir) aurait des b\u00e9n\u00e9fices pour lutter contre l&rsquo;ob\u00e9sit\u00e9 et le cholest\u00e9rol.<\/p>\n<p class=\"mb-4 text-lg md:leading-8 break-words\"><strong>LIRE AUSSI &gt;&gt; <\/strong><a data-i13n=\"cpos:1;pos:1\" href=\"https:\/\/fr.news.yahoo.com\/on-est-devant-une-epidemie-mondiale-quelle-est-cette-maladie-qui-explose-en-france-et-dans-le-monde-150731659.html\" data-ylk=\"slk:&quot;On est devant une \u00e9pid\u00e9mie mondiale&quot; : quelle est cette maladie qui explose en France et dans le monde ?;cpos:1;pos:1;elm:context_link;itc:0;sec:content-canvas;outcm:mb_qualified_link;_E:mb_qualified_link;ct:story;\" class=\"link  yahoo-link\" target=\"_blank\" rel=\"noopener\">\u00ab\u00a0On est devant une \u00e9pid\u00e9mie mondiale\u00a0\u00bb : quelle est cette maladie qui explose en France et dans le monde ?<\/a><\/p>\n<p class=\"mb-4 text-lg md:leading-8 break-words\">Depuis tr\u00e8s longtemps, ces graines sont utilis\u00e9es en m\u00e9decine traditionnelle pour leurs propri\u00e9t\u00e9s antioxydantes et anti-inflammatoires. Dans le cadre de cette \u00e9tude, une \u00e9quipe dirig\u00e9e par la professeure agr\u00e9g\u00e9e Akiko Kojima-Yuasa de l&rsquo;\u00c9cole sup\u00e9rieure de biologie humaine et d&rsquo;\u00e9cologie a utilis\u00e9 des exp\u00e9riences cellulaires et des essais cliniques sur l&rsquo;Homme pour constater les bienfaits du cumin noir.<\/p>\n<p>Des \u00ab\u00a0effets r\u00e9els et mesurables\u00a0\u00bb<\/p>\n<p class=\"mb-4 text-lg md:leading-8 break-words\">R\u00e9sultats ? Au cours de cette \u00e9tude, les participants ont consomm\u00e9 quotidiennement 5 grammes de poudre de graines de cumin noir (environ une cuill\u00e8re \u00e0 soupe) pendant 8 semaines. Et les bienfaits ont \u00e9t\u00e9 nombreux. Comme le rapporte<a data-i13n=\"cpos:2;pos:1\" href=\"https:\/\/www.eurekalert.org\/news-releases\/1106229\" rel=\"nofollow noopener\" target=\"_blank\" data-ylk=\"slk:le communiqu\u00e9 de l&#039;\u00e9tude;cpos:2;pos:1;elm:context_link;itc:0;sec:content-canvas\" class=\"link \"> le communiqu\u00e9 de l&rsquo;\u00e9tude<\/a>, cette consommation a induit une r\u00e9duction significative des taux sanguins de triglyc\u00e9rides, de cholest\u00e9rol LDL (le mauvais cholest\u00e9rol) et de cholest\u00e9rol total. \u00c0 l&rsquo;inverse, les chercheurs ont remarqu\u00e9 une hausse du taux de bon cholest\u00e9rol.<\/p>\n<p class=\"mb-4 text-lg md:leading-8 break-words\">\u00ab\u00a0Cette \u00e9tude sugg\u00e8re fortement que les graines de cumin noir constituent un aliment fonctionnel utile pour pr\u00e9venir l&rsquo;ob\u00e9sit\u00e9 et les maladies li\u00e9es au mode de vie\u00a0\u00bb, commente le professeur Kojima-Yuasa. Avant d&rsquo;ajouter : \u00ab\u00a0Il est tr\u00e8s gratifiant de constater que le cumin noir a d\u00e9montr\u00e9 de mani\u00e8re exhaustive des effets r\u00e9els et mesurables sur la r\u00e9duction des lipides sanguins lors d&rsquo;un essai clinique chez l&rsquo;humain\u00a0\u00bb.<\/p>\n<p class=\"mb-4 text-lg md:leading-8 break-words\">Les scientifiques ont voulu comprendre le m\u00e9canisme. Ils ont constat\u00e9 que l&rsquo;extrait de graines de cumin noir inhibait l&rsquo;adipogen\u00e8se (la formation et la maturation des cellules graisseuses) en bloquant l&rsquo;accumulation de gouttelettes lipidiques. \u00ab\u00a0Nous esp\u00e9rons mener des essais cliniques \u00e0 plus long terme et \u00e0 plus grande \u00e9chelle afin d\u2019\u00e9tudier les effets du cumin noir sur le m\u00e9tabolisme. Nous nous int\u00e9ressons particuli\u00e8rement \u00e0 ses effets sur la r\u00e9sistance \u00e0 l\u2019insuline chez les personnes diab\u00e9tiques et sur les marqueurs inflammatoires\u00a0\u00bb, \u00e9crivent les auteurs de l&rsquo;\u00e9tude.<\/p>\n<p class=\"mb-4 text-lg md:leading-8 break-words\"><strong>LIRE AUSSI &gt;&gt; <\/strong><a data-i13n=\"cpos:3;pos:1\" href=\"https:\/\/fr.news.yahoo.com\/pour-ralentir-le-vieillissement-biologique-il-faudrait-boire-ce-nombre-de-tasses-de-cafe-par-jour-154104192.html\" data-ylk=\"slk:Pour ralentir le vieillissement biologique, il faudrait boire ce nombre de tasses de caf\u00e9 par jour;cpos:3;pos:1;elm:context_link;itc:0;sec:content-canvas;outcm:mb_qualified_link;_E:mb_qualified_link;ct:story;\" class=\"link  yahoo-link\" target=\"_blank\" rel=\"noopener\">Pour ralentir le vieillissement biologique, il faudrait boire ce nombre de tasses de caf\u00e9 par jour<\/a><\/p>\n<p class=\"mb-4 text-lg md:leading-8 break-words\">Chez certaines personnes, des mesures simples peuvent permettre de normaliser le taux de cholest\u00e9rol. Par exemple, il est recommand\u00e9 d&rsquo;augmenter son activit\u00e9 physique et d&rsquo;arr\u00eater de fumer. Concernant l&rsquo;alimentation, il est possible de faire baisser le cholest\u00e9rol en limitant la consommation d\u2019acides gras satur\u00e9s d\u2019origine animale. Il est \u00e9galement recommand\u00e9 de privil\u00e9gier les acides gras insatur\u00e9s d\u2019origine animale (volaille) et v\u00e9g\u00e9tale qui sont source d\u2019acides gras om\u00e9ga-9 (huile d\u2019olive), om\u00e9ga -6 et om\u00e9ga-3 (huile de colza, soja, noix, margarines avec om\u00e9ga-9, 6 et 3) comme le d\u00e9taille <a data-i13n=\"cpos:4;pos:1\" href=\"https:\/\/www.ameli.fr\/gard\/assure\/sante\/themes\/trop-cholesterol-triglycerides-dans-sang-dyslipidemie\/traitement\" rel=\"nofollow noopener\" target=\"_blank\" data-ylk=\"slk:l&#039;Assurance maladie.;cpos:4;pos:1;elm:context_link;itc:0;sec:content-canvas\" class=\"link \">l&rsquo;Assurance maladie. <\/a>D&rsquo;apr\u00e8s des chiffres de Sant\u00e9 Publique France, un Fran\u00e7ais sur cinq a des probl\u00e8mes de cholest\u00e9rol.<\/p>\n","protected":false},"excerpt":{"rendered":"Vous aimez le cumin noir ? En plus de rehausser vos plats, cette \u00e9pice peut avoir un int\u00e9r\u00eat&hellip;\n","protected":false},"author":2,"featured_media":563047,"comment_status":"","ping_status":"","sticky":false,"template":"","format":"standard","meta":{"footnotes":""},"categories":[10],"tags":[67409,1011,27,72,71,12599],"class_list":{"0":"post-563046","1":"post","2":"type-post","3":"status-publish","4":"format-standard","5":"has-post-thumbnail","7":"category-sante","8":"tag-cumin-noir","9":"tag-fr","10":"tag-france","11":"tag-health","12":"tag-sante","13":"tag-taux-de-cholesterol"},"share_on_mastodon":{"url":"","error":""},"_links":{"self":[{"href":"https:\/\/www.europesays.com\/fr\/wp-json\/wp\/v2\/posts\/563046","targetHints":{"allow":["GET"]}}],"collection":[{"href":"https:\/\/www.europesays.com\/fr\/wp-json\/wp\/v2\/posts"}],"about":[{"href":"https:\/\/www.europesays.com\/fr\/wp-json\/wp\/v2\/types\/post"}],"author":[{"embeddable":true,"href":"https:\/\/www.europesays.com\/fr\/wp-json\/wp\/v2\/users\/2"}],"replies":[{"embeddable":true,"href":"https:\/\/www.europesays.com\/fr\/wp-json\/wp\/v2\/comments?post=563046"}],"version-history":[{"count":0,"href":"https:\/\/www.europesays.com\/fr\/wp-json\/wp\/v2\/posts\/563046\/revisions"}],"wp:featuredmedia":[{"embeddable":true,"href":"https:\/\/www.europesays.com\/fr\/wp-json\/wp\/v2\/media\/563047"}],"wp:attachment":[{"href":"https:\/\/www.europesays.com\/fr\/wp-json\/wp\/v2\/media?parent=563046"}],"wp:term":[{"taxonomy":"category","embeddable":true,"href":"https:\/\/www.europesays.com\/fr\/wp-json\/wp\/v2\/categories?post=563046"},{"taxonomy":"post_tag","embeddable":true,"href":"https:\/\/www.europesays.com\/fr\/wp-json\/wp\/v2\/tags?post=563046"}],"curies":[{"name":"wp","href":"https:\/\/api.w.org\/{rel}","templated":true}]}}