{"id":56305,"date":"2025-04-27T07:38:09","date_gmt":"2025-04-27T07:38:09","guid":{"rendered":"https:\/\/www.europesays.com\/fr\/56305\/"},"modified":"2025-04-27T07:38:09","modified_gmt":"2025-04-27T07:38:09","slug":"strasbourg-campagne-des-geudertheimois-dans-la-guerre-des-paysans","status":"publish","type":"post","link":"https:\/\/www.europesays.com\/fr\/56305\/","title":{"rendered":"Strasbourg campagne. Des Geudertheimois dans la guerre des Paysans"},"content":{"rendered":"<p>En Alsace, les batailles de ce Bauernkrieg , r\u00e9volte populaire commenc\u00e9e l\u2019ann\u00e9e pr\u00e9c\u00e9dente, se sont en particulier d\u00e9roul\u00e9es <a href=\"https:\/\/www.dna.fr\/culture-loisirs\/2025\/04\/22\/une-journee-pour-se-souvenir-de-la-guerre-des-paysans\" target=\"_blank\" rel=\"noopener\">\u00e0 Lupstein<\/a> , <a href=\"https:\/\/www.dna.fr\/actualite\/2025\/04\/23\/la-guerre-des-paysans-une-revolte-nee-d-un-mal-etre-dans-les-campagnes\" target=\"_blank\" rel=\"noopener\">Saverne<\/a> et <a href=\"https:\/\/www.dna.fr\/culture-loisirs\/2021\/07\/19\/en-1525-a-scherwiller-le-massacre-de-l-armee-paysanne-signe-la-fin-d-un-reve\" target=\"_blank\" rel=\"noopener\">Scherwiller<\/a>. Mais la r\u00e9gion de Brumath n\u2019\u00e9chappe pas au soul\u00e8vement.<\/p>\n<p>Comme ailleurs o\u00f9 les couvents furent occup\u00e9s par les r\u00e9volt\u00e9s pour en faire leurs bases arri\u00e8re, la commanderie de l\u2019ordre du Saint-Esprit de Stephansfeld (\u00e0 l\u2019emplacement <a href=\"https:\/\/www.dna.fr\/sante\/2013\/08\/17\/a-hoerdt-des-murs-temoins-de-souffrances-passees\" target=\"_blank\" rel=\"noopener\">de l\u2019actuel Epsan<\/a> ) devient le quartier g\u00e9n\u00e9ral d\u2019une troupe paysanne. Du 16\u00a0avril au 20\u00a0mai 1525, cette bande de Stephansfeld va atteindre jusqu\u2019\u00e0 12\u00a0000 hommes selon certaines sources (1\u00a0500 selon d\u2019autres). Participant \u00e0 de nombreux combats, elle \u00e9chappera cependant \u00e0 la catastrophe finale, se trouvant notamment \u00e0 Bouxwiller au moment du massacre de Saverne.<\/p>\n<p><a href=\"https:\/\/www.dna.fr\/culture-loisirs\/2025\/03\/15\/la-guerre-des-paysans-racontee-et-chantee-sur-scene-par-les-rustauds\" target=\"_blank\" rel=\"noopener\">La guerre des Paysans racont\u00e9e et chant\u00e9e sur sc\u00e8ne par les Rustauds<\/a><\/p>\n<p>Conrad Diebold originaire de Geudertheim ?<\/p>\n<p>Comme pour la plupart des autres bandes, le nom de son chef nous est connu\u00a0: Conrad Diebold&#8230;.<\/p>\n","protected":false},"excerpt":{"rendered":"En Alsace, les batailles de ce Bauernkrieg , r\u00e9volte populaire commenc\u00e9e l\u2019ann\u00e9e pr\u00e9c\u00e9dente, se sont en particulier d\u00e9roul\u00e9es&hellip;\n","protected":false},"author":2,"featured_media":56306,"comment_status":"","ping_status":"","sticky":false,"template":"","format":"standard","meta":{"footnotes":""},"categories":[2820],"tags":[1111,11,2389,2649,4877,5644,2880,1777,674,107,1011,27,15156,775,937,3035,12,25,7769,104,640],"class_list":{"0":"post-56305","1":"post","2":"type-post","3":"status-publish","4":"format-standard","5":"has-post-thumbnail","7":"category-strasbourg","8":"tag-actu","9":"tag-actualites","10":"tag-alsace","11":"tag-bas-rhin","12":"tag-edition-haguenau-wissembourg","13":"tag-edition-saverne-sarre-union","14":"tag-edition-strasbourg","15":"tag-eu","16":"tag-europe","17":"tag-fil-info","18":"tag-fr","19":"tag-france","20":"tag-geudertheim","21":"tag-grand-est","22":"tag-histoire","23":"tag-la-matinale-strasbourg","24":"tag-news","25":"tag-republique-francaise","26":"tag-secteur-de-brumath","27":"tag-societe","28":"tag-strasbourg"},"share_on_mastodon":{"url":"https:\/\/pubeurope.com\/@fr\/114408790759108591","error":""},"_links":{"self":[{"href":"https:\/\/www.europesays.com\/fr\/wp-json\/wp\/v2\/posts\/56305","targetHints":{"allow":["GET"]}}],"collection":[{"href":"https:\/\/www.europesays.com\/fr\/wp-json\/wp\/v2\/posts"}],"about":[{"href":"https:\/\/www.europesays.com\/fr\/wp-json\/wp\/v2\/types\/post"}],"author":[{"embeddable":true,"href":"https:\/\/www.europesays.com\/fr\/wp-json\/wp\/v2\/users\/2"}],"replies":[{"embeddable":true,"href":"https:\/\/www.europesays.com\/fr\/wp-json\/wp\/v2\/comments?post=56305"}],"version-history":[{"count":0,"href":"https:\/\/www.europesays.com\/fr\/wp-json\/wp\/v2\/posts\/56305\/revisions"}],"wp:featuredmedia":[{"embeddable":true,"href":"https:\/\/www.europesays.com\/fr\/wp-json\/wp\/v2\/media\/56306"}],"wp:attachment":[{"href":"https:\/\/www.europesays.com\/fr\/wp-json\/wp\/v2\/media?parent=56305"}],"wp:term":[{"taxonomy":"category","embeddable":true,"href":"https:\/\/www.europesays.com\/fr\/wp-json\/wp\/v2\/categories?post=56305"},{"taxonomy":"post_tag","embeddable":true,"href":"https:\/\/www.europesays.com\/fr\/wp-json\/wp\/v2\/tags?post=56305"}],"curies":[{"name":"wp","href":"https:\/\/api.w.org\/{rel}","templated":true}]}}