{"id":563052,"date":"2025-11-27T20:57:13","date_gmt":"2025-11-27T20:57:13","guid":{"rendered":"https:\/\/www.europesays.com\/fr\/563052\/"},"modified":"2025-11-27T20:57:13","modified_gmt":"2025-11-27T20:57:13","slug":"la-conscience-precede-la-matiere","status":"publish","type":"post","link":"https:\/\/www.europesays.com\/fr\/563052\/","title":{"rendered":"la conscience pr\u00e9c\u00e8de la mati\u00e8re"},"content":{"rendered":"<p class=\"font-claude-response-body whitespace-normal break-words\"><strong>Nous avons toujours cru que notre conscience \u00e9mergeait de l\u2019activit\u00e9 \u00e9lectrochimique de nos neurones, une sorte de propri\u00e9t\u00e9 \u00e9mergente de la complexit\u00e9 c\u00e9r\u00e9brale. Pourtant, une physicienne su\u00e9doise vient de publier une th\u00e9orie qui bouleverse cette certitude : et si c\u2019\u00e9tait exactement l\u2019inverse ? Et si la conscience existait avant la mati\u00e8re, avant le temps, avant l\u2019espace lui-m\u00eame ? Maria Str\u00f8mme, professeure \u00e0 l\u2019Universit\u00e9 d\u2019Uppsala, propose un mod\u00e8le math\u00e9matique o\u00f9 la r\u00e9alit\u00e9 telle que nous la connaissons n\u2019est qu\u2019une cons\u00e9quence de quelque chose de bien plus profond.<\/strong><\/p>\n<p>Quand une sp\u00e9cialiste des nanomat\u00e9riaux r\u00e9\u00e9crit les lois de l\u2019univers<\/p>\n<p class=\"font-claude-response-body whitespace-normal break-words\">Maria Str\u00f8mme n\u2019est pas une philosophe en qu\u00eate de sp\u00e9culations vaporeuses. C\u2019est une scientifique rigoureuse, sp\u00e9cialis\u00e9e en nanotechnologie et science des mat\u00e9riaux. Son quotidien consiste normalement \u00e0 \u00e9tudier les structures atomiques, la mati\u00e8re \u00e0 l\u2019\u00e9chelle la plus infime. Pourtant, elle vient de<a href=\"https:\/\/dx.doi.org\/10.1063\/5.0290984\" target=\"_blank\" rel=\"noopener\"> publier dans la revue AIP Advances<\/a> une th\u00e9orie qui op\u00e8re un saut vertigineux : des nanomat\u00e9riaux aux fondements m\u00eames de la r\u00e9alit\u00e9.<\/p>\n<p class=\"font-claude-response-body whitespace-normal break-words\">Son article, d\u00e9sign\u00e9 meilleur papier du num\u00e9ro et mis en couverture, propose un cadre th\u00e9orique formul\u00e9 dans le langage math\u00e9matique de la physique quantique. Pas de m\u00e9taphysique floue ici, mais des \u00e9quations, des pr\u00e9dictions v\u00e9rifiables et une ambition scientifique assum\u00e9e : d\u00e9crire comment fonctionne r\u00e9ellement notre univers.<\/p>\n<p class=\"font-claude-response-body whitespace-normal break-words\">L\u2019hypoth\u00e8se centrale tient en une phrase qui fait vaciller nos certitudes : la conscience pr\u00e9c\u00e8de tout le reste. Le temps, l\u2019espace, la mati\u00e8re ne seraient que des manifestations secondaires d\u2019un champ de conscience fondamental.<\/p>\n<p>Un renversement total de perspective<\/p>\n<p class=\"font-claude-response-body whitespace-normal break-words\">Selon le mod\u00e8le de Str\u00f8mme, ce que nous appelons mati\u00e8re n\u2019est pas la brique \u00e9l\u00e9mentaire de la r\u00e9alit\u00e9, mais plut\u00f4t une repr\u00e9sentation, voire une illusion. Pour une ing\u00e9nieure habitu\u00e9e \u00e0 consid\u00e9rer la mati\u00e8re comme fondamentale, cet aveu repr\u00e9sente un virage conceptuel majeur.<\/p>\n<p class=\"font-claude-response-body whitespace-normal break-words\">Dans ce cadre th\u00e9orique, les consciences individuelles ne sont pas des \u00eelots isol\u00e9s produits par des cerveaux s\u00e9par\u00e9s. Elles constituent des portions d\u2019un champ de conscience plus vaste et interconnect\u00e9, comparable \u00e0 des vagues \u00e0 la surface d\u2019un oc\u00e9an unique. Notre sentiment de s\u00e9paration, notre impression d\u2019\u00eatre des entit\u00e9s distinctes, d\u00e9coulerait d\u2019une perception limit\u00e9e de cette r\u00e9alit\u00e9 unifi\u00e9e.<\/p>\n<p class=\"font-claude-response-body whitespace-normal break-words\">Cette vision rejoint \u00e9trangement celle explor\u00e9e par les pionniers de la physique quantique. Einstein, Schr\u00f6dinger, Heisenberg et Planck ont tous, \u00e0 diff\u00e9rents moments, \u00e9voqu\u00e9 des intuitions similaires. Str\u00f8mme reconna\u00eet s\u2019appuyer sur plusieurs des pistes qu\u2019ils ont ouvertes, tout en poussant le raisonnement bien au-del\u00e0.<\/p>\n<p>Quand le mystique rencontre le mesurable<\/p>\n<p class=\"font-claude-response-body whitespace-normal break-words\">L\u2019une des cons\u00e9quences les plus troublantes de ce mod\u00e8le concerne des ph\u00e9nom\u00e8nes habituellement rel\u00e9gu\u00e9s aux marges de la science : la t\u00e9l\u00e9pathie, les exp\u00e9riences de mort imminente, certaines formes d\u2019intuition inexpliqu\u00e9e. Si nos consciences baignent effectivement dans un champ partag\u00e9, ces manifestations cesseraient d\u2019\u00eatre paranormales pour devenir des expressions naturelles, bien que rares, de cette interconnexion.<\/p>\n<p class=\"font-claude-response-body whitespace-normal break-words\">Str\u00f8mme ne pr\u00e9tend pas que ces ph\u00e9nom\u00e8nes existent n\u00e9cessairement, mais que son mod\u00e8le offre un cadre permettant de les \u00e9tudier scientifiquement plut\u00f4t que de les rejeter a priori. Elle propose des pr\u00e9dictions v\u00e9rifiables en physique, en neurosciences et en cosmologie, transformant ainsi des sp\u00e9culations philosophiques en hypoth\u00e8ses testables.<\/p>\n<p class=\"font-claude-response-body whitespace-normal break-words\">Sa th\u00e9orie sugg\u00e8re \u00e9galement que la conscience individuelle survit \u00e0 la mort physique, retournant au champ universel dont elle a \u00e9merg\u00e9. Une affirmation audacieuse, formul\u00e9e non comme une croyance consolante, mais comme une cons\u00e9quence logique des \u00e9quations qu\u2019elle a d\u00e9velopp\u00e9es.<\/p>\n<p><img loading=\"lazy\" data-lazyloaded=\"1\" decoding=\"async\" class=\"size-full wp-image-311168\" src=\"https:\/\/www.europesays.com\/fr\/wp-content\/uploads\/2025\/11\/iStock-516985739-scaled.jpg\" alt=\"conscience\" width=\"2048\" height=\"1536\"  data-\/>Source: DRCr\u00e9dits : agsandrew\/istockScience moderne et sagesses anciennes<\/p>\n<p class=\"font-claude-response-body whitespace-normal break-words\">Paradoxalement, cette th\u00e9orie ultra-contemporaine r\u00e9sonne avec des intuitions mill\u00e9naires. Les textes sacr\u00e9s des grandes traditions religieuses \u00e9voquent depuis longtemps une conscience interconnect\u00e9e, une unit\u00e9 fondamentale derri\u00e8re la diversit\u00e9 apparente du monde. La Bible, le Coran, les V\u00e9das hindous : tous d\u00e9crivent, dans leur langage m\u00e9taphorique, quelque chose qui ressemble \u00e9trangement au champ de conscience que Str\u00f8mme tente de mod\u00e9liser math\u00e9matiquement.<\/p>\n<p class=\"font-claude-response-body whitespace-normal break-words\">Pour elle, ces convergences ne sont pas anodines. Les auteurs anciens ont peut-\u00eatre per\u00e7u intuitivement des v\u00e9rit\u00e9s que la science commence seulement \u00e0 pouvoir formuler rigoureusement. Les premiers physiciens quantiques sont arriv\u00e9s \u00e0 des conclusions similaires par des m\u00e9thodes exp\u00e9rimentales. Il serait peut-\u00eatre temps que les sciences naturelles modernes explorent s\u00e9rieusement ces questions avec leurs outils les plus aff\u00fbt\u00e9s.<\/p>\n<p>Un changement de paradigme en gestation<\/p>\n<p class=\"font-claude-response-body whitespace-normal break-words\">Str\u00f8mme compare explicitement sa proposition aux grands bouleversements de l\u2019histoire scientifique : la d\u00e9couverte que la Terre est sph\u00e9rique, la r\u00e9volution copernicienne qui a d\u00e9tr\u00f4n\u00e9 notre plan\u00e8te du centre de l\u2019univers. Chaque fois, l\u2019humanit\u00e9 a d\u00fb abandonner une \u00e9vidence pour embrasser une r\u00e9alit\u00e9 contre-intuitive.<\/p>\n<p class=\"font-claude-response-body whitespace-normal break-words\">Si ce mod\u00e8le devait \u00eatre valid\u00e9, il marquerait peut-\u00eatre le d\u00e9but d\u2019une nouvelle \u00e8re dans notre compr\u00e9hension de ce que nous sommes et de la place que nous occupons dans l\u2019univers. En attendant, les pr\u00e9dictions sont pos\u00e9es. La science fera son travail de v\u00e9rification.<\/p>\n","protected":false},"excerpt":{"rendered":"Nous avons toujours cru que notre conscience \u00e9mergeait de l\u2019activit\u00e9 \u00e9lectrochimique de nos neurones, une sorte de propri\u00e9t\u00e9&hellip;\n","protected":false},"author":2,"featured_media":563053,"comment_status":"","ping_status":"","sticky":false,"template":"","format":"standard","meta":{"footnotes":""},"categories":[7],"tags":[1011,27,43,40,41,39,42,44],"class_list":{"0":"post-563052","1":"post","2":"type-post","3":"status-publish","4":"format-standard","5":"has-post-thumbnail","7":"category-sciences-et-technologies","8":"tag-fr","9":"tag-france","10":"tag-science","11":"tag-science-and-technology","12":"tag-sciences","13":"tag-sciences-et-technologies","14":"tag-technologies","15":"tag-technology"},"share_on_mastodon":{"url":"https:\/\/pubeurope.com\/@fr\/115623667668107723","error":""},"_links":{"self":[{"href":"https:\/\/www.europesays.com\/fr\/wp-json\/wp\/v2\/posts\/563052","targetHints":{"allow":["GET"]}}],"collection":[{"href":"https:\/\/www.europesays.com\/fr\/wp-json\/wp\/v2\/posts"}],"about":[{"href":"https:\/\/www.europesays.com\/fr\/wp-json\/wp\/v2\/types\/post"}],"author":[{"embeddable":true,"href":"https:\/\/www.europesays.com\/fr\/wp-json\/wp\/v2\/users\/2"}],"replies":[{"embeddable":true,"href":"https:\/\/www.europesays.com\/fr\/wp-json\/wp\/v2\/comments?post=563052"}],"version-history":[{"count":0,"href":"https:\/\/www.europesays.com\/fr\/wp-json\/wp\/v2\/posts\/563052\/revisions"}],"wp:featuredmedia":[{"embeddable":true,"href":"https:\/\/www.europesays.com\/fr\/wp-json\/wp\/v2\/media\/563053"}],"wp:attachment":[{"href":"https:\/\/www.europesays.com\/fr\/wp-json\/wp\/v2\/media?parent=563052"}],"wp:term":[{"taxonomy":"category","embeddable":true,"href":"https:\/\/www.europesays.com\/fr\/wp-json\/wp\/v2\/categories?post=563052"},{"taxonomy":"post_tag","embeddable":true,"href":"https:\/\/www.europesays.com\/fr\/wp-json\/wp\/v2\/tags?post=563052"}],"curies":[{"name":"wp","href":"https:\/\/api.w.org\/{rel}","templated":true}]}}