{"id":563056,"date":"2025-11-27T20:59:12","date_gmt":"2025-11-27T20:59:12","guid":{"rendered":"https:\/\/www.europesays.com\/fr\/563056\/"},"modified":"2025-11-27T20:59:12","modified_gmt":"2025-11-27T20:59:12","slug":"donald-trump-suspend-les-programmes-dasile-pour-les-afghans","status":"publish","type":"post","link":"https:\/\/www.europesays.com\/fr\/563056\/","title":{"rendered":"Donald Trump suspend les programmes d\u2019asile pour les Afghans"},"content":{"rendered":"<p>\n    <strong>D\u00c9CRYPTAGE &#8211;<\/strong> Le pr\u00e9sident am\u00e9ricain accuse la politique de Joe Biden d\u2019\u00eatre responsable de l\u2019attaque commise par un r\u00e9fugi\u00e9 afghan contre deux membres de la Garde nationale.<\/p>\n<p class=\"fig-paragraph\">L\u2019attentat commis\u00a0<a href=\"http:\/\/www.lefigaro.fr\/international\/tirs-a-washington-ce-que-l-on-sait-des-deux-militaires-grievement-blesses-20251127\" data-fig-type=\"Article\" data-gtm-custom-categorie=\"navigation\" data-gtm-custom-action=\"crossclick\" data-gtm-custom-label=\"Contextuel\" data-gtm-event=\"customEventSPE\" data-fig-domain=\"LEFIGARO\" target=\"_blank\" rel=\"noopener\">par un r\u00e9fugi\u00e9 afghan contre deux soldats de la Garde nationale<\/a>\u00a0en plein centre de Washington a suscit\u00e9 la col\u00e8re de Trump, qui a fustig\u00e9 les politiques d\u2019immigration des d\u00e9mocrates et annonc\u00e9 la suspension de programmes d\u2019asile pour les ressortissants afghans.<\/p>\n<p class=\"fig-paragraph\">L\u2019attaque a eu lieu mercredi vers 14\u00a0h\u00a015 sur Farragut Square, \u00e0 deux rues de la Maison-Blanche, au centre de la capitale f\u00e9d\u00e9rale. L\u2019assaillant, qui attendait les soldats au coin de la 17e\u00a0Rue, pr\u00e8s de l\u2019entr\u00e9e du m\u00e9tro West Farragut, a tir\u00e9 sur les deux soldats au revolver, dans la t\u00eate et la poitrine. D\u2019autres militaires en patrouille auraient \u00e0 leur tour ouvert le feu sur l\u2019agresseur, le blessant avant de le faire prisonnier. Le quartier a \u00e9t\u00e9 rapidement boucl\u00e9 par la police et plusieurs agences de s\u00e9curit\u00e9 f\u00e9d\u00e9rales ont \u00e9t\u00e9 d\u00e9ploy\u00e9es en renfort.<\/p>\n<p class=\"fig-body-link\">\n            \u00c0 lire aussi<br \/>\n        <a class=\"fig-body-link__link\" href=\"http:\/\/www.lefigaro.fr\/international\/deux-militaires-cibles-par-des-tirs-a-washington-a-proximite-de-la-maison-blanche-20251126\" data-fig-type=\"NewsFlash\" data-gtm-custom-categorie=\"navigation\" data-gtm-custom-action=\"crossclick\" data-gtm-custom-label=\"Contextuel\" data-gtm-event=\"customEventSPE\" data-fig-domain=\"LEFIGARO\" target=\"_blank\" rel=\"noopener\"><\/p>\n<p>        Tirs \u00e0 Washington\u00a0: deux militaires gri\u00e8vement bless\u00e9s pr\u00e8s de la Maison-Blanche, un suspect afghan arr\u00eat\u00e9<br \/>\n    <\/a>\n<\/p>\n<p class=\"fig-paragraph\">Les deux soldats bless\u00e9s, Sarah Beckstrom, 20\u00a0ans, et Andrew Wolfe, 24\u00a0ans, sont dans un \u00e9tat critique. Ils appartiennent \u00e0 la Garde nationale de Virginie-Occidentale\u2026<\/p>\n<p class=\"fig-premium-paywall__infos\">\n        Cet article est r\u00e9serv\u00e9 aux abonn\u00e9s.        Il vous reste 85% \u00e0 d\u00e9couvrir.\n    <\/p>\n<p>                <img  data- alt=\"Le Figaro\" class=\"fig-img--complete fig-img\"\/><\/p>\n<p class=\"fig-premium-paywall__title\">Black Friday<\/p>\n<p class=\"fig-premium-paywall__subtitle\">-70% sur l&rsquo;abonnement num\u00e9rique<\/p>\n<p class=\"fig-premium-paywall__connect\">\n                D\u00e9j\u00e0 abonn\u00e9\u00a0?                <a class=\"fig-premium-paywall__connect-link\" href=\"https:\/\/connect.lefigaro.fr\/login?client=horizon_web&amp;type=main&amp;redirect_uri=https%3A%2F%2Fwww.lefigaro.fr%2Finternational%2Fattentat-a-washington-donald-trump-suspend-les-programmes-d-asile-pour-les-afghans-20251127\" data-js-gtm=\"{&quot;customCategorie&quot;: &quot;conversion&quot;, &quot;customAction&quot;: &quot;before_Landing_Connexion_paywall_auto&quot;, &quot;customLabel&quot;: &quot;bGVmaWdhcm8uZnJfXzFmMGNiOTdhLTdlYzQtNjZhMi1iZjA4LTgxOTQwZTU3YjkxOF9fQXJ0aWNsZQ==_Attentat \u00e0 Washington\u00a0: Donald Trump suspend les programmes d\u2019asile pour les Afghans_165&quot;, &quot;customIDSPE&quot;: &quot;bGVmaWdhcm8uZnJfXzFmMGNiOTdhLTdlYzQtNjZhMi1iZjA4LTgxOTQwZTU3YjkxOF9fQXJ0aWNsZQ==&quot;, &quot;event&quot;: &quot;customEventSPE&quot;}\" target=\"_blank\" rel=\"noopener\"><br \/>\n                    Connectez-vous<br \/>\n                <\/a>\n            <\/p>\n","protected":false},"excerpt":{"rendered":"D\u00c9CRYPTAGE &#8211; Le pr\u00e9sident am\u00e9ricain accuse la politique de Joe Biden d\u2019\u00eatre responsable de l\u2019attaque commise par un&hellip;\n","protected":false},"author":2,"featured_media":563057,"comment_status":"","ping_status":"","sticky":false,"template":"","format":"standard","meta":{"footnotes":""},"categories":[5],"tags":[11,75,73,1011,27,14,12,28],"class_list":{"0":"post-563056","1":"post","2":"type-post","3":"status-publish","4":"format-standard","5":"has-post-thumbnail","7":"category-international","8":"tag-actualites","9":"tag-donald-trump","10":"tag-etats-unis","11":"tag-fr","12":"tag-france","13":"tag-international","14":"tag-news","15":"tag-world"},"share_on_mastodon":{"url":"https:\/\/pubeurope.com\/@fr\/115623674827895141","error":""},"_links":{"self":[{"href":"https:\/\/www.europesays.com\/fr\/wp-json\/wp\/v2\/posts\/563056","targetHints":{"allow":["GET"]}}],"collection":[{"href":"https:\/\/www.europesays.com\/fr\/wp-json\/wp\/v2\/posts"}],"about":[{"href":"https:\/\/www.europesays.com\/fr\/wp-json\/wp\/v2\/types\/post"}],"author":[{"embeddable":true,"href":"https:\/\/www.europesays.com\/fr\/wp-json\/wp\/v2\/users\/2"}],"replies":[{"embeddable":true,"href":"https:\/\/www.europesays.com\/fr\/wp-json\/wp\/v2\/comments?post=563056"}],"version-history":[{"count":0,"href":"https:\/\/www.europesays.com\/fr\/wp-json\/wp\/v2\/posts\/563056\/revisions"}],"wp:featuredmedia":[{"embeddable":true,"href":"https:\/\/www.europesays.com\/fr\/wp-json\/wp\/v2\/media\/563057"}],"wp:attachment":[{"href":"https:\/\/www.europesays.com\/fr\/wp-json\/wp\/v2\/media?parent=563056"}],"wp:term":[{"taxonomy":"category","embeddable":true,"href":"https:\/\/www.europesays.com\/fr\/wp-json\/wp\/v2\/categories?post=563056"},{"taxonomy":"post_tag","embeddable":true,"href":"https:\/\/www.europesays.com\/fr\/wp-json\/wp\/v2\/tags?post=563056"}],"curies":[{"name":"wp","href":"https:\/\/api.w.org\/{rel}","templated":true}]}}