{"id":563058,"date":"2025-11-27T21:00:14","date_gmt":"2025-11-27T21:00:14","guid":{"rendered":"https:\/\/www.europesays.com\/fr\/563058\/"},"modified":"2025-11-27T21:00:14","modified_gmt":"2025-11-27T21:00:14","slug":"lextreme-droite-amplifie-sa-guerre-culturelle-contre-laudiovisuel-public-mediapart","status":"publish","type":"post","link":"https:\/\/www.europesays.com\/fr\/563058\/","title":{"rendered":"L\u2019extr\u00eame droite amplifie sa guerre culturelle contre l\u2019audiovisuel public &#8211; Mediapart"},"content":{"rendered":"<ol>\n<li><a href=\"https:\/\/news.google.com\/rss\/articles\/CBMiwgFBVV95cUxOamUwWWU1VW9xWnRlbjdKUzh4XzJwUWFpa3RXYkoxMjdhNjFXblJUeFlvbEtsU3QxVUJoM3Y1TUk4QXdjeWNHMVhvdU1SM2ZtbkdUM2tNejNCeWhVYU45MWJhYUdXVEM1azhVRmtYVjVRdk9RN0JsdlB4NXZaczd0TlBRMEdFemZOYVBKNm1jOHU3aUZrTEx2MHN5WmJncnp1RnZvZHdaalRMY2J6SFM0T2xtXzZyT2wtZ1hwMGluTmRPUQ?oc=5\" target=\"_blank\" rel=\"noopener\">L\u2019extr\u00eame droite amplifie sa guerre culturelle contre l\u2019audiovisuel public<\/a>&nbsp;&nbsp;Mediapart<\/li>\n<li><a href=\"https:\/\/news.google.com\/rss\/articles\/CBMiwgFBVV95cUxNVkdPVDExLTB4SkkyaXhDcjl0SlltYW1lZl9OYTZZb0c5SmhPYkVxTDZSSW5BZnJBWERmUWZJOFBhX190UEVKYW9ZZTdqR1gyOGtmamRKTktjcHcySW5RRnJUVGZ2UUk4TUhUcFlLMGxZcFRuTkw1NG9saUtHeVNTN3J0V0RnS1NLeDU2WEFIb21FeG9NWWtRQmVoRnJRRnVldEw4c01kaGpQc3hIQ0ZKSlo0WlFWd0FMSkphUUk4NUJkUQ?oc=5\" target=\"_blank\" rel=\"noopener\">\u00ab La m\u00e9thode CNews \u00bb\u2026 Ce que r\u00e9v\u00e8le le nouveau \u00ab Compl\u00e9ment d\u2019enqu\u00eate \u00bb<\/a>&nbsp;&nbsp;20 Minutes<\/li>\n<li><a href=\"https:\/\/news.google.com\/rss\/articles\/CBMiygFBVV95cUxQQWkyWS1mSWpfOU1RM2o1aUZIZFVheU9XbEdyS3lpSEhLeDl1OWViZ2hZdTBGNG4yWlc2VVRuNzJUYVpuZFJoeXgxZ0hBNUh6djlYU05qV3VfQkxyV3Fsb2hxSUpnZ0t5eXZjQlo4ektfTlFqaWNOSGlPVkpKUTZZeHZ0ZHQ1d3FxMWdTX0M0WkgxYXc3RmFuWTM2OFVSdm12WlpnLVotZGhPTW45amxQa3lCRmN4Y2xseXA5NzVjMGxmT1RnTWdicjBB?oc=5\" target=\"_blank\" rel=\"noopener\">L&rsquo;Arcom ne constate pas de manquement au pluralisme sur CNews sur la p\u00e9riode vis\u00e9e par RSF<\/a>&nbsp;&nbsp;Le Figaro<\/li>\n<li><a href=\"https:\/\/news.google.com\/rss\/articles\/CBMirwFBVV95cUxPWjQ0M09sTHozSWtHZERXNVdST2ZscUhqZjFZVWVxNi0ycXZMNDBUOC1XVG5HQ09LVHh0N2wtVldNVmF5S2NuLWJMUVE5RE9lMWdrQi00eFoyd1hhNkxEdXZPajg0bGwtS2VIdm1uVDc2cmNZUFJzS0Q1MlZ0SE1fZkI2QjZoQ0N0c0VFakNfX0EtQVduTnZYQW5SQlpudHVWUEhLY2x6QmtCRFR6eDJv?oc=5\" target=\"_blank\" rel=\"noopener\">Pourquoi Pascal Praud ne va pas aimer le \u00ab\u00a0Compl\u00e9ment d\u2019enqu\u00eate\u00a0\u00bb sur CNews<\/a>&nbsp;&nbsp;Marianne<\/li>\n<li><a href=\"https:\/\/news.google.com\/rss\/articles\/CBMilwJBVV95cUxOZ1huSEZ6LW9FVVhVY1ZLSU9xa1Z4MmJnWkU2VE9BZW9EUUV5Y3VBeXB6M0l4aGx3S0NERE56VEhCcU9kOG5NamliRGlPOVNBdnVpNEVCQmdFWXpHVmVDVEo2djhnQ05yNUVadUdSazdlVFI2ell1a01qeGFFbzJnQmQ0TEFJLXdzR0pVOU9XdWI1M1pwVjJjMEZrRGdNRGNUYm5JakJyc1pCT3JCS19TOUhXN2YtY0hfalhBeTN3TmpxclRCQTdwMkFMYXNMb3lzenZrdXRQaEdRTktrNFd3cEhrcFdqZWZjeGx0c1NsSVl4VGxFb0liZDhMZGFNYVFfcjFBUUZGbG5DSjN2dzQ4NFE4aWw3T28?oc=5\" target=\"_blank\" rel=\"noopener\">\u00abCompl\u00e9ment d\u2019Enqu\u00eate\u00bb sur CNews : France 2 a demand\u00e9 \u00e0 ses \u00e9quipes de couper en catastrophe une partie de son reportage<\/a>&nbsp;&nbsp;Le Parisien<\/li>\n<\/ol>\n","protected":false},"excerpt":{"rendered":"L\u2019extr\u00eame droite amplifie sa guerre culturelle contre l\u2019audiovisuel public&nbsp;&nbsp;Mediapart \u00ab La m\u00e9thode CNews \u00bb\u2026 Ce que r\u00e9v\u00e8le le&hellip;\n","protected":false},"author":2,"featured_media":563059,"comment_status":"","ping_status":"","sticky":false,"template":"","format":"standard","meta":{"footnotes":""},"categories":[4],"tags":[11,9722,1076,1011,27,2400,500,12,10316,25,1022],"class_list":{"0":"post-563058","1":"post","2":"type-post","3":"status-publish","4":"format-standard","5":"has-post-thumbnail","7":"category-france","8":"tag-actualites","9":"tag-cnews","10":"tag-extreme-droite","11":"tag-fr","12":"tag-france","13":"tag-france-televisions","14":"tag-medias","15":"tag-news","16":"tag-radio-france","17":"tag-republique-francaise","18":"tag-vincent-bollore"},"share_on_mastodon":{"url":"https:\/\/pubeurope.com\/@fr\/115623678618495616","error":""},"_links":{"self":[{"href":"https:\/\/www.europesays.com\/fr\/wp-json\/wp\/v2\/posts\/563058","targetHints":{"allow":["GET"]}}],"collection":[{"href":"https:\/\/www.europesays.com\/fr\/wp-json\/wp\/v2\/posts"}],"about":[{"href":"https:\/\/www.europesays.com\/fr\/wp-json\/wp\/v2\/types\/post"}],"author":[{"embeddable":true,"href":"https:\/\/www.europesays.com\/fr\/wp-json\/wp\/v2\/users\/2"}],"replies":[{"embeddable":true,"href":"https:\/\/www.europesays.com\/fr\/wp-json\/wp\/v2\/comments?post=563058"}],"version-history":[{"count":0,"href":"https:\/\/www.europesays.com\/fr\/wp-json\/wp\/v2\/posts\/563058\/revisions"}],"wp:featuredmedia":[{"embeddable":true,"href":"https:\/\/www.europesays.com\/fr\/wp-json\/wp\/v2\/media\/563059"}],"wp:attachment":[{"href":"https:\/\/www.europesays.com\/fr\/wp-json\/wp\/v2\/media?parent=563058"}],"wp:term":[{"taxonomy":"category","embeddable":true,"href":"https:\/\/www.europesays.com\/fr\/wp-json\/wp\/v2\/categories?post=563058"},{"taxonomy":"post_tag","embeddable":true,"href":"https:\/\/www.europesays.com\/fr\/wp-json\/wp\/v2\/tags?post=563058"}],"curies":[{"name":"wp","href":"https:\/\/api.w.org\/{rel}","templated":true}]}}