{"id":563062,"date":"2025-11-27T21:04:14","date_gmt":"2025-11-27T21:04:14","guid":{"rendered":"https:\/\/www.europesays.com\/fr\/563062\/"},"modified":"2025-11-27T21:04:14","modified_gmt":"2025-11-27T21:04:14","slug":"saint-priest-en-jarez-un-homme-retrouve-en-pleine-nuit-allonge-dans-la-salle-du-conseil-municipal","status":"publish","type":"post","link":"https:\/\/www.europesays.com\/fr\/563062\/","title":{"rendered":"Saint-Priest-en-Jarez. Un homme retrouv\u00e9 en pleine nuit allong\u00e9 dans la salle du conseil municipal"},"content":{"rendered":"<p>Le mercredi 26\u00a0novembre, les policiers de la Brigade anticriminalit\u00e9 sont sollicit\u00e9s, car une personne se serait introduite dans l\u2019enceinte de la mairie de Saint-Priest-en-Jarez. Rapidement sur place, les fonctionnaires d\u00e9couvrent que la porte du b\u00e2timent a \u00e9t\u00e9 forc\u00e9e et surtout que des gouttes de sang jonchent le sol.<\/p>\n<p>Prenant toutes les pr\u00e9cautions n\u00e9cessaires, les agents d\u00e9cident de p\u00e9n\u00e9trer dans les locaux municipaux. C\u2019est ainsi qu\u2019ils vont d\u00e9couvrir, allong\u00e9 sur le sol, pr\u00e8s de son chien, un jeune homme de 33 ans.<\/p>\n<p>Ce dernier est bless\u00e9 \u00e0 la main et pr\u00e9sente tous les signes de l\u2019\u00e9tat d\u2019ivresse.<\/p>\n<p>  L\u2019animal confi\u00e9 \u00e0 la fourri\u00e8re<\/p>\n<p>Le trentenaire sera interpell\u00e9 pour d\u00e9gradation de biens publics. Quant \u00e0 l\u2019animal, il a \u00e9t\u00e9 confi\u00e9 \u00e0 la fourri\u00e8re. Mais au cours de son transfert vers l\u2019h\u00f4pital Nord, l\u2019individu a copieusement insult\u00e9 les policiers qui l\u2019accompagnaient.<\/p>\n<p>\u00c0 l\u2019issue de son placement en cellule de d\u00e9grisement et de son audition en garde \u00e0 vue, l\u2019homme a reconnu les faits reproch\u00e9s. Il sera convoqu\u00e9 devant les services de la justice dans le cadre d\u2019une comparution sur reconnaissance pr\u00e9alable de culpabilit\u00e9.<\/p>\n","protected":false},"excerpt":{"rendered":"Le mercredi 26\u00a0novembre, les policiers de la Brigade anticriminalit\u00e9 sont sollicit\u00e9s, car une personne se serait introduite dans&hellip;\n","protected":false},"author":2,"featured_media":563063,"comment_status":"","ping_status":"","sticky":false,"template":"","format":"standard","meta":{"footnotes":""},"categories":[9653],"tags":[1111,11,2430,271,272,7539,1777,674,274,1011,27,3367,12,25,4001,9664,15696,104],"class_list":{"0":"post-563062","1":"post","2":"type-post","3":"status-publish","4":"format-standard","5":"has-post-thumbnail","7":"category-saint-etienne","8":"tag-actu","9":"tag-actualites","10":"tag-auvergne-rhone-alpes","11":"tag-crime","12":"tag-delit-et-contravention","13":"tag-edition-loire-sud","14":"tag-eu","15":"tag-europe","16":"tag-faits-divers-justice","17":"tag-fr","18":"tag-france","19":"tag-loire","20":"tag-news","21":"tag-republique-francaise","22":"tag-saint-etienne","23":"tag-saint-etienne-bassin","24":"tag-saint-priest-en-jarez","25":"tag-societe"},"share_on_mastodon":{"url":"https:\/\/pubeurope.com\/@fr\/115623694407446199","error":""},"_links":{"self":[{"href":"https:\/\/www.europesays.com\/fr\/wp-json\/wp\/v2\/posts\/563062","targetHints":{"allow":["GET"]}}],"collection":[{"href":"https:\/\/www.europesays.com\/fr\/wp-json\/wp\/v2\/posts"}],"about":[{"href":"https:\/\/www.europesays.com\/fr\/wp-json\/wp\/v2\/types\/post"}],"author":[{"embeddable":true,"href":"https:\/\/www.europesays.com\/fr\/wp-json\/wp\/v2\/users\/2"}],"replies":[{"embeddable":true,"href":"https:\/\/www.europesays.com\/fr\/wp-json\/wp\/v2\/comments?post=563062"}],"version-history":[{"count":0,"href":"https:\/\/www.europesays.com\/fr\/wp-json\/wp\/v2\/posts\/563062\/revisions"}],"wp:featuredmedia":[{"embeddable":true,"href":"https:\/\/www.europesays.com\/fr\/wp-json\/wp\/v2\/media\/563063"}],"wp:attachment":[{"href":"https:\/\/www.europesays.com\/fr\/wp-json\/wp\/v2\/media?parent=563062"}],"wp:term":[{"taxonomy":"category","embeddable":true,"href":"https:\/\/www.europesays.com\/fr\/wp-json\/wp\/v2\/categories?post=563062"},{"taxonomy":"post_tag","embeddable":true,"href":"https:\/\/www.europesays.com\/fr\/wp-json\/wp\/v2\/tags?post=563062"}],"curies":[{"name":"wp","href":"https:\/\/api.w.org\/{rel}","templated":true}]}}