{"id":563064,"date":"2025-11-27T21:06:48","date_gmt":"2025-11-27T21:06:48","guid":{"rendered":"https:\/\/www.europesays.com\/fr\/563064\/"},"modified":"2025-11-27T21:06:48","modified_gmt":"2025-11-27T21:06:48","slug":"un-groupe-amoindri-face-a-ecotay-en-coupe-de-france-la-tuile-pour-lucas-stassin","status":"publish","type":"post","link":"https:\/\/www.europesays.com\/fr\/563064\/","title":{"rendered":"un groupe amoindri face \u00e0 Ecotay en Coupe de France, la tuile pour Lucas Stassin"},"content":{"rendered":"<p data-start=\"72\" data-end=\"501\">D\u00e9cid\u00e9ment, les Verts n&rsquo;auront jamais leur onze titulaire en Coupe de France. Alors qu&rsquo;au 7e tour face \u00e0 Quetigny (1-3), les St\u00e9phanois avaient jou\u00e9 durant la tr\u00eave internationale avec 16 absents, l\u2019ASSE va encore une fois faire avec de nombreuses indisponibilit\u00e9s. Il devrait manquer huit \u00e9l\u00e9ments, samedi, pour affronter Ecotay-Moingt, club de R\u00e9gional 3, ce samedi 29 novembre (20h30) \u00e0 Geoffroy-Guichard. Et non des moindres.<\/p>\n<p><strong data-start=\"503\" data-end=\"537\">Stassin out plusieurs semaines<\/strong><\/p>\n<p data-start=\"539\" data-end=\"1160\" data-is-last-node=\"\" data-is-only-node=\"\">En d\u00e9fense, Traor\u00e9 et Lamba sont toujours out et Bernauer, en d\u00e9licatesse avec son genou, sera pr\u00e9serv\u00e9. Au milieu, Jaber, touch\u00e9 au quadriceps, ne jouera pas non plus. Devant, ce n&rsquo;est pas forc\u00e9ment mieux puisque Stassin, Duffus, N\u2019Guessan et Davitashvili ne devraient pas \u00eatre l\u00e0. Les trois premiers sont bless\u00e9s et le dernier malade. Ce jeudi, en conf\u00e9rence de presse, l&rsquo;entra\u00eeneur de l&rsquo;ASSE, Eirik Horneland, a expliqu\u00e9 que Duffus devrait revenir \u00e0 l\u2019entra\u00eenement la semaine prochaine. Pour Stassin, bless\u00e9 au mollet depuis son passage avec les Espoirs belges, le coach s\u2019attend \u00e0 ce que le processus dure encore plusieurs semaines.<\/p>\n","protected":false},"excerpt":{"rendered":"D\u00e9cid\u00e9ment, les Verts n&rsquo;auront jamais leur onze titulaire en Coupe de France. Alors qu&rsquo;au 7e tour face \u00e0&hellip;\n","protected":false},"author":2,"featured_media":563065,"comment_status":"","ping_status":"","sticky":false,"template":"","format":"standard","meta":{"footnotes":""},"categories":[9653],"tags":[1111,11,2430,61432,1777,674,1011,27,59995,12,25,4001],"class_list":{"0":"post-563064","1":"post","2":"type-post","3":"status-publish","4":"format-standard","5":"has-post-thumbnail","7":"category-saint-etienne","8":"tag-actu","9":"tag-actualites","10":"tag-auvergne-rhone-alpes","11":"tag-coupes-coupe-de-france","12":"tag-eu","13":"tag-europe","14":"tag-fr","15":"tag-france","16":"tag-ligue-2-actus","17":"tag-news","18":"tag-republique-francaise","19":"tag-saint-etienne"},"share_on_mastodon":{"url":"https:\/\/pubeurope.com\/@fr\/115623706177054089","error":""},"_links":{"self":[{"href":"https:\/\/www.europesays.com\/fr\/wp-json\/wp\/v2\/posts\/563064","targetHints":{"allow":["GET"]}}],"collection":[{"href":"https:\/\/www.europesays.com\/fr\/wp-json\/wp\/v2\/posts"}],"about":[{"href":"https:\/\/www.europesays.com\/fr\/wp-json\/wp\/v2\/types\/post"}],"author":[{"embeddable":true,"href":"https:\/\/www.europesays.com\/fr\/wp-json\/wp\/v2\/users\/2"}],"replies":[{"embeddable":true,"href":"https:\/\/www.europesays.com\/fr\/wp-json\/wp\/v2\/comments?post=563064"}],"version-history":[{"count":0,"href":"https:\/\/www.europesays.com\/fr\/wp-json\/wp\/v2\/posts\/563064\/revisions"}],"wp:featuredmedia":[{"embeddable":true,"href":"https:\/\/www.europesays.com\/fr\/wp-json\/wp\/v2\/media\/563065"}],"wp:attachment":[{"href":"https:\/\/www.europesays.com\/fr\/wp-json\/wp\/v2\/media?parent=563064"}],"wp:term":[{"taxonomy":"category","embeddable":true,"href":"https:\/\/www.europesays.com\/fr\/wp-json\/wp\/v2\/categories?post=563064"},{"taxonomy":"post_tag","embeddable":true,"href":"https:\/\/www.europesays.com\/fr\/wp-json\/wp\/v2\/tags?post=563064"}],"curies":[{"name":"wp","href":"https:\/\/api.w.org\/{rel}","templated":true}]}}