{"id":563070,"date":"2025-11-27T21:11:24","date_gmt":"2025-11-27T21:11:24","guid":{"rendered":"https:\/\/www.europesays.com\/fr\/563070\/"},"modified":"2025-11-27T21:11:24","modified_gmt":"2025-11-27T21:11:24","slug":"lancement-des-illuminations-et-feu-dartifice-au-pradet-ce-vendredi-28-11-2025-le-pradet-2","status":"publish","type":"post","link":"https:\/\/www.europesays.com\/fr\/563070\/","title":{"rendered":"Lancement des illuminations et feu d&rsquo;artifice au Pradet ce vendredi &#8211; 28\/11\/2025 &#8211; Le Pradet"},"content":{"rendered":"<p data-start=\"67\" data-end=\"316\">Venez vivre la magie de No\u00ebl au c\u0153ur du centre-ville du Pradet ! La Ville vous invite \u00e0 assister au lancement des illuminations, accompagn\u00e9 d\u2019un feu d\u2019artifice.<\/p>\n<p>&#13;<\/p>\n<p data-start=\"318\" data-end=\"524\">Pour r\u00e9chauffer cette soir\u00e9e, des chocolats chauds et du vin chaud seront offerts par le Comit\u00e9 des F\u00eates du Pradet, dans une ambiance conviviale et festive. Un moment id\u00e9al pour petits et grands pour c\u00e9l\u00e9brer ensemble l\u2019esprit des f\u00eates.<\/p>\n<p>&#13;<\/p>\n<p>18h30 PLACE FLAMENQ Lancement des Illuminations de No\u00ebl<br \/><strong>Place Flamenq : Feux d\u2019artifice<\/strong>, vin et chocolat chaud offert par la Ville du Pradet en partenariat avec le Comit\u00e9 des F\u00eates du Pradet.<\/p>\n<p>&#13;<\/p>\n<p> Entr\u00e9e libre.<\/p>\n<p>&#13;<br \/>\nLes festivit\u00e9s de No\u00ebl au Pradet :&#13;<br \/>\n&#13;<\/p>\n<p>\u00a0<\/p>\n","protected":false},"excerpt":{"rendered":"Venez vivre la magie de No\u00ebl au c\u0153ur du centre-ville du Pradet ! La Ville vous invite \u00e0&hellip;\n","protected":false},"author":2,"featured_media":559605,"comment_status":"","ping_status":"","sticky":false,"template":"","format":"standard","meta":{"footnotes":""},"categories":[9619],"tags":[1111,11,1777,674,1011,27,12,882,25,2310],"class_list":{"0":"post-563070","1":"post","2":"type-post","3":"status-publish","4":"format-standard","5":"has-post-thumbnail","7":"category-toulon","8":"tag-actu","9":"tag-actualites","10":"tag-eu","11":"tag-europe","12":"tag-fr","13":"tag-france","14":"tag-news","15":"tag-provence-alpes-cote-dazur","16":"tag-republique-francaise","17":"tag-toulon"},"share_on_mastodon":{"url":"https:\/\/pubeurope.com\/@fr\/115623722048628352","error":""},"_links":{"self":[{"href":"https:\/\/www.europesays.com\/fr\/wp-json\/wp\/v2\/posts\/563070","targetHints":{"allow":["GET"]}}],"collection":[{"href":"https:\/\/www.europesays.com\/fr\/wp-json\/wp\/v2\/posts"}],"about":[{"href":"https:\/\/www.europesays.com\/fr\/wp-json\/wp\/v2\/types\/post"}],"author":[{"embeddable":true,"href":"https:\/\/www.europesays.com\/fr\/wp-json\/wp\/v2\/users\/2"}],"replies":[{"embeddable":true,"href":"https:\/\/www.europesays.com\/fr\/wp-json\/wp\/v2\/comments?post=563070"}],"version-history":[{"count":0,"href":"https:\/\/www.europesays.com\/fr\/wp-json\/wp\/v2\/posts\/563070\/revisions"}],"wp:featuredmedia":[{"embeddable":true,"href":"https:\/\/www.europesays.com\/fr\/wp-json\/wp\/v2\/media\/559605"}],"wp:attachment":[{"href":"https:\/\/www.europesays.com\/fr\/wp-json\/wp\/v2\/media?parent=563070"}],"wp:term":[{"taxonomy":"category","embeddable":true,"href":"https:\/\/www.europesays.com\/fr\/wp-json\/wp\/v2\/categories?post=563070"},{"taxonomy":"post_tag","embeddable":true,"href":"https:\/\/www.europesays.com\/fr\/wp-json\/wp\/v2\/tags?post=563070"}],"curies":[{"name":"wp","href":"https:\/\/api.w.org\/{rel}","templated":true}]}}