{"id":563071,"date":"2025-11-27T21:12:17","date_gmt":"2025-11-27T21:12:17","guid":{"rendered":"https:\/\/www.europesays.com\/fr\/563071\/"},"modified":"2025-11-27T21:12:17","modified_gmt":"2025-11-27T21:12:17","slug":"toulon-tuifua-opere-et-absent-au-moins-trois-mois-sports","status":"publish","type":"post","link":"https:\/\/www.europesays.com\/fr\/563071\/","title":{"rendered":"Toulon : Tuifua op\u00e9r\u00e9 et absent au moins trois mois : Sports"},"content":{"rendered":"<p class=\"date\">\n                                                            Aur\u00e9lien Canot, Media365, publi\u00e9 le jeudi 27 novembre 2025 \u00e0 18h28\n                                                    <\/p>\n<p>Diminu\u00e9 par un souci \u00e0 un genou, Patrick Tuifua (21 ans) a subi une op\u00e9ration, ce jeudi \u00e0 Lyon. Le tr\u00e8s prometteur troisi\u00e8me ligne aile de Toulon ne devrait pas retrouver les terrains avant trois mois.<\/p>\n<p>Toulon va devoir apprendre \u00e0 se passer de Patrick Tuifua (21 ans). L&rsquo;ann\u00e9e 2025 est d&rsquo;ores et d\u00e9j\u00e0 termin\u00e9 pour le jeune troisi\u00e8me ligne aile du RCT que l&rsquo;on ne reverra pas \u00e0 l&rsquo;oeuvre avant 2026.<\/p>\n<p>Diminu\u00e9 depuis un long moment par une blessure \u00e0 un genou, le N\u00e9o-Cal\u00e9donien d\u00e9barqu\u00e9 dans le Var \u00e0 l&rsquo;intersaison en provenance de Nouvelle-Z\u00e9lande a enfin d\u00e9cid\u00e9 de passer par la case op\u00e9ration. L&rsquo;intervention a eu lieu ce jeudi \u00e0 Lyon, nous apprend Midi Olympique, et Tuifua devrait \u00eatre absent au moins trois mois.<\/p>\n<p>Uniquement apparu \u00e0 deux reprises &#8211; pour 53 minutes de temps de jeu en tout et pour tout &#8211; depuis son arriv\u00e9e dans le Var, l&rsquo;ancien joueur des Hawke&rsquo;s Bay Magpies semblait condamn\u00e9 et devoir subir cette op\u00e9ration pour pouvoir continuer \u00e0 avancer et \u00e0 enfin d\u00e9fendre ses nouvelles couleurs en \u00e9tant au meilleur de sa condition physique.<\/p>\n<p><strong>Le RCT s&rsquo;en serait bien pass\u00e9<\/strong><\/p>\n<p>Jamais \u00e0 cent pour cent depuis son transfert dans le Var l&rsquo;\u00e9t\u00e9 dernier, Tuifua, qui avait d\u00e9j\u00e0 \u00e9t\u00e9 priv\u00e9 de la Coupe du monde U20 en 2024 avec les Bleuets en raison de cette m\u00eame blessure qui le poursuivait depuis de tr\u00e8s longs mois, a pr\u00e9f\u00e9r\u00e9 perdre trois mois (au moins), se faire op\u00e9rer et avoir enfin la chance d&rsquo;\u00e9voluer \u00e0 cent pour cent avec le RCT.<\/p>\n<p>Ce qui n&rsquo;a pas encore \u00e9t\u00e9 le cas pour ce joueur dont l&rsquo;oncle (Laurent Simutoga), qui \u00e9volue, lui, au poste de pilier gauche, \u00e9volue \u00e9galement chez les professionnels (et \u00e9galement aux Hawke&rsquo;s Bay Magpies) et a lui aussi connu le Top 14, d&rsquo;abord avec le Stade Fran\u00e7ais puis ensuite lors de son passage \u00e0 La Rochelle.<\/p>\n<p>Pour ses d\u00e9buts dans le championnat de France, Tuifua, pris sous son aile dans le Var par le l\u00e9gendaire Ma&rsquo;a Nonu, est rest\u00e9 sur sa faim jusqu&rsquo;\u00e0 maintenant. Mais cette op\u00e9ration pourrait tout changer et le jeune num\u00e9ro 8 au talent monstre pouvoir enfin faire ses preuves avec Toulon, qui enregistre du m\u00eame coup un nouveau coup dur. Les Toulonnais, gifl\u00e9s \u00e0 Paris dimanche dernier, s&rsquo;en seraient bien pass\u00e9s.<\/p>\n","protected":false},"excerpt":{"rendered":"Aur\u00e9lien Canot, Media365, publi\u00e9 le jeudi 27 novembre 2025 \u00e0 18h28 Diminu\u00e9 par un souci \u00e0 un genou,&hellip;\n","protected":false},"author":2,"featured_media":563072,"comment_status":"","ping_status":"","sticky":false,"template":"","format":"standard","meta":{"footnotes":""},"categories":[9619],"tags":[1111,11,1777,674,1011,27,12,882,25,2310],"class_list":{"0":"post-563071","1":"post","2":"type-post","3":"status-publish","4":"format-standard","5":"has-post-thumbnail","7":"category-toulon","8":"tag-actu","9":"tag-actualites","10":"tag-eu","11":"tag-europe","12":"tag-fr","13":"tag-france","14":"tag-news","15":"tag-provence-alpes-cote-dazur","16":"tag-republique-francaise","17":"tag-toulon"},"share_on_mastodon":{"url":"https:\/\/pubeurope.com\/@fr\/115623726018634970","error":""},"_links":{"self":[{"href":"https:\/\/www.europesays.com\/fr\/wp-json\/wp\/v2\/posts\/563071","targetHints":{"allow":["GET"]}}],"collection":[{"href":"https:\/\/www.europesays.com\/fr\/wp-json\/wp\/v2\/posts"}],"about":[{"href":"https:\/\/www.europesays.com\/fr\/wp-json\/wp\/v2\/types\/post"}],"author":[{"embeddable":true,"href":"https:\/\/www.europesays.com\/fr\/wp-json\/wp\/v2\/users\/2"}],"replies":[{"embeddable":true,"href":"https:\/\/www.europesays.com\/fr\/wp-json\/wp\/v2\/comments?post=563071"}],"version-history":[{"count":0,"href":"https:\/\/www.europesays.com\/fr\/wp-json\/wp\/v2\/posts\/563071\/revisions"}],"wp:featuredmedia":[{"embeddable":true,"href":"https:\/\/www.europesays.com\/fr\/wp-json\/wp\/v2\/media\/563072"}],"wp:attachment":[{"href":"https:\/\/www.europesays.com\/fr\/wp-json\/wp\/v2\/media?parent=563071"}],"wp:term":[{"taxonomy":"category","embeddable":true,"href":"https:\/\/www.europesays.com\/fr\/wp-json\/wp\/v2\/categories?post=563071"},{"taxonomy":"post_tag","embeddable":true,"href":"https:\/\/www.europesays.com\/fr\/wp-json\/wp\/v2\/tags?post=563071"}],"curies":[{"name":"wp","href":"https:\/\/api.w.org\/{rel}","templated":true}]}}