{"id":563077,"date":"2025-11-27T21:17:17","date_gmt":"2025-11-27T21:17:17","guid":{"rendered":"https:\/\/www.europesays.com\/fr\/563077\/"},"modified":"2025-11-27T21:17:17","modified_gmt":"2025-11-27T21:17:17","slug":"pourquoi-vous-allez-peut-etre-croiser-une-celebre-actrice-et-realisatrice-a-rouen-cette-semaine","status":"publish","type":"post","link":"https:\/\/www.europesays.com\/fr\/563077\/","title":{"rendered":"Pourquoi vous allez peut-\u00eatre croiser une c\u00e9l\u00e8bre actrice et r\u00e9alisatrice \u00e0 Rouen cette semaine"},"content":{"rendered":"<p>                    Par<br \/>\n        <strong><br \/>\n            <a href=\"https:\/\/actu.fr\/auteur\/julien-bouteiller\" title=\"Consulter tous les articles de Julien Bouteiller\" target=\"_blank\" rel=\"noopener\">Julien Bouteiller<\/a><br \/>\n                    <\/strong><\/p>\n<p>        Publi\u00e9 le<\/p>\n<p>            27 nov. 2025 \u00e0 10h52        <\/p>\n<p>Certains l\u2019ont d\u00e9j\u00e0 crois\u00e9e et s\u2019en sont \u00e9tonn\u00e9s. Cette derni\u00e8re semaine de novembre\u00a02025, <strong>une c\u00e9l\u00e8bre actrice et r\u00e9alisatrice fran\u00e7aise est en plein tournage<\/strong> <a href=\"https:\/\/actu.fr\/normandie\/rouen_76540\" target=\"_blank\" rel=\"noopener\">\u00e0 Rouen<\/a> et dans l\u2019agglom\u00e9ration de son prochain film intitul\u00e9 <strong>M\u00e9moire de fille.<\/strong><\/p>\n<p>Judith Godr\u00e8che \u00e0 Rouen<\/p>\n<p class=\" wall-content\">Il s\u2019agit de Judith Godr\u00e8che. Connue pour ses r\u00f4les dans\u00a0La fille de 15\u00a0ans, La d\u00e9senchant\u00e9e, L\u2019Auberge espagnole\u00a0ou\u00a0The overnight, elle tourne actuellement <strong>son deuxi\u00e8me long-m\u00e9trage en tant que r\u00e9alisatrice.<\/strong><\/p>\n<p class=\" wall-content\">Il s\u2019agit d\u2019une adaptation d\u2019un roman autobiographique <strong>d\u2019Annie Ernaux<\/strong>, \u00e9crivaine normande <a href=\"https:\/\/actu.fr\/loisirs-culture\/nee-a-lillebonne-etudiante-a-rouen-annie-ernaux-est-prix-nobel-de-litterature_54343233.html\" target=\"_blank\" rel=\"noopener\">r\u00e9cemment aur\u00e9ol\u00e9e du Prix Nobel de litt\u00e9rature<\/a>. Dans\u00a0M\u00e9moire de fille, elle raconte le retour de l\u2019autrice dans sa ville d\u2019enfance, \u00e0 l\u2019\u00e9t\u00e9 1958. Un \u00e9t\u00e9 marqu\u00e9 par un \u00e9v\u00e9nement qui marquera tout le reste de sa vie.<\/p>\n<p class=\" wall-content\">Judith Godr\u00e8che r\u00e9alise, mais ne joue pas dans ce film. On retrouve au casting <strong>Tess Barth\u00e9l\u00e9my, Val\u00e9rie Dr\u00e9ville, Ma\u00efw\u00e8ne Barth\u00e9l\u00e9my et Ariane Labed.<\/strong><\/p>\n<p class=\" wall-content\">Des prises de vues sont pr\u00e9vues notamment ce jeudi 27\u00a0novembre \u00e0 Rouen, dans l\u2019hypercentre\u2009: rues Saint-Patrice, \u00c9toup\u00e9e et Beffroy.<\/p>\n<p>Vid\u00e9os : en ce moment sur ActuUne actrice engag\u00e9e<\/p>\n<p class=\" wall-content\">Ces derni\u00e8res ann\u00e9es, Judith Godr\u00e8che s\u2019est pleinement investie <a href=\"https:\/\/actu.fr\/ile-de-france\/paris_75056\/affaire-jacques-doillon-accuse-de-viols-le-realisateur-place-sous-le-statut-de-temoin-assiste_61971415.html\" target=\"_blank\" rel=\"noopener\">dans la lutte contre les violences sexuelles<\/a> dans le milieu du cin\u00e9ma. Elle a elle-m\u00eame d\u00e9pos\u00e9 plainte contre Beno\u00eet Jacquot et Jacques Doillon.<\/p>\n<p class=\" wall-content\">Un engagement qui n\u2019est pas sans susciter de violentes r\u00e9actions. Alors qu\u2019elle tourne son film en Normandie, son domicile a \u00e9t\u00e9 <strong>tagu\u00e9 de messages insultants et mena\u00e7ants<\/strong>. L\u2019actrice a d\u00e9pos\u00e9 plainte.<\/p>\n<p>Votre r\u00e9gion, votre actu !<\/p>\n<p>Recevez chaque jour les infos qui comptent pour vous.<\/p>\n<p>\t<a href=\"https:\/\/actu.fr\/newsletter\" class=\"ac-btn ac-btn--corner ac-btn--medium ac-btn--blue800\" target=\"_blank\" rel=\"noopener\">S&rsquo;incrire<\/a><\/p>\n<p class=\" wall-content\"><a href=\"https:\/\/www.instagram.com\/p\/DRiIoBIDOR5\/embed\" title=\"Ouvrir le lien sur Instagram\" target=\"_blank\" rel=\"noopener\">Visualiser le contenu sur Instagram<\/a><\/p>\n<p>Suivez l\u2019actualit\u00e9 de Rouen <a href=\"https:\/\/www.whatsapp.com\/channel\/0029VaKfnf99hXF2ddApFB1D\" target=\"_blank\" rel=\"noopener\">sur notre cha\u00eene WhatsApp<\/a> et <a href=\"https:\/\/www.tiktok.com\/@76actu.fr?lang=fr\" target=\"_blank\" rel=\"noopener\">sur notre compte TikTok<\/a><\/p>\n<p class=\" wall-content\">Personnalisez votre actualit\u00e9 en ajoutant vos villes et m\u00e9dias en favori avec <a href=\"https:\/\/moncompte.actu.fr\" title=\"D\u00e9couvez Mon Actu\" rel=\"nofollow noopener\" data-trk=\"{&quot;cta&quot;:{&quot;action&quot;:&quot;https:\\\/\\\/moncompte.actu.fr&quot;,&quot;category&quot;:&quot;mon compte&quot;,&quot;from&quot;:&quot;article footer&quot;,&quot;name&quot;:&quot;Mon actu&quot;,&quot;type&quot;:&quot;cta&quot;}}\" target=\"_blank\">Mon Actu<\/a>.<\/p>\n<p>                    <script async src=\"\/\/www.instagram.com\/embed.js\"><\/script><script async src=\"\/\/www.tiktok.com\/embed.js\"><\/script><\/p>\n","protected":false},"excerpt":{"rendered":"Par Julien Bouteiller Publi\u00e9 le 27 nov. 2025 \u00e0 10h52 Certains l\u2019ont d\u00e9j\u00e0 crois\u00e9e et s\u2019en sont \u00e9tonn\u00e9s.&hellip;\n","protected":false},"author":2,"featured_media":563078,"comment_status":"","ping_status":"","sticky":false,"template":"","format":"standard","meta":{"footnotes":""},"categories":[9587],"tags":[1111,11,650,1777,674,1011,27,1757,1652,12,5161,25,9590],"class_list":{"0":"post-563077","1":"post","2":"type-post","3":"status-publish","4":"format-standard","5":"has-post-thumbnail","7":"category-rouen","8":"tag-actu","9":"tag-actualites","10":"tag-cinema","11":"tag-eu","12":"tag-europe","13":"tag-fr","14":"tag-france","15":"tag-insolite","16":"tag-loisirs-culture","17":"tag-news","18":"tag-normandie","19":"tag-republique-francaise","20":"tag-rouen"},"share_on_mastodon":{"url":"https:\/\/pubeurope.com\/@fr\/115623745724261669","error":""},"_links":{"self":[{"href":"https:\/\/www.europesays.com\/fr\/wp-json\/wp\/v2\/posts\/563077","targetHints":{"allow":["GET"]}}],"collection":[{"href":"https:\/\/www.europesays.com\/fr\/wp-json\/wp\/v2\/posts"}],"about":[{"href":"https:\/\/www.europesays.com\/fr\/wp-json\/wp\/v2\/types\/post"}],"author":[{"embeddable":true,"href":"https:\/\/www.europesays.com\/fr\/wp-json\/wp\/v2\/users\/2"}],"replies":[{"embeddable":true,"href":"https:\/\/www.europesays.com\/fr\/wp-json\/wp\/v2\/comments?post=563077"}],"version-history":[{"count":0,"href":"https:\/\/www.europesays.com\/fr\/wp-json\/wp\/v2\/posts\/563077\/revisions"}],"wp:featuredmedia":[{"embeddable":true,"href":"https:\/\/www.europesays.com\/fr\/wp-json\/wp\/v2\/media\/563078"}],"wp:attachment":[{"href":"https:\/\/www.europesays.com\/fr\/wp-json\/wp\/v2\/media?parent=563077"}],"wp:term":[{"taxonomy":"category","embeddable":true,"href":"https:\/\/www.europesays.com\/fr\/wp-json\/wp\/v2\/categories?post=563077"},{"taxonomy":"post_tag","embeddable":true,"href":"https:\/\/www.europesays.com\/fr\/wp-json\/wp\/v2\/tags?post=563077"}],"curies":[{"name":"wp","href":"https:\/\/api.w.org\/{rel}","templated":true}]}}