{"id":563079,"date":"2025-11-27T21:18:12","date_gmt":"2025-11-27T21:18:12","guid":{"rendered":"https:\/\/www.europesays.com\/fr\/563079\/"},"modified":"2025-11-27T21:18:12","modified_gmt":"2025-11-27T21:18:12","slug":"pres-de-rouen-cette-police-municipale-presente-ses-nouvelles-motos-electriques","status":"publish","type":"post","link":"https:\/\/www.europesays.com\/fr\/563079\/","title":{"rendered":"pr\u00e8s de Rouen, cette police municipale pr\u00e9sente ses nouvelles motos \u00e9lectriques"},"content":{"rendered":"<p>                    Par<br \/>\n        <strong><br \/>\n            <a href=\"https:\/\/actu.fr\/auteur\/emilien-jacques\" title=\"Consulter tous les articles de Emilien Jacques\" target=\"_blank\" rel=\"noopener\">Emilien Jacques<\/a><br \/>\n                    <\/strong><\/p>\n<p>        Publi\u00e9 le<\/p>\n<p>            27 nov. 2025 \u00e0 21h44        <\/p>\n<p>Vous les avez peut-\u00eatre aper\u00e7ues, le 13\u00a0novembre 2025, dans <a href=\"https:\/\/actu.fr\/normandie\/elbeuf_76231\" target=\"_blank\" rel=\"noopener\">Elbeuf (Seine-Maritime)<\/a>, lorsqu\u2019une <a href=\"https:\/\/actu.fr\/normandie\/elbeuf_76231\/pourquoi-une-telle-presence-policiere-dans-le-centre-delbeuf_63434840.html\" target=\"_blank\" rel=\"noopener\">op\u00e9ration de police visant les trottinettes \u00e9lectriques<\/a> a eu lieu. Deux motards \u00e9taient pr\u00e9sents pour assurer les contr\u00f4les. C\u2019\u00e9tait alors la toute premi\u00e8re sortie des <b>nouvelles motos 100\u2009% \u00e9lectriques<\/b> de la <b>police municipale<\/b> d\u2019Elbeuf, satisfaite des nombreux <b>b\u00e9n\u00e9fices <\/b>qu\u2019elle tire de cet investissement dans leurs<b> missions quotidiennes<\/b>.<\/p>\n<p>\u00ab\u2009Plus de bleu sur la ville\u2009\u00bb<\/p>\n<p class=\" wall-content\">Il y a presque trois mois, une <b>convention <\/b>\u00e9tait sign\u00e9e pour <a href=\"https:\/\/actu.fr\/normandie\/elbeuf_76231\/pres-de-rouen-cette-ville-va-louer-les-policiers-municipaux-dune-autre-commune_62851146.html\" target=\"_blank\" rel=\"noopener\">mettre \u00e0 disposition deux agents municipaux d\u2019Elbeuf<\/a>, quatre heures par semaine, sur la commune de <a href=\"https:\/\/actu.fr\/normandie\/cleon_76178\" target=\"_blank\" rel=\"noopener\">Cl\u00e9on (Seine-Maritime)<\/a>. C\u2019est dans le cadre de ce partenariat qu\u2019a \u00e9t\u00e9 financ\u00e9 l\u2019apport de <b>deux motos \u00e9lectriques<\/b> au sein de la police municipale, sur une proposition du chef du service Stephen Dobremetz, suivie par les \u00e9lus.<\/p>\n<p class=\" wall-content\">\u00ab\u2009On renforce nos outils au service de la <b>s\u00e9curit\u00e9 des habitants<\/b>, entame l\u2019adjoint Thomas Caillot. L\u2019id\u00e9e est d\u2019avoir <b>plus de bleu sur la ville<\/b> et \u00eatre en proximit\u00e9 avec les habitants.\u2009\u00bb<\/p>\n<p class=\" wall-content\">Un investissement \u00e0 hauteur de<b> 40\u2009000\u00a0euros<\/b>, comprenant les deux engins de marque Zero Motorcycles, leurs options (sir\u00e8nes, gyrophares) et les \u00e9quipements des conducteurs (casques, blousons, gants, bottes).<\/p>\n<p>Un champ d\u2019action \u00e9largi<\/p>\n<p class=\" wall-content\">Ce sont <b>quatre policiers municipaux<\/b> d\u00e9j\u00e0 en poste \u00e0 Elbeuf et d\u00e9tenteurs du permis moto qui vont se relayer pour utiliser ces deux-roues. Appel\u00e9s \u00e0 intervenir \u00e0 Elbeuf et \u00e0 Cl\u00e9on, ils seront en charge principalement d\u2019<b>op\u00e9rations de s\u00e9curit\u00e9 routi\u00e8re<\/b>.<\/p>\n<p>    <a href=\"https:\/\/www.facebook.com\/plugins\/post.php?href=https%3A%2F%2Fwww.facebook.com%2Fmairieelbeuf%2Fposts%2Fpfbid0yvf7wbtsGu2eQr3aH6g6cGyvM1eawuxSEqN7kkc6AXR7vsqptjwNBJGUXEnbH1M3l&amp;show_text=true&amp;width=350\" title=\"Ouvrie le lien\" target=\"_blank\" rel=\"noopener\">Cliquez ici pour visualiser le contenu<\/a><\/p>\n<p class=\" wall-content\">\u00ab\u2009Ils pourront effectuer des <b>contr\u00f4les de vitesse<\/b>, surveiller l\u2019utilisation du t\u00e9l\u00e9phone, de la ceinture, liste Stephen Dobremetz. On peut aussi s\u2019en servir pour <b>fluidifier la circulation<\/b> lors du passage de v\u00e9hicules de pompiers ou du SMUR.\u2009\u00bb Utilis\u00e9es \u00e9galement pour simplement <b>patrouiller en ville<\/b>, ces deux motos sont \u00ab\u2009un support suppl\u00e9mentaire qui permet d\u2019avoir <b>un \u00e9ventail plus large de nos missions<\/b>\u2009\u00bb, r\u00e9sume le chef de la police municipale.<\/p>\n<p>Votre r\u00e9gion, votre actu !<\/p>\n<p>Recevez chaque jour les infos qui comptent pour vous.<\/p>\n<p>\t<a href=\"https:\/\/actu.fr\/newsletter\" class=\"ac-btn ac-btn--corner ac-btn--medium ac-btn--blue800\" target=\"_blank\" rel=\"noopener\">S&rsquo;incrire<\/a><br \/>\nDes conditions de travail am\u00e9lior\u00e9es<\/p>\n<p class=\" wall-content\">Plus de missions, donc, et dans de<b> meilleures conditions<\/b>. Le<b> petit gabarit<\/b> de ces motos de 125 centim\u00e8tres cubes est parfaitement <b>adapt\u00e9 aux zones urbaines<\/b> et aux lieux difficiles d\u2019acc\u00e8s qui les composent.<\/p>\n<blockquote class=\"ac-article-quote wall-content\">\n<p>C\u2019est maniable comme un v\u00e9lo et il n\u2019y a pas de vitesses \u00e0 passer.<\/p>\n<p>Stephen Dobremetz, chef de service de la police municipale d\u2019Elbeuf.<\/p><\/blockquote>\n<p class=\" wall-content\">Il souligne \u00e9galement la<b> capacit\u00e9 d\u2019acc\u00e9l\u00e9ration<\/b> tr\u00e8s appr\u00e9ciable d\u2019un v\u00e9hicule \u00e9lectrique qui servira aux agents pour \u00ab\u2009se <b>projeter tr\u00e8s vite<\/b> et \u00eatre rapide d\u00e8s le d\u00e9but, quand on voit quelque chose\u2009\u00bb. Autre caract\u00e9ristique notable de ces motos\u2009: le <b>silence <\/b>surprenant dont elles font preuve lorsqu\u2019elles circulent. \u00ab\u2009On devra se signaler dans les zones denses\u2009\u00bb, reconna\u00eet m\u00eame le motard St\u00e9phane, qui qualifie la conduite de ces motos de \u00ab<b>\u2009r\u00e9el plaisir<\/b> en compl\u00e9ment du travail\u2009\u00bb.<\/p>\n<p class=\" wall-content\">Pour recharger la batterie de ces v\u00e9hicules acquis dans un souci de d\u00e9carbonisation et de<b> respect de l\u2019environnement<\/b>, une prise classique est n\u00e9cessaire, sans besoin d\u2019adaptateur. Il faut compter une dizaine d\u2019heures pour une charge compl\u00e8te de la batterie, alors que Stephen Dobremetz assure que l\u2019utilisation journali\u00e8re d\u2019une moto ne consomme que \u00ab\u200925 ou 30\u2009%\u2009\u00bb de sa batterie. Cependant, il ne pr\u00e9voit pas de sortir ces motos chaque jour, mais occasionnellement, lors d\u2019<b>op\u00e9rations d\u00e9finies pr\u00e9alablement<\/b>.<\/p>\n<p class=\" wall-content\">Personnalisez votre actualit\u00e9 en ajoutant vos villes et m\u00e9dias en favori avec <a href=\"https:\/\/moncompte.actu.fr\" title=\"D\u00e9couvez Mon Actu\" rel=\"nofollow noopener\" data-trk=\"{&quot;cta&quot;:{&quot;action&quot;:&quot;https:\\\/\\\/moncompte.actu.fr&quot;,&quot;category&quot;:&quot;mon compte&quot;,&quot;from&quot;:&quot;article footer&quot;,&quot;name&quot;:&quot;Mon actu&quot;,&quot;type&quot;:&quot;cta&quot;}}\" target=\"_blank\">Mon Actu<\/a>.<\/p>\n","protected":false},"excerpt":{"rendered":"Par Emilien Jacques Publi\u00e9 le 27 nov. 2025 \u00e0 21h44 Vous les avez peut-\u00eatre aper\u00e7ues, le 13\u00a0novembre 2025,&hellip;\n","protected":false},"author":2,"featured_media":563080,"comment_status":"","ping_status":"","sticky":false,"template":"","format":"standard","meta":{"footnotes":""},"categories":[9587],"tags":[1111,11,436,1777,674,1011,27,1457,12,5161,1072,25,9590,104],"class_list":{"0":"post-563079","1":"post","2":"type-post","3":"status-publish","4":"format-standard","5":"has-post-thumbnail","7":"category-rouen","8":"tag-actu","9":"tag-actualites","10":"tag-environnement","11":"tag-eu","12":"tag-europe","13":"tag-fr","14":"tag-france","15":"tag-moto","16":"tag-news","17":"tag-normandie","18":"tag-police","19":"tag-republique-francaise","20":"tag-rouen","21":"tag-societe"},"share_on_mastodon":{"url":"https:\/\/pubeurope.com\/@fr\/115623749531763574","error":""},"_links":{"self":[{"href":"https:\/\/www.europesays.com\/fr\/wp-json\/wp\/v2\/posts\/563079","targetHints":{"allow":["GET"]}}],"collection":[{"href":"https:\/\/www.europesays.com\/fr\/wp-json\/wp\/v2\/posts"}],"about":[{"href":"https:\/\/www.europesays.com\/fr\/wp-json\/wp\/v2\/types\/post"}],"author":[{"embeddable":true,"href":"https:\/\/www.europesays.com\/fr\/wp-json\/wp\/v2\/users\/2"}],"replies":[{"embeddable":true,"href":"https:\/\/www.europesays.com\/fr\/wp-json\/wp\/v2\/comments?post=563079"}],"version-history":[{"count":0,"href":"https:\/\/www.europesays.com\/fr\/wp-json\/wp\/v2\/posts\/563079\/revisions"}],"wp:featuredmedia":[{"embeddable":true,"href":"https:\/\/www.europesays.com\/fr\/wp-json\/wp\/v2\/media\/563080"}],"wp:attachment":[{"href":"https:\/\/www.europesays.com\/fr\/wp-json\/wp\/v2\/media?parent=563079"}],"wp:term":[{"taxonomy":"category","embeddable":true,"href":"https:\/\/www.europesays.com\/fr\/wp-json\/wp\/v2\/categories?post=563079"},{"taxonomy":"post_tag","embeddable":true,"href":"https:\/\/www.europesays.com\/fr\/wp-json\/wp\/v2\/tags?post=563079"}],"curies":[{"name":"wp","href":"https:\/\/api.w.org\/{rel}","templated":true}]}}