{"id":563083,"date":"2025-11-27T21:20:17","date_gmt":"2025-11-27T21:20:17","guid":{"rendered":"https:\/\/www.europesays.com\/fr\/563083\/"},"modified":"2025-11-27T21:20:17","modified_gmt":"2025-11-27T21:20:17","slug":"naturissima-un-salon-consacre-au-vivre-mieux","status":"publish","type":"post","link":"https:\/\/www.europesays.com\/fr\/563083\/","title":{"rendered":"Naturissima : un salon consacr\u00e9 au vivre mieux"},"content":{"rendered":"<p>Naturissima rassemble cette ann\u00e9e de nombreux exposants autour de th\u00e9matiques vari\u00e9es : alimentation et vin, bien-\u00eatre, m\u00e9decines douces, textile, d\u00e9coration, maison ou encore \u00e9co-tourisme.\u00a0<\/p>\n<p>L\u2019\u00e9v\u00e9nement, ouvert depuis le 26 novembre, se poursuit jusqu\u2019au 30 novembre \u00e0 Alpexpo, avec pour objectif de pr\u00e9senter au public des initiatives et produits ax\u00e9s sur un mode de vie plus sain et responsable.<\/p>\n<p>Notre reportage revient sur l\u2019ambiance du salon, les univers repr\u00e9sent\u00e9s et les tendances mises en avant par les exposants.<\/p>\n","protected":false},"excerpt":{"rendered":"Naturissima rassemble cette ann\u00e9e de nombreux exposants autour de th\u00e9matiques vari\u00e9es : alimentation et vin, bien-\u00eatre, m\u00e9decines douces,&hellip;\n","protected":false},"author":2,"featured_media":563084,"comment_status":"","ping_status":"","sticky":false,"template":"","format":"standard","meta":{"footnotes":""},"categories":[9566],"tags":[1111,11,2430,1777,674,1011,27,2731,12,25],"class_list":{"0":"post-563083","1":"post","2":"type-post","3":"status-publish","4":"format-standard","5":"has-post-thumbnail","7":"category-grenoble","8":"tag-actu","9":"tag-actualites","10":"tag-auvergne-rhone-alpes","11":"tag-eu","12":"tag-europe","13":"tag-fr","14":"tag-france","15":"tag-grenoble","16":"tag-news","17":"tag-republique-francaise"},"share_on_mastodon":{"url":"https:\/\/pubeurope.com\/@fr\/115623757417889410","error":""},"_links":{"self":[{"href":"https:\/\/www.europesays.com\/fr\/wp-json\/wp\/v2\/posts\/563083","targetHints":{"allow":["GET"]}}],"collection":[{"href":"https:\/\/www.europesays.com\/fr\/wp-json\/wp\/v2\/posts"}],"about":[{"href":"https:\/\/www.europesays.com\/fr\/wp-json\/wp\/v2\/types\/post"}],"author":[{"embeddable":true,"href":"https:\/\/www.europesays.com\/fr\/wp-json\/wp\/v2\/users\/2"}],"replies":[{"embeddable":true,"href":"https:\/\/www.europesays.com\/fr\/wp-json\/wp\/v2\/comments?post=563083"}],"version-history":[{"count":0,"href":"https:\/\/www.europesays.com\/fr\/wp-json\/wp\/v2\/posts\/563083\/revisions"}],"wp:featuredmedia":[{"embeddable":true,"href":"https:\/\/www.europesays.com\/fr\/wp-json\/wp\/v2\/media\/563084"}],"wp:attachment":[{"href":"https:\/\/www.europesays.com\/fr\/wp-json\/wp\/v2\/media?parent=563083"}],"wp:term":[{"taxonomy":"category","embeddable":true,"href":"https:\/\/www.europesays.com\/fr\/wp-json\/wp\/v2\/categories?post=563083"},{"taxonomy":"post_tag","embeddable":true,"href":"https:\/\/www.europesays.com\/fr\/wp-json\/wp\/v2\/tags?post=563083"}],"curies":[{"name":"wp","href":"https:\/\/api.w.org\/{rel}","templated":true}]}}