{"id":563086,"date":"2025-11-27T21:22:14","date_gmt":"2025-11-27T21:22:14","guid":{"rendered":"https:\/\/www.europesays.com\/fr\/563086\/"},"modified":"2025-11-27T21:22:14","modified_gmt":"2025-11-27T21:22:14","slug":"le-groupe-pour-metz-rennes-football-club-de-metz-infos-fc-metz-entrainements-fc-metz","status":"publish","type":"post","link":"https:\/\/www.europesays.com\/fr\/563086\/","title":{"rendered":"Le groupe pour Metz &#8211; Rennes | Football Club de Metz &#8211; Infos FC Metz &#8211; Entra\u00eenements FC Metz"},"content":{"rendered":"<p>\t\tActualit\u00e9s\n<\/p>\n<p>C&rsquo;est un rendez-vous devenu habituel ! Chaque ann\u00e9e,\u00a0les joueurs messins se rendent dans vos hypermarch\u00e9s Leclerc, partenaire majeur du club \u00e0 la&#8230;<\/p>\n<p><a href=\"https:\/\/www.fcmetz.com\/2025-2026\/actualites\/equipe-pro\/les-grenats-en-dedicaces-le-mercredi-3-decembre-0\" class=\"btn-or-xs\" target=\"_blank\" rel=\"noopener\">Lire la suite<\/a>\t\t\t<\/p>\n<p>\t\tAlbum photos\n<\/p>\n<p>Cette semaine, nos Grenats se sont pr\u00eat\u00e9s une nouvelle fois au jeu de la s\u00e9ance de d\u00e9dicaces. Cette-fois, le rendez-vous \u00e9tait donn\u00e9 au sein de la&#8230;<\/p>\n<p><a href=\"https:\/\/www.fcmetz.com\/2025-2026\/actualites\/equipe-pro\/la-seance-de-dedicaces-au-marques-avenue-en-images\" class=\"btn-or-xs\" target=\"_blank\" rel=\"noopener\">Lire la suite<\/a>\t\t\t<\/p>\n<p>\t\tActualit\u00e9s\n<\/p>\n<p>Ce vendredi 28\u00a0novembre \u00e0 l&rsquo;occasion de la r\u00e9ception du Stade Rennais au\u00a0Stade Saint-Symphorien, l&rsquo;Eurom\u00e9tropole de Metz et LE MET&rsquo; mettent en place&#8230;<\/p>\n<p><a href=\"https:\/\/www.fcmetz.com\/2025-2026\/actualites\/equipe-pro\/le-reseau-le-met-vous-conduit-au-stade-7\" class=\"btn-or-xs\" target=\"_blank\" rel=\"noopener\">Lire la suite<\/a>\t\t\t<\/p>\n","protected":false},"excerpt":{"rendered":"Actualit\u00e9s C&rsquo;est un rendez-vous devenu habituel ! Chaque ann\u00e9e,\u00a0les joueurs messins se rendent dans vos hypermarch\u00e9s Leclerc, partenaire&hellip;\n","protected":false},"author":2,"featured_media":563087,"comment_status":"","ping_status":"","sticky":false,"template":"","format":"standard","meta":{"footnotes":""},"categories":[2821],"tags":[1111,11,829,19298,1777,674,1011,27,19297,12,584,25,19299],"class_list":{"0":"post-563086","1":"post","2":"type-post","3":"status-publish","4":"format-standard","5":"has-post-thumbnail","7":"category-rennes","8":"tag-actu","9":"tag-actualites","10":"tag-bretagne","11":"tag-entrainements-fc-metz","12":"tag-eu","13":"tag-europe","14":"tag-fr","15":"tag-france","16":"tag-infos-fc-metz","17":"tag-news","18":"tag-rennes","19":"tag-republique-francaise","20":"tag-videos-fc-metz"},"share_on_mastodon":{"url":"https:\/\/pubeurope.com\/@fr\/115623765225481185","error":""},"_links":{"self":[{"href":"https:\/\/www.europesays.com\/fr\/wp-json\/wp\/v2\/posts\/563086","targetHints":{"allow":["GET"]}}],"collection":[{"href":"https:\/\/www.europesays.com\/fr\/wp-json\/wp\/v2\/posts"}],"about":[{"href":"https:\/\/www.europesays.com\/fr\/wp-json\/wp\/v2\/types\/post"}],"author":[{"embeddable":true,"href":"https:\/\/www.europesays.com\/fr\/wp-json\/wp\/v2\/users\/2"}],"replies":[{"embeddable":true,"href":"https:\/\/www.europesays.com\/fr\/wp-json\/wp\/v2\/comments?post=563086"}],"version-history":[{"count":0,"href":"https:\/\/www.europesays.com\/fr\/wp-json\/wp\/v2\/posts\/563086\/revisions"}],"wp:featuredmedia":[{"embeddable":true,"href":"https:\/\/www.europesays.com\/fr\/wp-json\/wp\/v2\/media\/563087"}],"wp:attachment":[{"href":"https:\/\/www.europesays.com\/fr\/wp-json\/wp\/v2\/media?parent=563086"}],"wp:term":[{"taxonomy":"category","embeddable":true,"href":"https:\/\/www.europesays.com\/fr\/wp-json\/wp\/v2\/categories?post=563086"},{"taxonomy":"post_tag","embeddable":true,"href":"https:\/\/www.europesays.com\/fr\/wp-json\/wp\/v2\/tags?post=563086"}],"curies":[{"name":"wp","href":"https:\/\/api.w.org\/{rel}","templated":true}]}}