{"id":563088,"date":"2025-11-27T21:23:19","date_gmt":"2025-11-27T21:23:19","guid":{"rendered":"https:\/\/www.europesays.com\/fr\/563088\/"},"modified":"2025-11-27T21:23:19","modified_gmt":"2025-11-27T21:23:19","slug":"diaporama-les-lecteurs-voyageurs-se-sont-retrouves-pour-leur-soiree-de-fin-dannee-a-strasbourg","status":"publish","type":"post","link":"https:\/\/www.europesays.com\/fr\/563088\/","title":{"rendered":"Diaporama. Les Lecteurs Voyageurs se sont retrouv\u00e9s pour leur soir\u00e9e de fin d&rsquo;ann\u00e9e \u00e0 Strasbourg"},"content":{"rendered":"<p>La soir\u00e9e annuelle des Lecteurs Voyageurs a eu lieu ce mercredi 26 novembre \u00e0 Strasbourg sur le bateau MS Lafayette. A la suite d&rsquo;un tirage au sort parmi les personnes pr\u00e9sentes, un bon pour une croisi\u00e8re sur le Rhin a \u00e9t\u00e9 offert par CroisiEurope aux \u00e9poux Minck venus en voisins de Strasbourg. Merci \u00e0 tous pour votre pr\u00e9sence \u00e0 cette soir\u00e9e, en esp\u00e9rant vous revoir\u00a0en 2026.<\/p>\n","protected":false},"excerpt":{"rendered":"La soir\u00e9e annuelle des Lecteurs Voyageurs a eu lieu ce mercredi 26 novembre \u00e0 Strasbourg sur le bateau&hellip;\n","protected":false},"author":2,"featured_media":563089,"comment_status":"","ping_status":"","sticky":false,"template":"","format":"standard","meta":{"footnotes":""},"categories":[2820],"tags":[1111,11,1777,674,1011,27,775,26349,20065,12,25,640,602],"class_list":{"0":"post-563088","1":"post","2":"type-post","3":"status-publish","4":"format-standard","5":"has-post-thumbnail","7":"category-strasbourg","8":"tag-actu","9":"tag-actualites","10":"tag-eu","11":"tag-europe","12":"tag-fr","13":"tag-france","14":"tag-grand-est","15":"tag-les-lecteurs-voyageurs","16":"tag-magazine-tourisme-et-patrimoine","17":"tag-news","18":"tag-republique-francaise","19":"tag-strasbourg","20":"tag-tourisme"},"share_on_mastodon":{"url":"https:\/\/pubeurope.com\/@fr\/115623769175061071","error":""},"_links":{"self":[{"href":"https:\/\/www.europesays.com\/fr\/wp-json\/wp\/v2\/posts\/563088","targetHints":{"allow":["GET"]}}],"collection":[{"href":"https:\/\/www.europesays.com\/fr\/wp-json\/wp\/v2\/posts"}],"about":[{"href":"https:\/\/www.europesays.com\/fr\/wp-json\/wp\/v2\/types\/post"}],"author":[{"embeddable":true,"href":"https:\/\/www.europesays.com\/fr\/wp-json\/wp\/v2\/users\/2"}],"replies":[{"embeddable":true,"href":"https:\/\/www.europesays.com\/fr\/wp-json\/wp\/v2\/comments?post=563088"}],"version-history":[{"count":0,"href":"https:\/\/www.europesays.com\/fr\/wp-json\/wp\/v2\/posts\/563088\/revisions"}],"wp:featuredmedia":[{"embeddable":true,"href":"https:\/\/www.europesays.com\/fr\/wp-json\/wp\/v2\/media\/563089"}],"wp:attachment":[{"href":"https:\/\/www.europesays.com\/fr\/wp-json\/wp\/v2\/media?parent=563088"}],"wp:term":[{"taxonomy":"category","embeddable":true,"href":"https:\/\/www.europesays.com\/fr\/wp-json\/wp\/v2\/categories?post=563088"},{"taxonomy":"post_tag","embeddable":true,"href":"https:\/\/www.europesays.com\/fr\/wp-json\/wp\/v2\/tags?post=563088"}],"curies":[{"name":"wp","href":"https:\/\/api.w.org\/{rel}","templated":true}]}}