{"id":563092,"date":"2025-11-27T21:25:12","date_gmt":"2025-11-27T21:25:12","guid":{"rendered":"https:\/\/www.europesays.com\/fr\/563092\/"},"modified":"2025-11-27T21:25:12","modified_gmt":"2025-11-27T21:25:12","slug":"nice-va-codiriger-une-mission-spatiale","status":"publish","type":"post","link":"https:\/\/www.europesays.com\/fr\/563092\/","title":{"rendered":"Nice va codiriger une mission spatiale"},"content":{"rendered":"<p class=\"fs-5 \">32.000 kilom\u00e8tres&#8230; \u00e0 peine. Tel est la distance qui s\u00e9parera l\u2019ast\u00e9ro\u00efde Apophis de la Terre le 13 avril 2029.<\/p>\n<p class=\"fs-5 \">Autant dire, rien ou presque \u00e0 l\u2019\u00e9chelle de l\u2019univers.<\/p>\n<p class=\"fs-5 \">Lors de sa d\u00e9couverte, il y a un peu plus de 20 ans, ce gros caillou avait \u00e9t\u00e9 consid\u00e9r\u00e9 comme une menace potentielle.<\/p>\n<p class=\"fs-5 \">\u00ab La probabilit\u00e9 d\u2019un impact avec notre plan\u00e8te \u00e9tait initialement estim\u00e9e \u00e0 2,7 % \u00bb, rappelle le Professeur Patrick Michel.<\/p>\n<p class=\"fs-5 \">Cet astrophysicien ni\u00e7ois est un des pionniers du r\u00e9seau international d\u00e9sormais charg\u00e9 de sonner l\u2019alerte \u00e0 l\u2019ONU d\u00e8s lors que la probabilit\u00e9 qu\u2019un ast\u00e9ro\u00efde croise la route de la Terre d\u00e9passe 1 %.<\/p>\n<p class=\"fs-5 \">Un dispositif qui, n\u2019existant pas au moment de la d\u00e9couverte d\u2019Apophis, a \u00e9t\u00e9 pour la premi\u00e8re fois activ\u00e9 en toute fin d\u2019ann\u00e9e derni\u00e8re, quand un nouvel objet c\u00e9leste baptis\u00e9 2024 YRA est apparu dans l\u2019objectif des t\u00e9lescopes.<\/p>\n<p class=\"fs-5 \">\u00ab Celui-l\u00e0 ne mesurait pourtant que quelques dizaines de m\u00e8tres, contrairement \u00e0 Apophis dont le diam\u00e8tre est de l\u2019ordre de 300 et 400 m\u00e8tres \u00bb, souligne Patrick Michel qui rassure d\u2019embl\u00e9e : aucun de ces deux g\u00e9ocroiseurs ne heurtera finalement la Terre.<\/p>\n<p>                                                                                D\u2019abord consid\u00e9r\u00e9 comme une menace<\/p>\n<p class=\"fs-5 \">\u00ab Pas plus en 2029, que lors des prochains passages en 2036, 2044 et 2068 \u00bb, promet l\u2019astrophysicien avec certitude, la trajectoire d\u2019Apophis ayant depuis longtemps \u00e9t\u00e9 affin\u00e9e.<\/p>\n<p class=\"fs-5 \">On sait que ce gros caillou reviendra nous voir, mais de mani\u00e8re plus lointaine.<\/p>\n<p class=\"fs-5 \">En avril 2029, cet ast\u00e9ro\u00efde sera dix fois plus pr\u00e8s de la Terre que ne l\u2019est en moyenne la lune. Il se faufilera m\u00eame entre la Terre et l\u2019orbite de nos satellites g\u00e9ostationnaires !<\/p>\n<p class=\"fs-5 \">Une occasion inesp\u00e9r\u00e9e d\u2019observer de tr\u00e8s pr\u00e8s ce type d\u2019objet encore m\u00e9connu. Ce sera la mission de la sonde Ramses (pour Rapid Apophis Mission for Space Safety).<\/p>\n<p class=\"fs-5 \">Au terme d\u2019un conseil minist\u00e9riel de deux jours r\u00e9unissant les 23 \u00e9tats membres, le directeur g\u00e9n\u00e9ral de l\u2019agence spatiale europ\u00e9enne a annonc\u00e9 ce jeudi 27 novembre que le financement de ce programme avait \u00e9t\u00e9 valid\u00e9.<\/p>\n<p class=\"fs-5 \">Au grand bonheur de l\u2019astrophysicien Patrick Michel qui, au travers du laboratoire Lagrange de l\u2019Observatoire de Nice et de l\u2019Universit\u00e9 C\u00f4te d\u2019Azur, s\u2019est vu confier la codirection scientifique de cette nouvelle mission spatiale, en collaboration avec des scientifiques italiens.<\/p>\n<p>                                                                                Une opportunit\u00e9 qui ne se repr\u00e9sentera pas avant 7 000 ans<\/p>\n<p class=\"fs-5 \">\u00ab L\u2019objectif sera alors d\u2019\u00e9tudier l\u2019influence des forces de mar\u00e9e, c\u2019est-\u00e0-dire de la gravit\u00e9, sur la structure d\u2019un ast\u00e9ro\u00efde \u00bb, d\u00e9crypte le chercheur ni\u00e7ois.<\/p>\n<p class=\"fs-5 \">Pour cela, Ramses embarquera \u00e0 son bord deux instruments made in France : un radar ainsi qu\u2019un sismom\u00e8tre qui sera quant \u00e0 lui d\u00e9pos\u00e9 \u00e0 la surface d\u2019Apophis.<\/p>\n<p class=\"fs-5 \">Le tout sera embarqu\u00e9 \u00e0 bord du lanceur japonais H3, l\u2019agence spatiale nippone JAXA et l\u2019ESA travaillant main dans la main sur ce projet, qui int\u00e9resse d\u2019ailleurs aussi la NASA et m\u00eame des op\u00e9rateurs priv\u00e9s.<\/p>\n<p class=\"fs-5 \">Il semblerait tous le monde a tr\u00e8s envie d\u2019aller saluer Apophis. Les Europ\u00e9ens devraient \u00eatre les premiers \u00e0 arriver \u00e0 son contact d\u00e8s mars 2029.<\/p>\n<p class=\"fs-5 \">Du moins c\u2019est l\u2019objectif du compte \u00e0 rebours tr\u00e8s serr\u00e9 qui vient de s\u2019engager.<\/p>\n<p class=\"fs-5 \">Car, pour ne pas rater ce rendez-vous exceptionnel qui ne devrait pas se reproduire avant 7.000 ans, il va falloir respecter une fen\u00eatre de lancement d\u2019\u00e0 peine 3 semaines entre le 24 avril et le 15 mai 2028.<\/p>\n<p class=\"fs-5 \">Ramses devrait alors prendre son envol. Avec \u00e0 son bord toute l\u2019expertise scientifique ni\u00e7oise.<\/p>\n<p>                                                                                Visible \u00e0 l\u2019\u0153il nu depuis Nice<\/p>\n<p class=\"fs-5 \">Apr\u00e8s un an de voyage, la sonde europ\u00e9enne rejoindra Apophis pour l\u2019observer au plus pr\u00e8s.<\/p>\n<p class=\"fs-5 \">Une inspection qui s\u2019inscrit \u00e9galement dans le programme de d\u00e9fense plan\u00e9taire.<\/p>\n<p class=\"fs-5 \">\u00ab Pour arriver \u00e0 d\u00e9vier un ast\u00e9ro\u00efde qui viendrait \u00e0 nous menacer encore faut-il savoir pr\u00e9cis\u00e9ment de quoi il est fait \u00bb, r\u00e9sume ce chercheur qui a consacr\u00e9 sa carri\u00e8re \u00e0 \u00e9laborer une riposte face \u00e0 ce risque qui, souligne-t-il, \u00ab a l\u2019avantage d\u2019\u00eatre pr\u00e9visible \u00bb : \u00ab Autant s\u2019y pr\u00e9parer puisque nous en avons le temps \u00bb.<\/p>\n<p class=\"fs-5 \">Car aucune menace ne p\u00e8se pour l\u2019heure sur la Terre, insiste Patrick Michel qui invite surtout les Azur\u00e9en \u00e0 profiter du spectacle qui leur sera offert le 13 avril 2029.<\/p>\n<p class=\"fs-5 \">\u00ab Le petit point lumineux d\u2019Apophis sera alors visible \u00e0 l\u2019\u0153il nu depuis Nice \u00bb, annonce l\u2019astrophysicien, enthousiaste \u00e0 l\u2019id\u00e9e que tout le monde, scientifiques et simples Terriens, \u00ab regardera ce soir-l\u00e0 dans la m\u00eame direction \u00bb.<\/p>\n<p class=\"fs-5 \">Vers ce ciel azur\u00e9en qui rec\u00e8le encore tant de myst\u00e8res. Pour nourrir de nouvelles vocations et pourvoir aux besoins industriels du New Space, l\u2019universit\u00e9 C\u00f4te d\u2019Azur s\u2019est d\u2019ailleurs dot\u00e9e d\u2019un tout nouveau Master d\u00e9di\u00e9 aux m\u00e9tiers du spatial. Baptis\u00e9e Com\u00e8tes &#8211; \u00e7a ne s\u2019invente pas &#8211; cette nouvelle formation sup\u00e9rieure accueillera ses premiers \u00e9tudiants d\u00e8s l\u2019an prochain.<\/p>\n","protected":false},"excerpt":{"rendered":"32.000 kilom\u00e8tres&#8230; \u00e0 peine. Tel est la distance qui s\u00e9parera l\u2019ast\u00e9ro\u00efde Apophis de la Terre le 13 avril&hellip;\n","protected":false},"author":2,"featured_media":563093,"comment_status":"","ping_status":"","sticky":false,"template":"","format":"standard","meta":{"footnotes":""},"categories":[2819],"tags":[1111,11,1777,674,1011,27,12,2401,882,25],"class_list":{"0":"post-563092","1":"post","2":"type-post","3":"status-publish","4":"format-standard","5":"has-post-thumbnail","7":"category-nice","8":"tag-actu","9":"tag-actualites","10":"tag-eu","11":"tag-europe","12":"tag-fr","13":"tag-france","14":"tag-news","15":"tag-nice","16":"tag-provence-alpes-cote-dazur","17":"tag-republique-francaise"},"share_on_mastodon":{"url":"https:\/\/pubeurope.com\/@fr\/115623777177136394","error":""},"_links":{"self":[{"href":"https:\/\/www.europesays.com\/fr\/wp-json\/wp\/v2\/posts\/563092","targetHints":{"allow":["GET"]}}],"collection":[{"href":"https:\/\/www.europesays.com\/fr\/wp-json\/wp\/v2\/posts"}],"about":[{"href":"https:\/\/www.europesays.com\/fr\/wp-json\/wp\/v2\/types\/post"}],"author":[{"embeddable":true,"href":"https:\/\/www.europesays.com\/fr\/wp-json\/wp\/v2\/users\/2"}],"replies":[{"embeddable":true,"href":"https:\/\/www.europesays.com\/fr\/wp-json\/wp\/v2\/comments?post=563092"}],"version-history":[{"count":0,"href":"https:\/\/www.europesays.com\/fr\/wp-json\/wp\/v2\/posts\/563092\/revisions"}],"wp:featuredmedia":[{"embeddable":true,"href":"https:\/\/www.europesays.com\/fr\/wp-json\/wp\/v2\/media\/563093"}],"wp:attachment":[{"href":"https:\/\/www.europesays.com\/fr\/wp-json\/wp\/v2\/media?parent=563092"}],"wp:term":[{"taxonomy":"category","embeddable":true,"href":"https:\/\/www.europesays.com\/fr\/wp-json\/wp\/v2\/categories?post=563092"},{"taxonomy":"post_tag","embeddable":true,"href":"https:\/\/www.europesays.com\/fr\/wp-json\/wp\/v2\/tags?post=563092"}],"curies":[{"name":"wp","href":"https:\/\/api.w.org\/{rel}","templated":true}]}}