{"id":563094,"date":"2025-11-27T21:26:36","date_gmt":"2025-11-27T21:26:36","guid":{"rendered":"https:\/\/www.europesays.com\/fr\/563094\/"},"modified":"2025-11-27T21:26:36","modified_gmt":"2025-11-27T21:26:36","slug":"le-desarroi-du-commentateur-officiel-de-logc-nice-c3-j5-porto-nice-3-0","status":"publish","type":"post","link":"https:\/\/www.europesays.com\/fr\/563094\/","title":{"rendered":"Le d\u00e9sarroi du commentateur officiel de l&rsquo;OGC Nice &#8211; C3 &#8211; J5 &#8211; Porto-Nice (3-0)"},"content":{"rendered":"<p>Une ann\u00e9e comme \u00e7a, \u00e7a va, mais alors deux\u2026<\/p>\n<p>Avant d\u2019\u00eatre encadr\u00e9e au Mus\u00e9e national du sport de la ville, la s\u00e9rie noire de l\u2019OGC Nice fait de la peine \u00e0 ses supporters. Avec 17 matchs sans succ\u00e8s, <a target=\"_blank\" href=\"https:\/\/www.sofoot.com\/breves\/domine-par-porto-et-sans-eclat-nice-enchaine-un-17e-match-sans-victoire-en-europe-et-egalise-le-record-de-lille\" rel=\"noopener\">les Aiglons \u00e9galisent la pire s\u00e9rie d\u2019un club fran\u00e7ais en Europe<\/a>.<\/p>\n<p>Les supporters ni\u00e7ois font donc de la peine. Sur X, plusieurs internautes ont republi\u00e9 un extrait de la cha\u00eene Youtube du club. <strong>Constantin Djivas commentait le triste match, et n\u2019en peut plus.<\/strong> \u00ab\u202fMais c\u2019est pas vrai\u2026 Mais c\u2019est pas vrai. J\u2019arrive plus\u2026 Mais C\u2019EST PAS VRAIIIIIIII.\u00a0\u00bb\u00a0Avant d\u2019encha\u00eener en r\u00e9p\u00e9tant les Ma\u00ef : \u00ab\u202fon a un sentiment de d\u00e9j\u00e0 vu. [\u2026] Au bout de 19 secondes. C\u2019est pas possible\u2026\u202f\u00bb En seconde p\u00e9riode, il a rench\u00e9ri : \u00ab\u202f\u00eatre pas mal dans cette comp\u00e9tition ne suffit pas.\u202f\u00bb\u00a0A\u00efe.<\/p>\n<p>La f\u00e9d\u00e9ration fran\u00e7aise de la Loose ainsi que plusieurs petits malins ont trouv\u00e9 une nouvelle occasion de se moquer des pauvres Ni\u00e7ois.<\/p>\n<blockquote class=\"twitter-tweet\">\n<p lang=\"fr\" dir=\"ltr\">20 secondes de jeu et l&rsquo;OGC Nice qui prend un pion. Comment \u00eatre dr\u00f4le quand ils le sont bien plus que nous ?<\/p>\n<p>\u2014 F\u00e9d\u00e9 \ud83c\uddeb\ud83c\uddf7 de la Lose (@FFLose) <a target=\"_blank\" href=\"https:\/\/twitter.com\/FFLose\/status\/1994101822982644004?ref_src=twsrc%5Etfw\" rel=\"noopener\">November 27, 2025<\/a><\/p><\/blockquote>\n<blockquote class=\"twitter-tweet\">\n<p lang=\"fr\" dir=\"ltr\">\ud83d\udea8NICE SE FAIT (ENCORE) GIFLER<br \/>\n\ud83d\ude45\ud83c\udffb\u200d\u2642\ufe0f PORTO 3 &#8211; 0 NICE<br \/>\n\ud83d\udeeb Les Aiglons d\u00e9colleront \u00e0 22h00 (heure \ud83c\uddf5\ud83c\uddf9)<br \/>\n\ud83d\udeec Atterrissage \u00e0 Nice \u00e0 01h00<br \/>\n\ud83d\udc4b Bon retour <a target=\"_blank\" href=\"https:\/\/twitter.com\/ogcnice?ref_src=twsrc%5Etfw\" rel=\"noopener\">@ogcnice<\/a> <a target=\"_blank\" href=\"https:\/\/t.co\/294jfwyKm8\">pic.twitter.com\/294jfwyKm8<\/a><\/p>\n<p>\u2014 LIGUE 1 | ON AIR \u2708\ufe0f (@JetsLigue1) <a target=\"_blank\" href=\"https:\/\/twitter.com\/JetsLigue1\/status\/1994130079878934595?ref_src=twsrc%5Etfw\" rel=\"noopener\">November 27, 2025<\/a><\/p><\/blockquote>\n<p>Et si <a target=\"_blank\" href=\"https:\/\/www.sofoot.com\/breves\/jean-pierre-rivere-rejoint-la-liste-deric-ciotti-pour-les-municipales-a-nice\" rel=\"noopener\">Jean-Pierre Rivi\u00e8re s\u2019\u00e9tait engag\u00e9 en politique<\/a> pour supprimer les jeudis ?<\/p>\n<p>\t\t\t\t\t\t\t\t<script async src=\"https:\/\/platform.twitter.com\/widgets.js\" charset=\"utf-8\"><\/script><\/p>\n","protected":false},"excerpt":{"rendered":"Une ann\u00e9e comme \u00e7a, \u00e7a va, mais alors deux\u2026 Avant d\u2019\u00eatre encadr\u00e9e au Mus\u00e9e national du sport de&hellip;\n","protected":false},"author":2,"featured_media":563095,"comment_status":"","ping_status":"","sticky":false,"template":"","format":"standard","meta":{"footnotes":""},"categories":[2819],"tags":[1111,47,11,61,69,65,64,1777,674,63,1011,27,68,66,12,62,2401,70,882,25,67],"class_list":{"0":"post-563094","1":"post","2":"type-post","3":"status-publish","4":"format-standard","5":"has-post-thumbnail","7":"category-nice","8":"tag-actu","9":"tag-actualite","10":"tag-actualites","11":"tag-actus-football","12":"tag-bundesliga","13":"tag-championnats-europeens","14":"tag-equipe-de-france","15":"tag-eu","16":"tag-europe","17":"tag-football","18":"tag-fr","19":"tag-france","20":"tag-ligua","21":"tag-ligue-1","22":"tag-news","23":"tag-news-foot","24":"tag-nice","25":"tag-premier-league","26":"tag-provence-alpes-cote-dazur","27":"tag-republique-francaise","28":"tag-serie-a"},"share_on_mastodon":{"url":"https:\/\/pubeurope.com\/@fr\/115623781012533338","error":""},"_links":{"self":[{"href":"https:\/\/www.europesays.com\/fr\/wp-json\/wp\/v2\/posts\/563094","targetHints":{"allow":["GET"]}}],"collection":[{"href":"https:\/\/www.europesays.com\/fr\/wp-json\/wp\/v2\/posts"}],"about":[{"href":"https:\/\/www.europesays.com\/fr\/wp-json\/wp\/v2\/types\/post"}],"author":[{"embeddable":true,"href":"https:\/\/www.europesays.com\/fr\/wp-json\/wp\/v2\/users\/2"}],"replies":[{"embeddable":true,"href":"https:\/\/www.europesays.com\/fr\/wp-json\/wp\/v2\/comments?post=563094"}],"version-history":[{"count":0,"href":"https:\/\/www.europesays.com\/fr\/wp-json\/wp\/v2\/posts\/563094\/revisions"}],"wp:featuredmedia":[{"embeddable":true,"href":"https:\/\/www.europesays.com\/fr\/wp-json\/wp\/v2\/media\/563095"}],"wp:attachment":[{"href":"https:\/\/www.europesays.com\/fr\/wp-json\/wp\/v2\/media?parent=563094"}],"wp:term":[{"taxonomy":"category","embeddable":true,"href":"https:\/\/www.europesays.com\/fr\/wp-json\/wp\/v2\/categories?post=563094"},{"taxonomy":"post_tag","embeddable":true,"href":"https:\/\/www.europesays.com\/fr\/wp-json\/wp\/v2\/tags?post=563094"}],"curies":[{"name":"wp","href":"https:\/\/api.w.org\/{rel}","templated":true}]}}