{"id":563096,"date":"2025-11-27T21:27:18","date_gmt":"2025-11-27T21:27:18","guid":{"rendered":"https:\/\/www.europesays.com\/fr\/563096\/"},"modified":"2025-11-27T21:27:18","modified_gmt":"2025-11-27T21:27:18","slug":"le-patron-des-entreprises-de-proximite-se-mobilise-pour-les-transmissions-le-site-creer-et","status":"publish","type":"post","link":"https:\/\/www.europesays.com\/fr\/563096\/","title":{"rendered":"Le patron des entreprises de proximit\u00e9 se mobilise pour les transmissions: le site Cr\u00e9er et"},"content":{"rendered":"<p>Michel Picon, pr\u00e9sident national de <a href=\"https:\/\/u2p-france.fr\/\" target=\"_self\" rel=\"noopener\">l\u2019Union des entreprises de proximit\u00e9,<\/a> U2P, est venu en <a href=\"https:\/\/www.ouest-france.fr\/pays-de-la-loire\/\" target=\"_self\" rel=\"noopener\">Pays de la Loire<\/a> rencontrer des <a href=\"https:\/\/www.ouest-france.fr\/economie\/entreprises\/\" target=\"_self\" rel=\"noopener\">artisans et commer\u00e7ants<\/a>.<\/p>\n<p>\u00c0 La Chapelle-sur-Erdre (Loire-Atlantique), pr\u00e8s de Nantes, accompagn\u00e9 d\u2019Eric Girardeau, pr\u00e9sident de l\u2019U2P des Pays de la Loire, il a visit\u00e9, jeudi 27\u00a0novembre, des artisans du b\u00e2timent, une fleuriste, un agent immobilier, mais aussi la boucherie La Chapelaine qui vient d\u2019\u00eatre reprise par deux jeunes femmes.<\/p>\n<p>\u00a0La transmission de nos entreprises de proximit\u00e9 est le sujet majeur actuellement. 310\u00a0000\u00a0TPE (tr\u00e8s petites entreprises) sont \u00e0 transmettre d\u2019ici cinq\u00a0ans\u00a0\u00bb, annonce Michel Picon. Or, le dirigeant en solo ou avec une poign\u00e9e de salari\u00e9s est souvent seul face \u00e0 cette passation. \u00a0Le c\u00e9dant doit anticiper la transmission, chercher un repreneur. Et ce dernier doit aussi se former \u00e0 cette nouvelle \u00e9tape.\u00a0<\/p>\n<p>Sans transmission, le commerce ou l\u2019atelier peut simplement dispara\u00eetre du territoire, comme l\u2019augmentation du nombre de radiations pures, sans d\u00e9faillances, le montre d\u00e9j\u00e0.<\/p>\n<p>Une plateforme gratuite pour la transmission<\/p>\n<p>L\u2019U2P vient de mettre en ligne une toute nouvelle plateforme pour ces transmissions d\u2019entreprise\u00a0: \u00a0<a href=\"https:\/\/www.creer-reprendre.u2p-france.fr\/\" target=\"_self\" rel=\"noopener\">Cr\u00e9er et reprendre<\/a> a \u00e9t\u00e9 con\u00e7u avec nos\u00a0124 organisations professionnelles. Reprendre une entreprise artisanale, cela veut souvent dire d\u00e9m\u00e9nager dans un nouveau territoire. Cette plateforme aide \u00e0 ces changements aussi bien au niveau professionnel que priv\u00e9 et familial.\u00a0<\/p>\n<p>Michel Picon d\u00e9plore d\u2019ailleurs la baisse des aides pour employer des apprentis\u00a0: \u00a0Au-del\u00e0 de la perte possible de savoir-faire, ce sont aussi des futurs salari\u00e9s qui auraient pu, un jour, reprendre l\u2019entreprise de leur employeur.\u00a0<\/p>\n<p>L\u2019autre \u00e9volution attendue prochainement consistera \u00e0 mettre en ligne les informations sur les entreprises \u00e0 c\u00e9der \u00e0 France. \u00a0L\u2019U2P est dans son r\u00f4le d\u2019accompagnement avec ce nouveau service. Comme elle le fait en proposant des formations \u00e0 l\u2019IA aux dirigeants de petites entreprises, un autre enjeu.\u00a0<\/p>\n<p>Crainte pour les commandes publiques<\/p>\n<p>Face \u00e0 la difficult\u00e9 de voir la France se doter d\u2019un budget, le pr\u00e9sident de l\u2019U2P a des craintes sur les r\u00e9percussions des commandes publiques. \u00a0Les entreprises de proximit\u00e9 comptent sur ces budgets, or, actuellement, ce sont pr\u00e8s de 8\u00a0milliards d\u2019euros de commandes publiques aupr\u00e8s des d\u00e9partements qui sont gel\u00e9s, avec l\u2019absence de vote de budget.\u00a0 Des march\u00e9s en moins qui viennent s\u2019ajouter \u00e0 une consommation atone. \u00a0Il est forc\u00e9ment \u00e0 craindre de nouvelles d\u00e9faillances d\u2019entreprises face \u00e0 ces deux r\u00e9alit\u00e9s.\u00a0<\/p>\n<p>\u00a0<\/p>\n","protected":false},"excerpt":{"rendered":"Michel Picon, pr\u00e9sident national de l\u2019Union des entreprises de proximit\u00e9, U2P, est venu en Pays de la Loire&hellip;\n","protected":false},"author":2,"featured_media":563097,"comment_status":"","ping_status":"","sticky":false,"template":"","format":"standard","meta":{"footnotes":""},"categories":[2818],"tags":[1111,11,1812,313,1777,674,1011,27,9447,9873,766,12,4030,2636,8889,2860,25,13269,55801,5256],"class_list":{"0":"post-563096","1":"post","2":"type-post","3":"status-publish","4":"format-standard","5":"has-post-thumbnail","7":"category-nantes","8":"tag-actu","9":"tag-actualites","10":"tag-creer","11":"tag-entreprises","12":"tag-eu","13":"tag-europe","14":"tag-fr","15":"tag-france","16":"tag-lance","17":"tag-mobilise","18":"tag-nantes","19":"tag-news","20":"tag-patron","21":"tag-pays-de-la-loire","22":"tag-proximite","23":"tag-reprendre","24":"tag-republique-francaise","25":"tag-site","26":"tag-transmissions","27":"tag-vient"},"share_on_mastodon":{"url":"https:\/\/pubeurope.com\/@fr\/115623784913026725","error":""},"_links":{"self":[{"href":"https:\/\/www.europesays.com\/fr\/wp-json\/wp\/v2\/posts\/563096","targetHints":{"allow":["GET"]}}],"collection":[{"href":"https:\/\/www.europesays.com\/fr\/wp-json\/wp\/v2\/posts"}],"about":[{"href":"https:\/\/www.europesays.com\/fr\/wp-json\/wp\/v2\/types\/post"}],"author":[{"embeddable":true,"href":"https:\/\/www.europesays.com\/fr\/wp-json\/wp\/v2\/users\/2"}],"replies":[{"embeddable":true,"href":"https:\/\/www.europesays.com\/fr\/wp-json\/wp\/v2\/comments?post=563096"}],"version-history":[{"count":0,"href":"https:\/\/www.europesays.com\/fr\/wp-json\/wp\/v2\/posts\/563096\/revisions"}],"wp:featuredmedia":[{"embeddable":true,"href":"https:\/\/www.europesays.com\/fr\/wp-json\/wp\/v2\/media\/563097"}],"wp:attachment":[{"href":"https:\/\/www.europesays.com\/fr\/wp-json\/wp\/v2\/media?parent=563096"}],"wp:term":[{"taxonomy":"category","embeddable":true,"href":"https:\/\/www.europesays.com\/fr\/wp-json\/wp\/v2\/categories?post=563096"},{"taxonomy":"post_tag","embeddable":true,"href":"https:\/\/www.europesays.com\/fr\/wp-json\/wp\/v2\/tags?post=563096"}],"curies":[{"name":"wp","href":"https:\/\/api.w.org\/{rel}","templated":true}]}}