{"id":563100,"date":"2025-11-27T21:29:10","date_gmt":"2025-11-27T21:29:10","guid":{"rendered":"https:\/\/www.europesays.com\/fr\/563100\/"},"modified":"2025-11-27T21:29:10","modified_gmt":"2025-11-27T21:29:10","slug":"le-tribunal-condamne-la-ville-pour-son-incapacite-a-limiter-les-nuisances-sonores","status":"publish","type":"post","link":"https:\/\/www.europesays.com\/fr\/563100\/","title":{"rendered":"le tribunal condamne la Ville pour son incapacit\u00e9 \u00e0 limiter les nuisances sonores"},"content":{"rendered":"<p>L\u2019entr\u00e9e en sc\u00e8ne de la juridiction administrative en dit long sur l\u2019incapacit\u00e9 \u00e0 r\u00e9soudre la probl\u00e9matique des soir\u00e9es et nuits bruyantes, corollaire de l\u2019attractivit\u00e9 retrouv\u00e9e du centre-ville de Bordeaux, <a href=\"https:\/\/www.sudouest.fr\/economie\/conso-distribution\/bordeaux-neuvieme-ville-la-plus-festive-de-france-d-apres-une-etude-21222960.php\" target=\"_blank\" rel=\"follow noopener\">class\u00e9e en 2024 au neuvi\u00e8me rang des villes les plus festives de France, avec \u00ab\u00a06,83 bars au\u00a0km\u00b2\u00a0\u00bb<\/a>. Le quai Louis-XVIII, entre la place de la Bourse et les Quinconces, en offre un incontestable concentr\u00e9\u00a0: \u00ab\u00a0On est pass\u00e9 d\u2019un \u00e0 six bars en cinq ans sur un lin\u00e9aire de 60\u00a0m\u00e8tres\u00a0\u00bb, <a href=\"https:\/\/www.sudouest.fr\/environnement\/les-nuisances-sonores-a-bordeaux-terrasses-de-bars-et-dommages-collateraux-9432289.php\" target=\"_blank\" rel=\"follow noopener\">d\u00e9plorait le m\u00eame Alban Colom\u00e8s, dans \u00ab\u00a0Sud Ouest\u00a0\u00bb, en mars 2022,<\/a> aux c\u00f4t\u00e9s notamment de St\u00e9phane Pusateri, figure bordelaise qui a fait de la d\u00e9fense des riverains son cheval de bataille depuis le milieu des ann\u00e9es 1990.<\/p>\n<p>Mesures acoustiques<\/p>\n<p>Lui-m\u00eame \u00e0 la t\u00eate d\u2019une jeune association de riverains, Alban Colom\u00e8s s\u2019\u00e9tait alors d\u00e9cid\u00e9 \u00e0 investir en parall\u00e8le le terrain judiciaire, lui qui avait saisi \u00e0 plusieurs reprises non seulement le maire Pierre Hurmic, mais aussi ses pr\u00e9d\u00e9cesseurs Alain Jupp\u00e9 et Nicolas Florian, depuis 2017. Une requ\u00eate fond\u00e9e sur une expertise judiciaire\u00a0: la pose de sonom\u00e8tres dans le salon familial, au cinqui\u00e8me \u00e9tage, la soir\u00e9e et la nuit des jeudi 22\u00a0septembre et samedi 8\u00a0octobre 2022. R\u00e9sultat des mesures acoustiques\u00a0: des niveaux sonores deux fois plus \u00e9lev\u00e9s que les seuils r\u00e9glementaires et, selon l\u2019expert, \u00ab\u00a0provenant exclusivement des cris et discussions des clients install\u00e9s en contrebas sur les terrasses des bars\u00a0\u00bb.<\/p>\n<p>La commune, est-il indiqu\u00e9 dans le jugement, a eu beau faire valoir le passage d\u2019agents de la direction des usages de l\u2019espace public charg\u00e9s de v\u00e9rifier le dimensionnement des terrasses, en l\u2019occurrence \u00ab\u00a0quasi exclusivement\u00a0\u00bb conforme \u00e0 la r\u00e9glementation, \u00ab\u00a0cette circonstance n\u2019est pas de nature \u00e0 contredire le constat pr\u00e9c\u00e9demment fait d\u2019un d\u00e9passement des seuils sonores l\u00e9gaux\u00a0\u00bb. Idem pour le \u00ab\u00a0passage quotidien de la police municipale\u00a0\u00bb, \u00ab\u00a0au demeurant sans pr\u00e9cision sur les horaires\u00a0\u00bb, cingle le tribunal, ou encore le \u00ab\u00a0processus de m\u00e9diation\u00a0\u00bb engag\u00e9 avec les riverains et les \u00e9tablissements du quai Louis-XVIII\u00a0: \u00ab\u00a0Il ne r\u00e9sulte pas de l\u2019instruction que ces actions auraient permis de lutter efficacement contre les \u00e9missions de bruits excessifs.\u00a0\u00bb<\/p>\n<p>Contre-arguments rejet\u00e9s<\/p>\n<p>\u00ab\u00a0Cette carence dans la mise en \u0153uvre des pouvoirs de police g\u00e9n\u00e9rale [du maire de Bordeaux, NDLR] est de nature \u00e0 engager sa responsabilit\u00e9\u00a0\u00bb, est-il \u00e9crit par ailleurs. Au passage, le jugement met \u00e0 la charge de la mairie l\u2019int\u00e9gralit\u00e9 des frais d\u2019expertise, soit plus de 5\u00a0600\u00a0euros. L\u2019avocat de la Ville avait tent\u00e9 d\u2019en contester le bien-fond\u00e9, assurant que l\u2019appareillage \u00e9tait pos\u00e9 sur une table, celle-ci constituant une \u00ab\u00a0grande surface r\u00e9fl\u00e9chissante\u00a0\u00bb susceptible de fausser les r\u00e9sultats\u2026 Argument rejet\u00e9 par le tribunal, ne serait-ce que parce que les sonom\u00e8tres \u00e9taient \u00ab\u00a0\u00e0 proximit\u00e9\u00a0\u00bb de la table incrimin\u00e9e.<\/p>\n<blockquote><p>\u00ab\u00a0Je n\u2019ai aucun ressentiment contre un bar en particulier. C\u2019est la somme des bars qui pose probl\u00e8me\u00a0\u00bb<\/p><\/blockquote>\n<p>\u00ab\u00a0Nul n\u2019est plus sourd que celui qui ne veut pas entendre\u00a0\u00bb, reprend Alban Colom\u00e8s, proth\u00e9siste auditif de m\u00e9tier. Au-del\u00e0 du bon mot, il prend garde \u00e0 ne pas se voir caricatur\u00e9 en riverain chagrin\u00a0: \u00ab\u00a0Je n\u2019ai aucun ressentiment contre un bar en particulier. C\u2019est la somme des bars qui pose probl\u00e8me.\u00a0\u00bb Un constat qui fait \u00e9cho au credo de St\u00e9phane Pusateri, pr\u00e9sident de l\u2019association des riverains et r\u00e9sidents de Bordeaux, notamment en croisade contre \u00ab\u00a0la mono-activit\u00e9\u00a0\u00bb\u00a0: \u00ab\u00a0Paris a pris des mesures, notamment dans le quartier du Sentier\u00a0\u00bb, rappelle-t-il, saluant la d\u00e9cision du tribunal administratif\u00a0: \u00ab\u00a0Elle d\u00e9montre ce qu\u2019on d\u00e9nonce depuis trente ans. Les municipalit\u00e9s bordelaises n\u2019ont jamais us\u00e9 de leurs pouvoirs de police.\u00a0\u00bb<\/p>\n<p>Sollicit\u00e9e, la mairie de Bordeaux indique qu\u2019une \u00ab\u00a0r\u00e9union d\u2019urgence\u00a0\u00bb devait avoir lieu sur le sujet dans la soir\u00e9e de jeudi, en pr\u00e9sence des \u00e9lus et de la police municipale, renvoyant \u00e0 une communication vendredi 28\u00a0novembre.<\/p>\n","protected":false},"excerpt":{"rendered":"L\u2019entr\u00e9e en sc\u00e8ne de la juridiction administrative en dit long sur l\u2019incapacit\u00e9 \u00e0 r\u00e9soudre la probl\u00e9matique des soir\u00e9es&hellip;\n","protected":false},"author":2,"featured_media":563101,"comment_status":"","ping_status":"","sticky":false,"template":"","format":"standard","meta":{"footnotes":""},"categories":[2817],"tags":[1111,11,1997,1777,674,1011,27,12,2219,25],"class_list":{"0":"post-563100","1":"post","2":"type-post","3":"status-publish","4":"format-standard","5":"has-post-thumbnail","7":"category-bordeaux","8":"tag-actu","9":"tag-actualites","10":"tag-bordeaux","11":"tag-eu","12":"tag-europe","13":"tag-fr","14":"tag-france","15":"tag-news","16":"tag-nouvelle-aquitaine","17":"tag-republique-francaise"},"share_on_mastodon":{"url":"https:\/\/pubeurope.com\/@fr\/115623792826609499","error":""},"_links":{"self":[{"href":"https:\/\/www.europesays.com\/fr\/wp-json\/wp\/v2\/posts\/563100","targetHints":{"allow":["GET"]}}],"collection":[{"href":"https:\/\/www.europesays.com\/fr\/wp-json\/wp\/v2\/posts"}],"about":[{"href":"https:\/\/www.europesays.com\/fr\/wp-json\/wp\/v2\/types\/post"}],"author":[{"embeddable":true,"href":"https:\/\/www.europesays.com\/fr\/wp-json\/wp\/v2\/users\/2"}],"replies":[{"embeddable":true,"href":"https:\/\/www.europesays.com\/fr\/wp-json\/wp\/v2\/comments?post=563100"}],"version-history":[{"count":0,"href":"https:\/\/www.europesays.com\/fr\/wp-json\/wp\/v2\/posts\/563100\/revisions"}],"wp:featuredmedia":[{"embeddable":true,"href":"https:\/\/www.europesays.com\/fr\/wp-json\/wp\/v2\/media\/563101"}],"wp:attachment":[{"href":"https:\/\/www.europesays.com\/fr\/wp-json\/wp\/v2\/media?parent=563100"}],"wp:term":[{"taxonomy":"category","embeddable":true,"href":"https:\/\/www.europesays.com\/fr\/wp-json\/wp\/v2\/categories?post=563100"},{"taxonomy":"post_tag","embeddable":true,"href":"https:\/\/www.europesays.com\/fr\/wp-json\/wp\/v2\/tags?post=563100"}],"curies":[{"name":"wp","href":"https:\/\/api.w.org\/{rel}","templated":true}]}}