{"id":563108,"date":"2025-11-27T21:34:22","date_gmt":"2025-11-27T21:34:22","guid":{"rendered":"https:\/\/www.europesays.com\/fr\/563108\/"},"modified":"2025-11-27T21:34:22","modified_gmt":"2025-11-27T21:34:22","slug":"lille-et-le-collectif-noustoutes-descendent-dans-la-rue-contre-les-vss","status":"publish","type":"post","link":"https:\/\/www.europesays.com\/fr\/563108\/","title":{"rendered":"Lille et le collectif #NousToutes descendent dans la rue contre les VSS"},"content":{"rendered":"<p style=\"text-align: justify;\">\u00c0 l\u2019appel du collectif f\u00e9ministe #Nous Toutes, plus de mille personnes se sont rassembl\u00e9es sur la Grand-Place de Lille samedi 22 septembre pour dire stop aux violences sexistes et sexuelles (VSS). \u201cRas les viols !\u201d, \u201cmon corps, mon choix, et ferme ta gueule !\u201d, \u201con ne na\u00eet pas femme, on en meurt\u201d : sur chaque pancarte, la col\u00e8re se fait sentir. Mais au-del\u00e0 de la d\u00e9nonciation des violences faites aux femmes, la marche porte aussi un message de solidarit\u00e9 envers toutes les personnes opprim\u00e9es.<\/p>\n<p style=\"text-align: justify;\">Selon #Nous Toutes, 149 femmes ont \u00e9t\u00e9 assassin\u00e9es depuis le d\u00e9but de l\u2019ann\u00e9e, parce qu\u2019elles \u00e9taient des femmes. Un chiffre en hausse par rapport \u00e0 l\u2019an dernier, et le Nord n\u2019est malheureusement pas une exception. \u201cToute l\u2019ann\u00e9e, on compte nos mortes. C\u2019est extr\u00eamement difficile, mais une fois par an, on se retrouve pour se donner de l\u2019\u00e9nergie dans la lutte pour les 364 jours suivants\u201d confie Katy Vuylsteker, membre de la premi\u00e8re marche #Nous Toutes \u00e0 Lille en 2018. Pour les collectifs pr\u00e9sents, ces f\u00e9minicides s\u2019inscrivent directement dans un syst\u00e8me patriarcal qui structure les rapports de domination masculine et rend possible ces violences. Ils pointent du doigt le capitalisme, qu\u2019ils accusent de contribuer \u00e0 la perp\u00e9tuation de ce syst\u00e8me et des in\u00e9galit\u00e9s qu\u2019il engendre.<\/p>\n<p><b>Un combat qui semble sans fin<\/b><\/p>\n<p style=\"text-align: justify;\">D\u2019ann\u00e9e en ann\u00e9e, les m\u00eames constats reviennent. Moins de 1% des viols sont condamn\u00e9s par la justice et la plupart des dossiers sont class\u00e9s sans suite. \u201cDepuis sept ans, nos revendications n\u2019ont presque pas chang\u00e9\u201d, regrette Amy Bah, repr\u00e9sentante de #Nous Toutes, en ouverture de la marche. Le Collectif Lillois de Luttes F\u00e9ministes (CLLF) rappelle que les droits acquis gr\u00e2ce au mouvement #MeToo restent fragiles, face \u00e0 la pr\u00e9carit\u00e9 croissante des femmes, aux attaques contre l\u2019\u00e9ducation sexuelle, \u00e0 la baisse des subventions pour les associations et \u00e0 la remise en cause du discours f\u00e9ministe dans le d\u00e9bat public.<\/p>\n<p style=\"text-align: justify;\">Malgr\u00e9 ces difficult\u00e9s, certaines avanc\u00e9es r\u00e9centes donnent de l\u2019\u00e9lan \u00e0 leur lutte, comme l\u2019inscription de la libert\u00e9 \u00e0 l\u2019interruption volontaire de grossesse (IVG) dans la Constitution en mars 2024 ou l\u2019int\u00e9gration du non-consentement dans la d\u00e9finition p\u00e9nale du viol. Des acquis pr\u00e9sent\u00e9s comme des victoires populaires, rendues possibles par la mobilisation collective. Mais les militantes f\u00e9ministes pr\u00e9viennent : \u201cLe combat est loin d\u2019\u00eatre fini ! C\u2019est \u00e0 nous de bouger pour obtenir nos victoires et pour que les droits \u00e9voluent.\u201d<\/p>\n<p style=\"text-align: justify;\">Cette \u00e9nergie attire de nouvelles personnes dans le mouvement. Pauline, par exemple, est venue manifester pour la premi\u00e8re fois : \u201cJ\u2019ai entendu et regard\u00e9 beaucoup de t\u00e9moignages sur les f\u00e9minicides\u2026 J\u2019ai eu envie de participer \u00e0 la manif pour soutenir ces femmes qui souffrent et qui ont souffert de toutes ces violences.\u201d<\/p>\n<p><img loading=\"lazy\" decoding=\"async\" class=\"wp-image-57800 size-full lazyload\" src=\"https:\/\/www.europesays.com\/fr\/wp-content\/uploads\/2025\/11\/IMG_3883.jpg\" alt=\"Une repr\u00e9sentante de NousToutes lance la marche, entour\u00e9e de violet, couleur ma\u00eetresse de la manifestation \u00a9 Loane Rotatinti \" width=\"3765\" height=\"2510\" data-  \/>Amy Bah, repr\u00e9sentante de #Nous Toutes, ouvre la marche, entour\u00e9e de violet, couleur embl\u00e9matique de la manifestation. \u00a9 Loane Rotatinti \/ P\u00e9p\u00e8re News<br \/>\n<b>Une marche f\u00e9ministe, solidaire de toutes les luttes\u00a0<\/b><\/p>\n<p style=\"text-align: justify;\" data-start=\"358\" data-end=\"904\">La manifestation met en avant le fait que le f\u00e9minisme n\u2019est pas un combat isol\u00e9, mais un front de solidarit\u00e9s, ici, et ailleurs. Les slogans r\u00e9sonnent tout au long du parcours : \u201c\u202fSo-so-solidarit\u00e9 avec les femmes du monde entier\u201d.<\/p>\n<p style=\"text-align: justify;\" data-start=\"358\" data-end=\"904\">Les intervenants insistent sur des r\u00e9alit\u00e9s souvent ignor\u00e9es. Les violences touchent particuli\u00e8rement les femmes racis\u00e9es et\/ou musulmanes, qui subissent des discriminations multiples et des attaques sp\u00e9cifiques li\u00e9es \u00e0 leur identit\u00e9 ou \u00e0 leur religion. Leurs exp\u00e9riences rappellent que la lutte f\u00e9ministe doit \u00eatre intersectionnelle. Le collectif OST (Organisation de Solidarit\u00e9 Trans) souligne quant \u00e0 lui les risques accrus auxquels sont expos\u00e9es les femmes et les personnes transgenres : \u201cUne femme trans agress\u00e9e, ce sont toutes les femmes qui sont vis\u00e9es.\u201d Comme le r\u00e9sume \u00c9milie, pr\u00e9sente \u00e0 chaque manifestation depuis plusieurs ann\u00e9es : \u201cToute personne est \u00e9gale. Il ne doit pas y avoir de diff\u00e9rence entre les hommes, les femmes, les personnes racis\u00e9es, les personnes trans.\u201d<\/p>\n<p style=\"text-align: justify;\" data-start=\"906\" data-end=\"1310\">La solidarit\u00e9 d\u00e9passe largement les fronti\u00e8res fran\u00e7aises. Sur le cort\u00e8ge lillois, drapeaux palestiniens et banderoles violettes se m\u00ealent tandis que la foule scande \u201cFree Palestine\u201d ou \u201cNous sommes tous des enfants de Gaza.\u201d Les collectifs rappellent que, dans de nombreux pays, les violences sexuelles s\u2019intensifient dans les contextes de guerre. Au Congo et au Soudan, elles sont utilis\u00e9es comme armes de domination, et en Palestine, des ONG alertent depuis des ann\u00e9es sur les violences faites aux femmes dans les territoires occup\u00e9s.<\/p>\n<p><img loading=\"lazy\" decoding=\"async\" class=\"wp-image-57798 size-full lazyload\" src=\"https:\/\/www.europesays.com\/fr\/wp-content\/uploads\/2025\/11\/DSC_0566.jpg\" alt=\"Le collectif &quot;Chez Violette&quot; chante au nom des femmes, poings lev\u00e9s VSS\" width=\"6000\" height=\"4000\" data-  \/>Le collectif \u201cChez Violette\u201d marque une pause dans la marche, chantant au nom de toutes les femmes, poings lev\u00e9s. \u00a9 Loane Rotatinti \/ P\u00e9p\u00e8re News<br \/>\n<b>Penser aux plus jeunes, victimes invisibles\u00a0<\/b><\/p>\n<p style=\"text-align: justify;\">De son c\u00f4t\u00e9, le collectif Enfantiste alerte sur la vuln\u00e9rabilit\u00e9 d\u2019une autre population : \u201cLes enfants figurent parmi les premi\u00e8res victimes de violences sexuelles.\u201d Une r\u00e9v\u00e9lation qui a laiss\u00e9 un silence gla\u00e7ant dans la foule. D\u2019apr\u00e8s l\u2019Unicef, au moins 160.000 enfants sont sexuellement violent\u00e9s chaque ann\u00e9e en France dont un quart avaient moins de cinq ans au moment des faits.<\/p>\n<p style=\"text-align: justify;\">\u201cLes enfants ont une parole, une dignit\u00e9, une r\u00e9alit\u00e9. L\u2019adulte n\u2019a pas toujours raison. Un enfant n\u2019est jamais consentant\u201d, rappellent les militantes. La foule reprend le slogan \u201cVictime on te croit, p\u00e9docriminel on te voit !\u201d, un cri qui r\u00e9sonne d\u2019autant plus fort apr\u00e8s les r\u00e9centes r\u00e9v\u00e9lations de la Mission interminist\u00e9rielle pour la protection des femmes (Miprof), <a class=\"underline--magical\" href=\"https:\/\/www.facebook.com\/hugodecrypte\/photos\/ce-chiffre-provient-dun-rapport-publi%C3%A9-ce-jeudi-par-la-mission-interminist%C3%A9riell\/1389393279218137\/\" target=\"_blank\" rel=\"noopener\">faisant \u00e9tat de plus de 600 nourrissons victimes de violences sexuelles en 2024<\/a>.<\/p>\n<p>La mont\u00e9e de l\u2019extr\u00eame droite inqui\u00e8te, le gouvernement exasp\u00e8re<\/p>\n<p style=\"text-align: justify;\">Dans le cort\u00e8ge, une large partie de la col\u00e8re vise la mont\u00e9e de l\u2019extr\u00eame droite, per\u00e7ue comme un danger direct en particulier pour les personnes racis\u00e9es et les femmes portant le voile. \u201cPlus l\u2019extr\u00eame droite monte, plus nos droits reculent. Il faut vraiment emp\u00eacher \u00e7a\u201d explique Clara, levant sa pancarte \u201cLa r\u00e9volution sera f\u00e9ministe\u201d. Autour d\u2019elle, les slogans antifascistes rythment la foule : \u201cLes fachos ne passeront pas, les f\u00e9ministes sont l\u00e0 !\u201d, \u201ctout le monde d\u00e9teste le RN !\u201d, \u201c\u00e0 bas l\u2019\u00c9tat, les flics et les fachos !\u201d. Pour de nombreux collectifs, l\u2019extr\u00eame droite repr\u00e9sente une menace imm\u00e9diate qui s\u2019attaque aux droits reproductifs, aux associations f\u00e9ministes et LGBTQ+, aux minorit\u00e9s, et cherche \u00e0 r\u00e9duire au silence les mouvements progressistes.<\/p>\n<p style=\"text-align: justify;\">Mais la critique ne se limite pas \u00e0 l\u2019extr\u00eame droite. Beaucoup d\u00e9noncent l\u2019inaction du gouvernement actuel, accus\u00e9 de laisser s\u2019effondrer les moyens de lutte contre les VSS. Les fermetures de structures essentielles d\u2019accueil et d\u2019accompagnement des victimes, comme le Planning familial de Valenciennes en avril 2025 faute de subventions, reviennent dans le discours du collectif CLLF. Juste apr\u00e8s, les manifestants se mettent \u00e0 crier : \u201cOn est l\u00e0, on est l\u00e0, m\u00eame si Macron ne le veut pas, nous on est l\u00e0 !\u201d La situation \u00e9nerve particuli\u00e8rement Ethan, pour qui \u201cles politiques actuelles ne font rien et les seules r\u00e9ponses du gouvernement ne sont clairement pas \u00e0 la hauteur des enjeux.\u201d<\/p>\n<p style=\"text-align: justify;\">\u00c0 Lille, les collectifs f\u00e9ministes ont ensuite appel\u00e9 \u00e0 une marche de nuit f\u00e9ministe et r\u00e9volutionnaire le 25 novembre, journ\u00e9e internationale de la lutte contre les violences sexistes, sexuelles et de genre. Une date qui s\u2019annonce comme une suite logique : continuer \u00e0 occuper l\u2019espace public et visibiliser les violences.<\/p>\n","protected":false},"excerpt":{"rendered":"\u00c0 l\u2019appel du collectif f\u00e9ministe #Nous Toutes, plus de mille personnes se sont rassembl\u00e9es sur la Grand-Place de&hellip;\n","protected":false},"author":2,"featured_media":563109,"comment_status":"","ping_status":"","sticky":false,"template":"","format":"standard","meta":{"footnotes":""},"categories":[2815],"tags":[1111,11,1777,674,1011,27,811,1307,12,25],"class_list":{"0":"post-563108","1":"post","2":"type-post","3":"status-publish","4":"format-standard","5":"has-post-thumbnail","7":"category-lille","8":"tag-actu","9":"tag-actualites","10":"tag-eu","11":"tag-europe","12":"tag-fr","13":"tag-france","14":"tag-hauts-de-france","15":"tag-lille","16":"tag-news","17":"tag-republique-francaise"},"share_on_mastodon":{"url":"https:\/\/pubeurope.com\/@fr\/115623813544105026","error":""},"_links":{"self":[{"href":"https:\/\/www.europesays.com\/fr\/wp-json\/wp\/v2\/posts\/563108","targetHints":{"allow":["GET"]}}],"collection":[{"href":"https:\/\/www.europesays.com\/fr\/wp-json\/wp\/v2\/posts"}],"about":[{"href":"https:\/\/www.europesays.com\/fr\/wp-json\/wp\/v2\/types\/post"}],"author":[{"embeddable":true,"href":"https:\/\/www.europesays.com\/fr\/wp-json\/wp\/v2\/users\/2"}],"replies":[{"embeddable":true,"href":"https:\/\/www.europesays.com\/fr\/wp-json\/wp\/v2\/comments?post=563108"}],"version-history":[{"count":0,"href":"https:\/\/www.europesays.com\/fr\/wp-json\/wp\/v2\/posts\/563108\/revisions"}],"wp:featuredmedia":[{"embeddable":true,"href":"https:\/\/www.europesays.com\/fr\/wp-json\/wp\/v2\/media\/563109"}],"wp:attachment":[{"href":"https:\/\/www.europesays.com\/fr\/wp-json\/wp\/v2\/media?parent=563108"}],"wp:term":[{"taxonomy":"category","embeddable":true,"href":"https:\/\/www.europesays.com\/fr\/wp-json\/wp\/v2\/categories?post=563108"},{"taxonomy":"post_tag","embeddable":true,"href":"https:\/\/www.europesays.com\/fr\/wp-json\/wp\/v2\/tags?post=563108"}],"curies":[{"name":"wp","href":"https:\/\/api.w.org\/{rel}","templated":true}]}}