{"id":56311,"date":"2025-04-27T07:41:09","date_gmt":"2025-04-27T07:41:09","guid":{"rendered":"https:\/\/www.europesays.com\/fr\/56311\/"},"modified":"2025-04-27T07:41:09","modified_gmt":"2025-04-27T07:41:09","slug":"nice-a-51-ans-rachel-change-de-metier-pour-organiser-des-enterrements","status":"publish","type":"post","link":"https:\/\/www.europesays.com\/fr\/56311\/","title":{"rendered":"Nice. \u00c0 51 ans, Rachel change de m\u00e9tier pour organiser&#8230; des enterrements"},"content":{"rendered":"<p>            Par<br \/>\n        <strong><br \/>\n            <a href=\"https:\/\/actu.fr\/auteur\/manon-reinhardt\" title=\"Consulter tous les articles de Manon Reinhardt\" rel=\"nofollow noopener\" target=\"_blank\">Manon Reinhardt<\/a><br \/>\n        <\/strong><\/p>\n<p>        Publi\u00e9 le<\/p>\n<p>            27 avr. 2025 \u00e0 9h36        <\/p>\n<p>On connaissait les \u00ab\u2009wedding planners\u2009\u00bb. Rachel Bianconi est \u00ab\u2009funeral planner\u2009\u00bb. Comme le nom l\u2019indique, elle n\u2019organise pas les mariages ou les f\u00eates d\u2019anniversaire, mais bien les enterrements. Un m\u00e9tier pour le moins \u00e9tonnant mais \u00ab\u2009\u00e9mergent\u2009\u00bb, qu\u2019elle est la seule \u00e0 exercer \u00e0 <a href=\"https:\/\/actu.fr\/provence-alpes-cote-d-azur\/nice_06088\" rel=\"nofollow noopener\" target=\"_blank\">Nice<\/a> (<a href=\"https:\/\/actu.fr\/provence-alpes-cote-d-azur\/alpes-maritimes_06\" rel=\"nofollow noopener\" target=\"_blank\">Alpes-Maritimes<\/a>).<\/p>\n<p class=\" wall-content\">Reprise des \u00e9tudes, sujet tabou, accompagnement personnalis\u00e9 et demandes insolites, elle se confie sans d\u00e9tour \u00e0 actu Nice.<\/p>\n<p>Elles sont seulement deux dans le 06<\/p>\n<p class=\" wall-content\">Cela peut para\u00eetre inadapt\u00e9, ou m\u00eame pr\u00eater \u00e0 sourire\u2026 Mais c\u2019est en discutant avec cette ancienne assistante sociale que l\u2019on en comprend la n\u00e9cessit\u00e9. \u00c0 53 ans, Rachel c\u00f4toie la mort quotidiennement en organisant des obs\u00e8ques.<\/p>\n<p class=\" wall-content\">\u00ab\u2009J\u2019ai travaill\u00e9 25\u00a0ans dans le m\u00e9dico-social \u00e0 diff\u00e9rents postes. Le domaine fun\u00e9raire, \u00e7a a \u00e9t\u00e9 une \u00e9vidence pour moi. J\u2019ai accompagn\u00e9 de nombreuses familles en situation de deuil ou des patients en fin de vie\u2009\u00bb, retrace-t-elle.<\/p>\n<p class=\" wall-content\">Il y a un an et demi, elle cr\u00e9e son entreprise <a href=\"https:\/\/unautredepart.fr\/\" rel=\"nofollow noopener\" target=\"_blank\">Un autre d\u00e9part<\/a>. La Ni\u00e7oise s\u2019est reconvertie et a repris les \u00e9tudes pour devenir <strong>\u00ab\u2009funeral planner\u2009\u00bb<\/strong>. Un m\u00e9tier peu connu \u2013 ils ne sont qu\u2019une douzaine en France et deux dans les Alpes-Maritimes \u00e0 l\u2019exercer \u2013 mais qui se d\u00e9veloppe de plus en plus.<\/p>\n<p>Vid\u00e9os : en ce moment sur ActuEnterrements personnalis\u00e9s<\/p>\n<p class=\" wall-content\">C\u2019est au cours de sa carri\u00e8re que Rachel se rend compte qu\u2019il y a davantage \u00ab\u2009besoin de l\u2019humain et de beaucoup d\u2019accompagnement tr\u00e8s individualis\u00e9\u2009\u00bb durant ces situations complexes. Elle garde notamment le souvenir de l\u2019enterrement de sa propre grand-m\u00e8re.<\/p>\n<blockquote class=\"ac-article-quote wall-content\">\n<p>\u00c7a a \u00e9t\u00e9 un moment incroyable compl\u00e8tement \u00e0 son image, tr\u00e8s populaire et chaleureux. On a beaucoup ri et beaucoup pleur\u00e9. Des gens m&rsquo;en reparlent encore. Je me suis dit que c&rsquo;\u00e9tait tr\u00e8s puissant, en fait les morts ne disparaissent pas.\u00a0Quand les gens ont des obs\u00e8ques personnalis\u00e9es, c&rsquo;est quelque chose qui compte pour les proches dans leur chemin de deuil. <\/p>\n<p>    <strong>Rachel Bianconi<\/strong><br \/>\n        Funeral planner    <\/p><\/blockquote>\n<p class=\" wall-content\">Mais ce qui se fait \u00ab\u2009de plus en plus\u2009\u00bb, c\u2019est l\u2019organisation d\u2019enterrements personnalis\u00e9s \u00ab\u2009par anticipation\u2009\u00bb. \u00ab\u2009Cela va plus loin, car c\u2019est aussi r\u00e9diger <strong>les directives m\u00e9dicales<\/strong> anticip\u00e9es, pr\u00e9parer l\u2019administratif et les volont\u00e9s.\u2009\u00bb<\/p>\n<p>Des proches \u00ab\u2009soulag\u00e9s\u2009\u00bb<\/p>\n<p class=\" wall-content\">Un \u00ab\u2009double cadeau\u2009\u00bb selon Rachel. \u00ab\u2009On se fait un cadeau \u00e0 soi-m\u00eame car on est s\u00fbr que nos volont\u00e9s seront respect\u00e9es. Mais aussi \u00e0 son entourage en le soulageant de tout \u00e7a, des choix \u00e0 faire et des d\u00e9cisions \u00e0 prendre.\u2009\u00bb<\/p>\n<p>      <img   decoding=\"async\" loading=\"lazy\" src=\"https:\/\/www.europesays.com\/fr\/wp-content\/uploads\/2025\/04\/rachel-nice-960x640.jpeg\" alt=\"Rachel\" width=\"960\" height=\"640\"\/><br \/>\n    Rachel travaille avec les pompes fun\u00e8bres et de nombreux \u00e9tablissements de sant\u00e9. (\u00a9Manon Reinhardt \/ actu Nice)<\/p>\n<p class=\" wall-content\">Concr\u00e8tement, l\u2019ancienne assistante sociale coordonne la logistique des obs\u00e8ques, fait l\u2019interm\u00e9diaire avec les diff\u00e9rents prestataires, conseille et accompagne ses clients. Mais son c\u0153ur de m\u00e9tier, <strong>\u00ab\u2009c\u2019est l\u2019\u00e9coute\u2009\u00bb.<\/strong><\/p>\n<blockquote class=\"ac-article-quote wall-content\">\n<p>On a \u00e0 faire \u00e0 un business qui est \u00e9norme. Le domaine fun\u00e9raire repr\u00e9sente 4 milliards d&rsquo;euros en France tous les ans. Parfois, les proches ne savent m\u00eame pas qu&rsquo;ils ont le choix du cercueil par exemple. Je les accompagne physiquement, il y a une proximit\u00e9. Cette personnalisation est comme un fil rouge, je peux \u00eatre l\u00e0 \u00e0 chaque \u00e9tape.<\/p>\n<p>    <strong>Rachel Bianconi<\/strong><br \/>\n        Funeral planner     <\/p><\/blockquote>\n<p>Tombola, drapeau de la CGT, parfum\u2026<\/p>\n<p class=\" wall-content\">Parfois, les demandes peuvent sembler <strong>farfelues<\/strong>. Rachel en d\u00e9taille quelques-unes, le sourire aux l\u00e8vres. \u00ab\u2009Certains souhaitent \u00eatre enterr\u00e9s avec des objets qui lui sont chers. Une cliente a voulu que son parfum soit diffus\u00e9 lors de son enterrement. R\u00e9cemment, un homme m\u2019a fait part de sa volont\u00e9 de proposer une tombola \u00e0 la fin de c\u00e9r\u00e9monie\u2009!\u2009\u00bb<\/p>\n<p class=\" wall-content\">Un autre a envie d\u2019\u00eatre mis en terre avec le drapeau de la CGT sur son cercueil. S\u2019il existe des limites, le choix des possibles est quasi \u00ab\u2009infini\u2009\u00bb. <strong>On peut tout imaginer<\/strong>.<\/p>\n<p class=\" wall-content\">\u00ab\u2009Ce qui compte, c\u2019est que \u00e7a ait du sens. Il n\u2019est pas question de faire des obs\u00e8ques originales, \u00e7a peut \u00eatre tr\u00e8s traditionnel. Le principal, c\u2019est que \u00e7a lui ressemble.\u2009\u00bb<\/p>\n<p>Un m\u00e9tier \u00ab\u2009de l\u2019avenir\u2009\u00bb \u00e0 construire<\/p>\n<p class=\" wall-content\">Son forfait anticipation est fix\u00e9 \u00e0 <strong>1400 euros<\/strong>. \u00ab\u2009Toutes les volont\u00e9s sont r\u00e9dig\u00e9es, sign\u00e9es, et sont donn\u00e9es \u00e0 au moins deux proches\u2009\u00bb, pr\u00e9cise l\u2019entrepreneuse. Le tarif pour b\u00e9n\u00e9ficier de ses services post-obs\u00e8ques est \u00e0 <strong>590\u00a0euros<\/strong>. Il va concerner exclusivement l\u2019administratif.<\/p>\n<p class=\" wall-content\">Rachel tente de transmettre sa vision de la mort, qui est loin d\u2019\u00eatre un sujet tabou pour elle. \u00ab\u2009Un enterrement, c\u2019est l\u2019occasion de f\u00eater de c\u00e9l\u00e9brer la vie de la personne\u2009\u00bb, sugg\u00e8re la furenal planner. Un moment o\u00f9 l\u2019on pleure, bien s\u00fbr, mais o\u00f9 l\u2019on peut rire aussi.<\/p>\n<p class=\" wall-content\">Finalement, son m\u00e9tier \u00ab\u2009est hypervivant\u2009\u00bb, mart\u00e8le-t-elle. Et \u00e7a int\u00e9resse. \u00ab\u2009Il n\u2019y a pas une semaine sans que des gens m\u2019\u00e9crivent pour se reconvertir\u2009\u00bb. Une profession \u00ab\u2009de l\u2019avenir\u2009\u00bb o\u00f9 il y a encore tout \u00e0 construire. Une <strong>charte \u00e9thique<\/strong> nationale est m\u00eame en cours de r\u00e9daction.<\/p>\n<p class=\" wall-content\">Suivez toute l\u2019actualit\u00e9 de vos villes et m\u00e9dias favoris en vous inscrivant \u00e0 <a href=\"https:\/\/moncompte.actu.fr\" title=\"D\u00e9couvez Mon Actu\" rel=\"nofollow noopener\" data-trk=\"{&quot;cta&quot;:{&quot;action&quot;:&quot;https:\\\/\\\/moncompte.actu.fr&quot;,&quot;category&quot;:&quot;mon compte&quot;,&quot;from&quot;:&quot;article footer&quot;,&quot;name&quot;:&quot;Mon actu&quot;,&quot;type&quot;:&quot;cta&quot;}}\" target=\"_blank\">Mon Actu<\/a>.<\/p>\n","protected":false},"excerpt":{"rendered":"Par Manon Reinhardt Publi\u00e9 le 27 avr. 2025 \u00e0 9h36 On connaissait les \u00ab\u2009wedding planners\u2009\u00bb. Rachel Bianconi est&hellip;\n","protected":false},"author":2,"featured_media":56312,"comment_status":"","ping_status":"","sticky":false,"template":"","format":"standard","meta":{"footnotes":""},"categories":[2819],"tags":[1111,11,1777,674,7977,1011,27,12,2401,882,25,104],"class_list":{"0":"post-56311","1":"post","2":"type-post","3":"status-publish","4":"format-standard","5":"has-post-thumbnail","7":"category-nice","8":"tag-actu","9":"tag-actualites","10":"tag-eu","11":"tag-europe","12":"tag-fin-de-vie","13":"tag-fr","14":"tag-france","15":"tag-news","16":"tag-nice","17":"tag-provence-alpes-cote-dazur","18":"tag-republique-francaise","19":"tag-societe"},"share_on_mastodon":{"url":"https:\/\/pubeurope.com\/@fr\/114408802499103852","error":""},"_links":{"self":[{"href":"https:\/\/www.europesays.com\/fr\/wp-json\/wp\/v2\/posts\/56311","targetHints":{"allow":["GET"]}}],"collection":[{"href":"https:\/\/www.europesays.com\/fr\/wp-json\/wp\/v2\/posts"}],"about":[{"href":"https:\/\/www.europesays.com\/fr\/wp-json\/wp\/v2\/types\/post"}],"author":[{"embeddable":true,"href":"https:\/\/www.europesays.com\/fr\/wp-json\/wp\/v2\/users\/2"}],"replies":[{"embeddable":true,"href":"https:\/\/www.europesays.com\/fr\/wp-json\/wp\/v2\/comments?post=56311"}],"version-history":[{"count":0,"href":"https:\/\/www.europesays.com\/fr\/wp-json\/wp\/v2\/posts\/56311\/revisions"}],"wp:featuredmedia":[{"embeddable":true,"href":"https:\/\/www.europesays.com\/fr\/wp-json\/wp\/v2\/media\/56312"}],"wp:attachment":[{"href":"https:\/\/www.europesays.com\/fr\/wp-json\/wp\/v2\/media?parent=56311"}],"wp:term":[{"taxonomy":"category","embeddable":true,"href":"https:\/\/www.europesays.com\/fr\/wp-json\/wp\/v2\/categories?post=56311"},{"taxonomy":"post_tag","embeddable":true,"href":"https:\/\/www.europesays.com\/fr\/wp-json\/wp\/v2\/tags?post=56311"}],"curies":[{"name":"wp","href":"https:\/\/api.w.org\/{rel}","templated":true}]}}