{"id":563110,"date":"2025-11-27T21:35:33","date_gmt":"2025-11-27T21:35:33","guid":{"rendered":"https:\/\/www.europesays.com\/fr\/563110\/"},"modified":"2025-11-27T21:35:33","modified_gmt":"2025-11-27T21:35:33","slug":"les-notes-de-lille-dinamo-zagreb-meunier-rayonne-igamane-essentiel","status":"publish","type":"post","link":"https:\/\/www.europesays.com\/fr\/563110\/","title":{"rendered":"Les notes de\u00a0Lille-Dinamo Zagreb\u00a0: Meunier rayonne, Igamane essentiel"},"content":{"rendered":"\n<p>Les notes de\u00a0Lille-Dinamo Zagreb\u00a0: Meunier rayonne, Igamane essentiel<\/p>\n<p>Solide derri\u00e8re et incisif dans ses projections, Thomas Meunier a impos\u00e9 sa justesse et un gros volume de jeu aux joueurs du Dinamo Zagreb, qui se sont lourdement inclin\u00e9s sur la pelouse du LOSC (4-0), ce jeudi en Ligue Europa. Devant, Hamza Igamane, malgr\u00e9 quelques impr\u00e9cisions, a pes\u00e9 sur les actions d\u00e9cisives lilloises et inscrit le troisi\u00e8me but nordiste.<\/p>\n","protected":false},"excerpt":{"rendered":"Les notes de\u00a0Lille-Dinamo Zagreb\u00a0: Meunier rayonne, Igamane essentiel Solide derri\u00e8re et incisif dans ses projections, Thomas Meunier a&hellip;\n","protected":false},"author":2,"featured_media":563111,"comment_status":"","ping_status":"","sticky":false,"template":"","format":"standard","meta":{"footnotes":""},"categories":[2815],"tags":[1111,11,1777,674,1011,27,811,1307,12,25],"class_list":{"0":"post-563110","1":"post","2":"type-post","3":"status-publish","4":"format-standard","5":"has-post-thumbnail","7":"category-lille","8":"tag-actu","9":"tag-actualites","10":"tag-eu","11":"tag-europe","12":"tag-fr","13":"tag-france","14":"tag-hauts-de-france","15":"tag-lille","16":"tag-news","17":"tag-republique-francaise"},"share_on_mastodon":{"url":"https:\/\/pubeurope.com\/@fr\/115623816371567905","error":""},"_links":{"self":[{"href":"https:\/\/www.europesays.com\/fr\/wp-json\/wp\/v2\/posts\/563110","targetHints":{"allow":["GET"]}}],"collection":[{"href":"https:\/\/www.europesays.com\/fr\/wp-json\/wp\/v2\/posts"}],"about":[{"href":"https:\/\/www.europesays.com\/fr\/wp-json\/wp\/v2\/types\/post"}],"author":[{"embeddable":true,"href":"https:\/\/www.europesays.com\/fr\/wp-json\/wp\/v2\/users\/2"}],"replies":[{"embeddable":true,"href":"https:\/\/www.europesays.com\/fr\/wp-json\/wp\/v2\/comments?post=563110"}],"version-history":[{"count":0,"href":"https:\/\/www.europesays.com\/fr\/wp-json\/wp\/v2\/posts\/563110\/revisions"}],"wp:featuredmedia":[{"embeddable":true,"href":"https:\/\/www.europesays.com\/fr\/wp-json\/wp\/v2\/media\/563111"}],"wp:attachment":[{"href":"https:\/\/www.europesays.com\/fr\/wp-json\/wp\/v2\/media?parent=563110"}],"wp:term":[{"taxonomy":"category","embeddable":true,"href":"https:\/\/www.europesays.com\/fr\/wp-json\/wp\/v2\/categories?post=563110"},{"taxonomy":"post_tag","embeddable":true,"href":"https:\/\/www.europesays.com\/fr\/wp-json\/wp\/v2\/tags?post=563110"}],"curies":[{"name":"wp","href":"https:\/\/api.w.org\/{rel}","templated":true}]}}