{"id":563113,"date":"2025-11-27T21:37:11","date_gmt":"2025-11-27T21:37:11","guid":{"rendered":"https:\/\/www.europesays.com\/fr\/563113\/"},"modified":"2025-11-27T21:37:11","modified_gmt":"2025-11-27T21:37:11","slug":"orange-ferme-temporairement-son-site-a-marseille-suite-a-des-tensions-dans-le-quartier","status":"publish","type":"post","link":"https:\/\/www.europesays.com\/fr\/563113\/","title":{"rendered":"Orange ferme temporairement son site \u00e0 Marseille suite \u00e0 des \u00ab\u00a0tensions\u00a0\u00bb dans le quartier"},"content":{"rendered":"<p class=\"paragraph text_align_left lp-f-body-02\"><a href=\"https:\/\/www.leparisien.fr\/economie\/telecoms-dans-les-coulisses-du-bunker-secret-ou-orange-gere-ses-reseaux-mondiaux-24-02-2025-KSNWNFNZ5FDE5PKG7A63FWAG7I.php\" target=\"_blank\" rel=\"noreferrer noopener\">Orange<\/a> va fermer son site de Marseille, o\u00f9 travaillent environ 1 000 personnes, d\u00e8s vendredi et jusque \u00ab\u00a0mi-d\u00e9cembre\u00a0\u00bb, suite \u00e0 une \u00ab\u00a0mont\u00e9e des tensions\u00a0\u00bb dans le quartier, a indiqu\u00e9 la direction r\u00e9gionale du groupe \u00e0 l\u2019AFP jeudi.<\/p>\n<p class=\"paragraph text_align_left lp-f-body-02\">Les locaux d\u2019Orange \u00e0 <a href=\"https:\/\/www.leparisien.fr\/faits-divers\/un-jeune-homme-tue-par-balle-pres-de-la-gare-saint-charles-a-marseille-26-11-2025-R4HSDPGHGNGWZNXSR3YHGAOBMY.php\" target=\"_blank\" rel=\"noreferrer noopener\">Marseille<\/a> sont situ\u00e9s dans le quartier sensible de Saint-Mauront. D\u00e9crivant des \u00ab\u00a0\u00e9v\u00e9nements r\u00e9p\u00e9t\u00e9s sur la voie publique proches de la sortie de m\u00e9tro National\u00a0\u00bb depuis le d\u00e9but de la semaine, Orange a indiqu\u00e9 attendre \u00ab\u00a0un retour \u00e0 une situation apais\u00e9e dans le quartier\u00a0\u00bb.<\/p>\n<p>\u00ab\u00a0Le narcotrafic met les salari\u00e9s en \u00e9tat de si\u00e8ge\u00a0\u00bb<\/p>\n<p class=\"paragraph text_align_left lp-f-body-02\">La CFDT du groupe de t\u00e9l\u00e9coms a expliqu\u00e9 dans un communiqu\u00e9 que les salari\u00e9s ont \u00e9t\u00e9 confin\u00e9s mardi du fait d\u2019une \u00ab\u00a0bagarre entre dealers\u00a0\u00bb dans la rue, et a \u00e9voqu\u00e9 des pr\u00e9c\u00e9dents dans le quartier, notamment \u00ab\u00a0une fusillade\u00a0\u00bb le 23\u00a0octobre. \u00ab\u00a0Le narcotrafic met les salari\u00e9s en \u00e9tat de si\u00e8ge\u00a0\u00bb, a d\u00e9plor\u00e9 la CFDT.<\/p>\n<p class=\"paragraph text_align_left lp-f-body-02\">La pr\u00e9f\u00e8te de police d\u00e9l\u00e9gu\u00e9e des Bouches-du-Rh\u00f4ne, Corinne Simon, a r\u00e9fut\u00e9 aupr\u00e8s de l\u2019AFP jeudi soir cette hypoth\u00e8se de \u00ab\u00a0bandes rivales\u00a0\u00bb, tout en disant comprendre l\u2019\u00e9motion des salari\u00e9s d\u2019Orange. \u00ab\u00a0Ce n\u2019est absolument pas \u00e7a\u00a0\u00bb, a-t-elle assur\u00e9, reconnaissant que le quartier est \u00ab\u00a0compliqu\u00e9\u00a0\u00bb.<\/p>\n<p class=\"paragraph text_align_left lp-f-body-02\">Corinne Simon a ajout\u00e9 que le 17 a \u00e9t\u00e9 appel\u00e9 une seule fois. La police s\u2019est d\u00e9plac\u00e9e sur les lieux. \u00ab\u00a0On me dit qu\u2019il y a des coups de feu qui ont \u00e9t\u00e9 tir\u00e9s, mais en m\u00eame temps on n\u2019a rien trouv\u00e9\u00a0\u00bb, a-t-elle expliqu\u00e9.<\/p>\n<p>Les rondes et patrouilles de police vont \u00eatre accentu\u00e9es<\/p>\n<p class=\"paragraph text_align_left lp-f-body-02\">La ville enti\u00e8re, r\u00e9guli\u00e8rement secou\u00e9e par des homicides li\u00e9s au trafic de drogue, a \u00e9t\u00e9 boulevers\u00e9e par <a href=\"https:\/\/www.leparisien.fr\/faits-divers\/derriere-le-meurtre-de-mehdi-kessaci-la-piste-mamine-redoutable-chef-de-la-dz-mafia-19-11-2025-FJIYFOXJZZCFLM5UTWOFTSRXKY.php\" target=\"_blank\" rel=\"noreferrer noopener\">l\u2019assassinat du jeune Mehdi Kessaci<\/a>, petit fr\u00e8re d\u2019un militant contre le narcotrafic, le 13\u00a0novembre.<\/p>\n<p class=\"paragraph text_align_left lp-f-body-02\">Pour rassurer les salari\u00e9s, les rondes et patrouilles de police vont \u00eatre accentu\u00e9es, a indiqu\u00e9 la pr\u00e9f\u00e8te d\u00e9l\u00e9gu\u00e9e.<\/p>\n<p class=\"paragraph text_align_left lp-f-body-02\">La CGT a demand\u00e9 \u00e0 la direction d\u2019Orange de \u00ab\u00a0s\u00e9curiser durablement le site\u00a0\u00bb. Le syndicat estime que ce site \u00ab\u00a0embl\u00e9matique\u00a0\u00bb ne doit pas fermer. \u00ab\u00a0Y renoncer, plut\u00f4t que le s\u00e9curiser, serait un mauvais signal envoy\u00e9 aux salari\u00e9s et aux habitants des quartiers populaires\u00a0\u00bb, conclut la CGT.<\/p>\n<p class=\"paragraph text_align_left lp-f-body-02\">Orange a indiqu\u00e9 que pendant la fermeture du site de Saint-Mauront, les salari\u00e9s pourront t\u00e9l\u00e9travailler ou se rendre sur d\u2019autres sites du groupe.<\/p>\n","protected":false},"excerpt":{"rendered":"Orange va fermer son site de Marseille, o\u00f9 travaillent environ 1 000 personnes, d\u00e8s vendredi et jusque \u00ab\u00a0mi-d\u00e9cembre\u00a0\u00bb,&hellip;\n","protected":false},"author":2,"featured_media":563114,"comment_status":"","ping_status":"","sticky":false,"template":"","format":"standard","meta":{"footnotes":""},"categories":[2814],"tags":[1111,11,33,1777,674,1011,27,884,12,882,25],"class_list":{"0":"post-563113","1":"post","2":"type-post","3":"status-publish","4":"format-standard","5":"has-post-thumbnail","7":"category-marseille","8":"tag-actu","9":"tag-actualites","10":"tag-economie","11":"tag-eu","12":"tag-europe","13":"tag-fr","14":"tag-france","15":"tag-marseille","16":"tag-news","17":"tag-provence-alpes-cote-dazur","18":"tag-republique-francaise"},"share_on_mastodon":{"url":"https:\/\/pubeurope.com\/@fr\/115623824544131608","error":""},"_links":{"self":[{"href":"https:\/\/www.europesays.com\/fr\/wp-json\/wp\/v2\/posts\/563113","targetHints":{"allow":["GET"]}}],"collection":[{"href":"https:\/\/www.europesays.com\/fr\/wp-json\/wp\/v2\/posts"}],"about":[{"href":"https:\/\/www.europesays.com\/fr\/wp-json\/wp\/v2\/types\/post"}],"author":[{"embeddable":true,"href":"https:\/\/www.europesays.com\/fr\/wp-json\/wp\/v2\/users\/2"}],"replies":[{"embeddable":true,"href":"https:\/\/www.europesays.com\/fr\/wp-json\/wp\/v2\/comments?post=563113"}],"version-history":[{"count":0,"href":"https:\/\/www.europesays.com\/fr\/wp-json\/wp\/v2\/posts\/563113\/revisions"}],"wp:featuredmedia":[{"embeddable":true,"href":"https:\/\/www.europesays.com\/fr\/wp-json\/wp\/v2\/media\/563114"}],"wp:attachment":[{"href":"https:\/\/www.europesays.com\/fr\/wp-json\/wp\/v2\/media?parent=563113"}],"wp:term":[{"taxonomy":"category","embeddable":true,"href":"https:\/\/www.europesays.com\/fr\/wp-json\/wp\/v2\/categories?post=563113"},{"taxonomy":"post_tag","embeddable":true,"href":"https:\/\/www.europesays.com\/fr\/wp-json\/wp\/v2\/tags?post=563113"}],"curies":[{"name":"wp","href":"https:\/\/api.w.org\/{rel}","templated":true}]}}