{"id":563115,"date":"2025-11-27T21:38:15","date_gmt":"2025-11-27T21:38:15","guid":{"rendered":"https:\/\/www.europesays.com\/fr\/563115\/"},"modified":"2025-11-27T21:38:15","modified_gmt":"2025-11-27T21:38:15","slug":"un-plan-de-renovation-a-50-millions-deuros-sur-dix-ans-vote","status":"publish","type":"post","link":"https:\/\/www.europesays.com\/fr\/563115\/","title":{"rendered":"un plan de r\u00e9novation \u00e0 50\u00a0millions d\u2019euros sur dix ans vot\u00e9"},"content":{"rendered":"<p>Au pic des pannes, avant l\u2019\u00e9t\u00e9, 24\u00a0% des ascenseurs et escalators \u00e9taient \u00e0 l\u2019arr\u00eat sur le r\u00e9seau TCL. On est loin donc de l\u2019objectif de 98\u00a0% d\u2019\u00e9quipements en fonctionnement fix\u00e9 par Sytral mobilit\u00e9s.\u00a0Le r\u00e9seau compte 98 ascenseurs et 130 escalators. La moyenne d\u2019\u00e2ge des ascenseurs est de 23 ans, mais certains ont d\u00e9pass\u00e9 les 30 ans, c\u2019est-\u00e0-dire leur esp\u00e9rance de vie.<\/p>\n<p>Une situation due selon <a href=\"https:\/\/www.leprogres.fr\/encadres\/2024\/04\/29\/des-tilleuls-menaces-place-jean-mace\" target=\"_blank\" rel=\"noopener\">Vincent Monot<\/a>, vice-pr\u00e9sident de Sytral mobilit\u00e9s, \u00e0 \u00ab\u00a0un manque d\u2019entretien et de grande r\u00e9novation\u00a0\u00bb. L\u2019\u00e9lu \u00e9cologiste a point\u00e9 \u00ab\u00a0les choix budg\u00e9taires faits il y a dix ou quinze ans qui n\u2019ont pas \u00e9t\u00e9 \u00e0 la hauteur\u00a0\u00bb. Il a aussi not\u00e9 un \u00ab\u00a0march\u00e9 de prestataires assez peu concurrentiel en France\u00a0\u00bb, \u00ab\u00a0un probl\u00e8me national de pi\u00e8ces d\u00e9tach\u00e9es non disponibles qui retardent les r\u00e9parations\u00a0\u00bb ou encore \u00ab\u00a0un\u00a0m\u00e9susage sur le r\u00e9seau avec une utilisation d\u2019ascenseurs abusive\u00a0\u00bb par\u00a0des usagers de trottinettes \u00e9lectriques.<\/p>\n<p>  Priorit\u00e9 aux \u00e9quipements de la ligne D sur 2026<\/p>\n<p>Les \u00e9lus de Sytral mobilit\u00e9s ont vot\u00e9 ce jeudi en faveur d\u2019un plan de fiabilisation et de modernisation \u00e0 plus de 50\u00a0millions d\u2019euros sur 2025-2035. \u00c0 l\u2019heure actuelle, selon Sytral mobilit\u00e9s, 9 ascenseurs et 27 escaliers m\u00e9caniques, soit environ 15\u00a0% des \u00e9quipements, sont \u00e0 l\u2019arr\u00eat.\u00a043\u00a0millions seront engag\u00e9s sur dix ans pour renouveler les \u00e9quipements en fin de vie.<\/p>\n<p>La premi\u00e8re phase de travaux d\u00e9butera au premier trimestre 2026, avec le renouvellement d\u2019abord de 24 ascenseurs principalement sur la ligne D, mais aussi \u00e0 Lyon H\u00f4tel de Ville.<\/p>\n<p>Suivront\u00a023 escaliers m\u00e9caniques de 2027 \u00e0 2029, 51 ascenseurs entre\u00a02029 et\u00a02035 et\u00a053 escaliers m\u00e9caniques entre\u00a02030 et\u00a02035.<\/p>\n<p>\u00c0 ces remplacements, s\u2019ajoute un plan triennal de grande r\u00e9novation avec 6\u00a0millions engag\u00e9s entre\u00a02025 et\u00a02027 pour garantir la fiabilit\u00e9 des \u00e9quipements avec des remplacements de portes, marches ou autres.<\/p>\n<p>  Un long processus<\/p>\n<p>Si les gros travaux reviennent \u00e0 Sytral mobilit\u00e9s, le d\u00e9l\u00e9gataire RATP Dev travaille sur un entretien courant renforc\u00e9 et planche sur une nouvelle strat\u00e9gie au niveau de la maintenance avec une r\u00e9flexion sur une internalisation de certaines activit\u00e9s.<\/p>\n<p>Les usagers vont devoir encore attendre pour retrouver une certaine fiabilit\u00e9 des \u00e9quipements. D\u2019ici fin 2027, 2 ascenseurs et moins de 10 escaliers m\u00e9caniques devraient encore \u00eatre \u00e0 l\u2019arr\u00eat.<\/p>\n<p class=\"note\"><a href=\"https:\/\/www.tcl.fr\/se-deplacer\/alertes-accessibilite\" target=\"_blank\" rel=\"noopener\">www.tcl.fr\/se-deplacer\/alertes-accessibilite<\/a><\/p>\n","protected":false},"excerpt":{"rendered":"Au pic des pannes, avant l\u2019\u00e9t\u00e9, 24\u00a0% des ascenseurs et escalators \u00e9taient \u00e0 l\u2019arr\u00eat sur le r\u00e9seau TCL.&hellip;\n","protected":false},"author":2,"featured_media":563116,"comment_status":"","ping_status":"","sticky":false,"template":"","format":"standard","meta":{"footnotes":""},"categories":[1889],"tags":[1111,11,2430,3542,33,2757,1777,674,107,1011,27,1943,2428,2756,12,25,2429,104,10213,2803,216],"class_list":{"0":"post-563115","1":"post","2":"type-post","3":"status-publish","4":"format-standard","5":"has-post-thumbnail","7":"category-lyon","8":"tag-actu","9":"tag-actualites","10":"tag-auvergne-rhone-alpes","11":"tag-circulation","12":"tag-economie","13":"tag-edition-lyon-villeurbanne","14":"tag-eu","15":"tag-europe","16":"tag-fil-info","17":"tag-fr","18":"tag-france","19":"tag-handicap","20":"tag-lyon","21":"tag-lyon-bassin","22":"tag-news","23":"tag-republique-francaise","24":"tag-rhone","25":"tag-societe","26":"tag-tcl","27":"tag-transport","28":"tag-vie-des-entreprises"},"share_on_mastodon":{"url":"https:\/\/pubeurope.com\/@fr\/115623828429100236","error":""},"_links":{"self":[{"href":"https:\/\/www.europesays.com\/fr\/wp-json\/wp\/v2\/posts\/563115","targetHints":{"allow":["GET"]}}],"collection":[{"href":"https:\/\/www.europesays.com\/fr\/wp-json\/wp\/v2\/posts"}],"about":[{"href":"https:\/\/www.europesays.com\/fr\/wp-json\/wp\/v2\/types\/post"}],"author":[{"embeddable":true,"href":"https:\/\/www.europesays.com\/fr\/wp-json\/wp\/v2\/users\/2"}],"replies":[{"embeddable":true,"href":"https:\/\/www.europesays.com\/fr\/wp-json\/wp\/v2\/comments?post=563115"}],"version-history":[{"count":0,"href":"https:\/\/www.europesays.com\/fr\/wp-json\/wp\/v2\/posts\/563115\/revisions"}],"wp:featuredmedia":[{"embeddable":true,"href":"https:\/\/www.europesays.com\/fr\/wp-json\/wp\/v2\/media\/563116"}],"wp:attachment":[{"href":"https:\/\/www.europesays.com\/fr\/wp-json\/wp\/v2\/media?parent=563115"}],"wp:term":[{"taxonomy":"category","embeddable":true,"href":"https:\/\/www.europesays.com\/fr\/wp-json\/wp\/v2\/categories?post=563115"},{"taxonomy":"post_tag","embeddable":true,"href":"https:\/\/www.europesays.com\/fr\/wp-json\/wp\/v2\/tags?post=563115"}],"curies":[{"name":"wp","href":"https:\/\/api.w.org\/{rel}","templated":true}]}}