{"id":563123,"date":"2025-11-27T21:43:13","date_gmt":"2025-11-27T21:43:13","guid":{"rendered":"https:\/\/www.europesays.com\/fr\/563123\/"},"modified":"2025-11-27T21:43:13","modified_gmt":"2025-11-27T21:43:13","slug":"le-bilan-du-violent-incendie-dans-un-complexe-immobilier-monte-a-83-morts","status":"publish","type":"post","link":"https:\/\/www.europesays.com\/fr\/563123\/","title":{"rendered":"le bilan du violent incendie dans un complexe immobilier monte \u00e0 83\u00a0morts"},"content":{"rendered":"<p>                      <img loading=\"lazy\" decoding=\"async\" src=\"https:\/\/www.europesays.com\/fr\/wp-content\/uploads\/2025\/11\/fcb4b61_ftp-import-images-1-xk0lzugh8cvq-5538958-01-06.jpg\" alt=\"Jeudi 27\u00a0novembre 2025, les pompiers aspergeaient toujours d\u2019eau les tours calcin\u00e9es et fumantes, br\u00fblant encore par endroits, dans le district de Tai Po, \u00e0 Hongkong.\"   width=\"664\" height=\"443\"\/>    Jeudi 27\u00a0novembre 2025, les pompiers aspergeaient toujours d\u2019eau les tours calcin\u00e9es et fumantes, br\u00fblant encore par endroits, dans le district de Tai Po, \u00e0 Hongkong.  DALE DE LA REY \/ AFP                          <\/p>\n<p class=\"article__paragraph  \">Le bilan ne cesse de s\u2019alourdir, au lendemain de l\u2019incendie d\u2019un complexe de gratte-ciel r\u00e9sidentiels \u00e0 Hongkong\u00a0: au moins 83 personnes sont mortes, selon le dernier bilan difus\u00e9 jeudi 27\u00a0novembre. Plus de 250\u00a0personnes sont toujours port\u00e9es disparues.<\/p>\n<p class=\"article__paragraph  \">Les investigations pour d\u00e9terminer les causes de ce sinistre, qui s\u2019est d\u00e9clar\u00e9 mercredi apr\u00e8s-midi dans le district de Tai Po, dans le nord de Hongkong, ont commenc\u00e9, selon les autorit\u00e9s, notamment sur le possible r\u00f4le des \u00e9chafaudages en bambou. Les policiers cherchent \u00e0 savoir comment les flammes immenses ont pu se propager entre ces gratte-ciel d\u2019habitation, dans ce territoire r\u00e9put\u00e9 parmi les plus dens\u00e9ment peupl\u00e9s au monde.<\/p>\n<p class=\"article__paragraph  \">Lors d\u2019une conf\u00e9rence de presse, le num\u00e9ro deux du gouvernement de Hongkong, Eric Chan, a d\u00e9clar\u00e9 qu\u2019il \u00e9tait \u00ab\u00a0imp\u00e9ratif d\u2019acc\u00e9l\u00e9rer la transition compl\u00e8te vers les \u00e9chafaudages m\u00e9talliques\u00a0\u00bb, ajoutant que le gouvernement collaborerait avec l\u2019industrie de la construction sur cette question.<\/p>\n<p class=\"article__paragraph  \">Jeudi, les flammes intenses touchant quatre des huit immeubles d\u2019habitation ont finalement \u00e9t\u00e9 \u00e9teintes, ont d\u00e9clar\u00e9 les secours dans l\u2019apr\u00e8s-midi, et les incendies dans trois autres \u00e9taient sous contr\u00f4le. Un immeuble du complexe n\u2019a pas \u00e9t\u00e9 touch\u00e9.<\/p>\n<p class=\"article__paragraph  \">Parmi les 83 morts figurent un pompier de 37\u00a0ans ainsi que deux Indon\u00e9siens, des employ\u00e9s de maison, selon leur consulat. Mais le bilan pourrait encore s\u2019alourdir, le chef de l\u2019ex\u00e9cutif de la ville, John Lee, ayant annonc\u00e9 que 279\u00a0personnes \u00e9taint port\u00e9es disparues. Les pompiers ont indiqu\u00e9 plus tard avoir \u00e9tabli un contact avec certaines de ces personnes.<\/p>\n<p class=\"article__paragraph  \">Parmi les personnes hospitalis\u00e9es, 12 \u00e9taient dans un \u00e9tat critique, 29 dans un \u00e9tat grave et 17 stables, selon le bilan jeudi soir des autorit\u00e9s.<\/p>\n<p>                                                                  \u00ab\u00a0Grossi\u00e8re n\u00e9gligence\u00a0\u00bb                    <\/p>\n<p class=\"article__paragraph  \">D\u00e8s l\u2019aube jeudi, une cha\u00eene de solidarit\u00e9 de centaines de personnes s\u2019est mise en place spontan\u00e9ment autour du site comprenant 1\u00a0984 logements, et inaugur\u00e9 en\u00a01983. Plus de 1\u00a0200\u00a0personnes ont \u00e9t\u00e9 mobilis\u00e9es pour les secours, selon les autorit\u00e9s de ce territoire \u00e0 statut sp\u00e9cial de la Chine.<\/p>\n<p>                                       Lire aussi |  Article r\u00e9serv\u00e9 \u00e0 nos abonn\u00e9s  <a href=\"https:\/\/www.lemonde.fr\/international\/article\/2025\/11\/27\/incendie-meurtrier-a-hongkong-le-role-des-echafaudages-en-bambou-en-question_6655006_3210.html\" class=\"js-article-read-also catcher--favoris__link\" data-premium=\"1\" id=\"article-title-3448469\" target=\"_blank\" rel=\"noopener\">Incendie \u00e0 Hongkong\u00a0: le bilan monte \u00e0 au moins 75\u00a0morts, la qualit\u00e9 des chantiers de r\u00e9novation en question<\/a>    <\/p>\n<p>   Lire plus tard  <\/p>\n<p class=\"article__paragraph  \">La police a annonc\u00e9 avoir arr\u00eat\u00e9 trois hommes, soup\u00e7onn\u00e9s de \u00ab\u00a0grossi\u00e8re n\u00e9gligence\u00a0\u00bb, apr\u00e8s la d\u00e9couverte de mat\u00e9riaux inflammables abandonn\u00e9s lors de travaux de maintenance qui ont permis au feu de \u00ab\u00a0se propager rapidement\u00a0\u00bb. John Lee, le dirigeant de Hongkong, a aussi annonc\u00e9 une inspection de tous les grands chantiers de r\u00e9novation de la ville.<\/p>\n<p> Le Monde M\u00e9morable  <\/p>\n<p> <a href=\"https:\/\/www.lemonde.fr\/memorable\/?rfextension=inread\" class=\"inread__link js-services-inread-link\" target=\"_blank\" rel=\"noopener\">  <\/p>\n<p>Testez votre culture g\u00e9n\u00e9rale avec la r\u00e9daction du \u00ab Monde \u00bb<\/p>\n<p>Testez votre culture g\u00e9n\u00e9rale avec la r\u00e9daction du \u00ab Monde \u00bb<\/p>\n<p>D\u00e9couvrir<\/p>\n<p> <\/a>      <\/p>\n<p> Newsletter  <\/p>\n<p> <a href=\"https:\/\/www.lemonde.fr\/newsletters\/a-la-une\/\" class=\"inread__link js-services-inread-link\" target=\"_blank\" rel=\"noopener\">  <\/p>\n<p>\u00ab A la une \u00bb<\/p>\n<p>Chaque matin, parcourez l&rsquo;essentiel de l&rsquo;actualit\u00e9 du jour avec les derniers titres du \u00ab Monde \u00bb<\/p>\n<p>S&rsquo;inscrire<\/p>\n<p> <\/a>          <\/p>\n<p> Le Monde Application  <\/p>\n<p> <a href=\"https:\/\/lamatinale.onelink.me\/gKMy\/ahw2ubr3\" class=\"inread__link js-services-inread-link\" target=\"_blank\" rel=\"noopener\">  <\/p>\n<p>La Matinale du Monde<\/p>\n<p>Chaque matin, retrouvez notre s\u00e9lection de 20 articles \u00e0 ne pas manquer <\/p>\n<p>T\u00e9l\u00e9charger l&rsquo;application<\/p>\n<p> <\/a>      <\/p>\n<p> Newsletter abonn\u00e9s  <\/p>\n<p> <a href=\"https:\/\/www.lemonde.fr\/newsletters\/international\/\" class=\"inread__link js-services-inread-link\" target=\"_blank\" rel=\"noopener\">  <\/p>\n<p>\u00ab International \u00bb<\/p>\n<p>L\u2019essentiel de l\u2019actualit\u00e9 internationale de la semaine<\/p>\n<p>S&rsquo;inscrire<\/p>\n<p> <\/a>             <\/p>\n<p class=\"article__paragraph  \">Les autorit\u00e9s de la place financi\u00e8re asiatique ont aussi assur\u00e9 avoir lanc\u00e9 une enqu\u00eate anticorruption sur les travaux de r\u00e9novation du site touch\u00e9. <\/p>\n<p class=\"article__paragraph  \">Les incendies ont longtemps constitu\u00e9 un fl\u00e9au \u00e0 Hongkong, particuli\u00e8rement dans les quartiers pauvres. Le renforcement des mesures de s\u00e9curit\u00e9 ces derni\u00e8res d\u00e9cennies a permis de les rendre plus rares. Cependant, le risque est accru par le fait que Hongkong, qui compte 7,5\u00a0millions d\u2019habitants, affiche une densit\u00e9 moyenne de plus de 7\u00a0100\u00a0habitants au kilom\u00e8tre carr\u00e9. Or ce chiffre est jusqu\u2019\u00e0 trois fois sup\u00e9rieur dans les zones les plus urbanis\u00e9es.<\/p>\n<p class=\"article__paragraph  \">Avec l\u2019exigu\u00eft\u00e9 du territoire, une profusion de tours pouvant compter plus de 50\u00a0\u00e9tages ont \u00e9t\u00e9 construites. Le pr\u00e9sident chinois, Xi Jinping, a pr\u00e9sent\u00e9 ses condol\u00e9ances aux proches de victimes, et appel\u00e9 \u00e0 tout faire \u00ab\u00a0pour \u00e9teindre l\u2019incendie et minimiser les pertes humaines et mat\u00e9rielles\u00a0\u00bb, selon la cha\u00eene publique CCTV.<\/p>\n<p class=\"author__detail\">  Le Monde avec AFP  <\/p>\n<p>                <a href=\"https:\/\/www.lemonde.fr\/syndication\/\" class=\"reuse__content\" title=\"R\u00e9utiliser ce contenu\" target=\"_blank\" rel=\"noopener\">R\u00e9utiliser ce contenu<\/a>      <\/p>\n","protected":false},"excerpt":{"rendered":"Jeudi 27\u00a0novembre 2025, les pompiers aspergeaient toujours d\u2019eau les tours calcin\u00e9es et fumantes, br\u00fblant encore par endroits, dans&hellip;\n","protected":false},"author":2,"featured_media":563124,"comment_status":"","ping_status":"","sticky":false,"template":"","format":"standard","meta":{"footnotes":""},"categories":[1888],"tags":[1111,1928,11,1927,1777,674,1011,27,12,1926,626,1925,25],"class_list":{"0":"post-563123","1":"post","2":"type-post","3":"status-publish","4":"format-standard","5":"has-post-thumbnail","7":"category-paris","8":"tag-actu","9":"tag-actu-paris","10":"tag-actualites","11":"tag-actualites-paris","12":"tag-eu","13":"tag-europe","14":"tag-fr","15":"tag-france","16":"tag-news","17":"tag-news-paris","18":"tag-paris","19":"tag-paris-news","20":"tag-republique-francaise"},"share_on_mastodon":{"url":"https:\/\/pubeurope.com\/@fr\/115623849144692336","error":""},"_links":{"self":[{"href":"https:\/\/www.europesays.com\/fr\/wp-json\/wp\/v2\/posts\/563123","targetHints":{"allow":["GET"]}}],"collection":[{"href":"https:\/\/www.europesays.com\/fr\/wp-json\/wp\/v2\/posts"}],"about":[{"href":"https:\/\/www.europesays.com\/fr\/wp-json\/wp\/v2\/types\/post"}],"author":[{"embeddable":true,"href":"https:\/\/www.europesays.com\/fr\/wp-json\/wp\/v2\/users\/2"}],"replies":[{"embeddable":true,"href":"https:\/\/www.europesays.com\/fr\/wp-json\/wp\/v2\/comments?post=563123"}],"version-history":[{"count":0,"href":"https:\/\/www.europesays.com\/fr\/wp-json\/wp\/v2\/posts\/563123\/revisions"}],"wp:featuredmedia":[{"embeddable":true,"href":"https:\/\/www.europesays.com\/fr\/wp-json\/wp\/v2\/media\/563124"}],"wp:attachment":[{"href":"https:\/\/www.europesays.com\/fr\/wp-json\/wp\/v2\/media?parent=563123"}],"wp:term":[{"taxonomy":"category","embeddable":true,"href":"https:\/\/www.europesays.com\/fr\/wp-json\/wp\/v2\/categories?post=563123"},{"taxonomy":"post_tag","embeddable":true,"href":"https:\/\/www.europesays.com\/fr\/wp-json\/wp\/v2\/tags?post=563123"}],"curies":[{"name":"wp","href":"https:\/\/api.w.org\/{rel}","templated":true}]}}