{"id":563135,"date":"2025-11-27T21:49:14","date_gmt":"2025-11-27T21:49:14","guid":{"rendered":"https:\/\/www.europesays.com\/fr\/563135\/"},"modified":"2025-11-27T21:49:14","modified_gmt":"2025-11-27T21:49:14","slug":"la-france-lallemagne-litalie-et-le-royaume-uni-exhortent-israel-a-proteger-les-palestiniens-en-cisjordanie","status":"publish","type":"post","link":"https:\/\/www.europesays.com\/fr\/563135\/","title":{"rendered":"La France, l&rsquo;Allemagne, l&rsquo;Italie et le Royaume-Uni exhortent Isra\u00ebl \u00e0 prot\u00e9ger les Palestiniens en Cisjordanie"},"content":{"rendered":"<p>AA \/ Istanbul \/ Necva Tastan Sevinc<\/p>\n<p>La France, l\u2019Allemagne, l\u2019Italie et le Royaume-Uni ont appel\u00e9 jeudi Isra\u00ebl \u00e0 respecter le droit international et \u00e0 prendre des mesures imm\u00e9diates pour prot\u00e9ger les Palestiniens en Cisjordanie occup\u00e9e, alors que les attaques ill\u00e9gales de colons isra\u00e9liens ont atteint leur pic depuis pr\u00e8s de deux d\u00e9cennies.<\/p>\n<p>Dans une d\u00e9claration conjointe, les quatre pays, connus collectivement sous le nom de E4, \u00ab condamnent fermement l\u2019augmentation massive de la violence des colons contre les civils palestiniens et appellent \u00e0 la stabilit\u00e9 en Cisjordanie \u00bb.<\/p>\n<p>Les ministres ont d\u00e9clar\u00e9 \u00eatre \u00ab profond\u00e9ment alarm\u00e9s \u00bb par ce qu\u2019ils ont qualifi\u00e9 de recrudescence des attaques de colons isra\u00e9liens, avertissant que cette escalade de violence d\u00e9stabilise la Cisjordanie et accro\u00eet le risque de tensions r\u00e9gionales plus larges.<\/p>\n<p>Citant des chiffres de l\u2019ONU, la d\u00e9claration note que 264 attaques de colons ont \u00e9t\u00e9 enregistr\u00e9es en octobre, le chiffre mensuel le plus \u00e9lev\u00e9 depuis le d\u00e9but du suivi syst\u00e9matique en 2006.<\/p>\n<p>Le E4 a appel\u00e9 le gouvernement isra\u00e9lien \u00e0 \u00ab respecter ses obligations au regard du droit international et prot\u00e9ger la population palestinienne des territoires occup\u00e9s \u00bb, soulignant que les autorit\u00e9s doivent garantir la responsabilit\u00e9 des auteurs.<\/p>\n<p>\u00ab Nous exhortons donc le gouvernement isra\u00e9lien \u00e0 tenir pour responsables ceux qui sont responsables de ces crimes et \u00e0 pr\u00e9venir de nouvelles violences en s\u2019attaquant aux causes profondes de ce comportement \u00bb, indique la d\u00e9claration.<\/p>\n<p>R\u00e9affirmant leurs positions de longue date sur le conflit, les quatre gouvernements ont d\u00e9clar\u00e9 qu\u2019ils restent oppos\u00e9s \u00e0 \u00ab toute forme d\u2019annexion \u2013 partielle, totale ou de facto \u2013 et aux politiques de colonisation violant le droit international \u00bb.<\/p>\n<p>Ils ont \u00e9galement r\u00e9affirm\u00e9 leur soutien \u00e0 un r\u00e8glement n\u00e9goci\u00e9 et pacifique du conflit, d\u00e9clarant : \u00ab Nous r\u00e9affirmons notre engagement en faveur d\u2019une solution \u00e0 deux \u00c9tats\u2026 vivant c\u00f4te \u00e0 c\u00f4te dans la paix, la s\u00e9curit\u00e9 et la reconnaissance mutuelle \u00bb.<\/p>\n<p>Les ministres ont insist\u00e9 sur la n\u00e9cessit\u00e9 de mettre fin aux attaques en cours.<\/p>\n<p>\u00ab Ces attaques doivent cesser,\u00bb ont-ils d\u00e9clar\u00e9. \u00ab Elles s\u00e8ment la terreur parmi les civils, compromettent les efforts de paix en cours et nuisent en fin de compte \u00e0 la s\u00e9curit\u00e9 durable de l\u2019\u00c9tat d\u2019Isra\u00ebl lui-m\u00eame. \u00bb<\/p>\n<p>*Traduit de l&rsquo;anglais par Wafae El Baghouani<\/p>\n<p>                            &#13;<br \/>\n                                <a href=\"https:\/\/www.aa.com.tr\/fr\/p\/abonnement\/1001\" target=\"_blank\" style=\"font-size:12px; color:#444; text-decoration:none;\" rel=\"noopener\">&#13;<br \/>\n                                    Seulement une partie des d\u00e9p\u00eaches, que l&rsquo;Agence Anadolu diffuse \u00e0 ses abonn\u00e9s via le Syst\u00e8me de Diffusion interne (HAS), est diffus\u00e9e sur le site de l&rsquo;AA, de mani\u00e8re r\u00e9sum\u00e9e. <b style=\"color:#1897F7\">Contactez-nous s&rsquo;il vous pla\u00eet pour vous abonner.<\/b>&#13;<br \/>\n                                <\/a>&#13;<\/p>\n","protected":false},"excerpt":{"rendered":"AA \/ Istanbul \/ Necva Tastan Sevinc La France, l\u2019Allemagne, l\u2019Italie et le Royaume-Uni ont appel\u00e9 jeudi Isra\u00ebl&hellip;\n","protected":false},"author":2,"featured_media":563136,"comment_status":"","ping_status":"","sticky":false,"template":"","format":"standard","meta":{"footnotes":""},"categories":[1588],"tags":[11,1785,2486,1777,674,27,3819,32040,3442,12,473,1853,1851,1850,1852],"class_list":{"0":"post-563135","1":"post","2":"type-post","3":"status-publish","4":"format-standard","5":"has-post-thumbnail","7":"category-royaume-uni","8":"tag-actualites","9":"tag-anadolu-ajansi","10":"tag-cisjordanie","11":"tag-eu","12":"tag-europe","13":"tag-france","14":"tag-isral","15":"tag-litalie","16":"tag-lallemagne","17":"tag-news","18":"tag-royaume-uni","19":"tag-royaume-uni-de-grande-bretagne-et-dirlande-du-nord","20":"tag-uk","21":"tag-united-kingdom","22":"tag-united-kingdom-of-great-britain-and-northern-ireland"},"share_on_mastodon":{"url":"https:\/\/pubeurope.com\/@fr\/115623871523447591","error":""},"_links":{"self":[{"href":"https:\/\/www.europesays.com\/fr\/wp-json\/wp\/v2\/posts\/563135","targetHints":{"allow":["GET"]}}],"collection":[{"href":"https:\/\/www.europesays.com\/fr\/wp-json\/wp\/v2\/posts"}],"about":[{"href":"https:\/\/www.europesays.com\/fr\/wp-json\/wp\/v2\/types\/post"}],"author":[{"embeddable":true,"href":"https:\/\/www.europesays.com\/fr\/wp-json\/wp\/v2\/users\/2"}],"replies":[{"embeddable":true,"href":"https:\/\/www.europesays.com\/fr\/wp-json\/wp\/v2\/comments?post=563135"}],"version-history":[{"count":0,"href":"https:\/\/www.europesays.com\/fr\/wp-json\/wp\/v2\/posts\/563135\/revisions"}],"wp:featuredmedia":[{"embeddable":true,"href":"https:\/\/www.europesays.com\/fr\/wp-json\/wp\/v2\/media\/563136"}],"wp:attachment":[{"href":"https:\/\/www.europesays.com\/fr\/wp-json\/wp\/v2\/media?parent=563135"}],"wp:term":[{"taxonomy":"category","embeddable":true,"href":"https:\/\/www.europesays.com\/fr\/wp-json\/wp\/v2\/categories?post=563135"},{"taxonomy":"post_tag","embeddable":true,"href":"https:\/\/www.europesays.com\/fr\/wp-json\/wp\/v2\/tags?post=563135"}],"curies":[{"name":"wp","href":"https:\/\/api.w.org\/{rel}","templated":true}]}}