{"id":563139,"date":"2025-11-27T21:51:16","date_gmt":"2025-11-27T21:51:16","guid":{"rendered":"https:\/\/www.europesays.com\/fr\/563139\/"},"modified":"2025-11-27T21:51:16","modified_gmt":"2025-11-27T21:51:16","slug":"ce-couple-parcourt-8-500-km-a-velo-a-travers-leurope","status":"publish","type":"post","link":"https:\/\/www.europesays.com\/fr\/563139\/","title":{"rendered":"Ce couple parcourt 8 500 km \u00e0 v\u00e9lo \u00e0 travers l\u2019Europe"},"content":{"rendered":"<p>                    Par<br \/>\n        <strong><br \/>\n            <a href=\"https:\/\/actu.fr\/auteur\/laurent-fortin\" title=\"Consulter tous les articles de Laurent Fortin\" target=\"_blank\" rel=\"noopener\">Laurent Fortin<\/a><br \/>\n                    <\/strong><\/p>\n<p>        Publi\u00e9 le<\/p>\n<p>            27 nov. 2025 \u00e0 22h25        <\/p>\n<p>Le <b>v\u00e9lo <\/b>est devenu<b> leur moyen de transport. <\/b>Pour sortir, <b>se promener ou aller travailler,<\/b> Yvan et Sabrina Lechevallier enfourchent leurs deux-roues.<\/p>\n<blockquote class=\"ac-article-quote wall-content\">\n<p>C\u2019est une habitude. La voiture ne bouge pas beaucoup. D\u00e9j\u00e0, avec nos trois enfants, on partait r\u00e9guli\u00e8rement en vacances sur ce mode (Canal du midi, Canal de Nantes \u00e0 Brest, V\u00e9lodyss\u00e9e, Loire \u00e0 v\u00e9lo\u2026).<\/p>\n<p>Le couple<\/p><\/blockquote>\n<p class=\" wall-content\"><b>L\u2019informaticien de la SNCF<\/b> et celle qui<b> travaille dans une association r\u00e9gionale d\u2019appui et d\u2019expertise en nutrition<\/b> font m\u00eame route ensemble vers <b>Nantes<\/b>, au quotidien. La cinquantaine se profilant, les deux habitants de <a href=\"https:\/\/actu.fr\/pays-de-la-loire\/vertou_44215\" target=\"_blank\" rel=\"noopener\"><b>Vertou <\/b><\/a>ont d\u00e9cid\u00e9 de <b>pousser leurs limites au-del\u00e0 des fronti\u00e8res hexagonales<\/b>. Une <b>travers\u00e9e de l\u2019Europe<\/b> jusque sur les rives de<b> la Mer noire en Roumanie<\/b>. Au total,<b> 8\u2009500\u00a0km.<\/b> Sur six mois.<\/p>\n<blockquote class=\"ac-article-quote wall-content\">\n<p>On n\u2019avait pas d\u2019appr\u00e9hension. On savait que c\u2019\u00e9tait dans nos capacit\u00e9s. D\u2019autant que depuis trois ans, suite \u00e0 un souci de sant\u00e9, je suis \u00e9quip\u00e9e d\u2019un v\u00e9lo \u00e0 assistance \u00e9lectrique.<\/p>\n<p>Sabrina Lechevallier<\/p><\/blockquote>\n<p class=\" wall-content\">L\u2019itin\u00e9raire trac\u00e9, <b>le mat\u00e9riel d\u00e9fini et les employeurs pr\u00e9venus<\/b>\u2026 le duo a pris la route en avril dernier.<\/p>\n<p>Vid\u00e9os : en ce moment sur Actu<\/p>\n<blockquote class=\"ac-article-quote wall-content\">\n<p>Cela a \u00e9t\u00e9 une aventure extraordinaire. Jamais un jour on a eu envie de rentrer. Jamais on a maudit ce p\u00e9riple. S\u2019il y a eu quelques journ\u00e9es plus gal\u00e8res (une topographie tr\u00e8s accident\u00e9e dans le c\u0153ur de la Gr\u00e8ce ou m\u00e9t\u00e9o difficile entre la fra\u00eecheur printani\u00e8re en Allemagne et en Autriche et la canicule en Europe de l\u2019est), elles ont tr\u00e8s vite \u00e9t\u00e9 gomm\u00e9es par les rencontres humaines ou les beaut\u00e9s de la nature.<\/p>\n<p>Le couple<\/p><\/blockquote>\n<p class=\" wall-content\">Ils sont revenus depuis d\u00e9but octobre.<\/p>\n<p>Votre r\u00e9gion, votre actu !<\/p>\n<p>Recevez chaque jour les infos qui comptent pour vous.<\/p>\n<p>\t<a href=\"https:\/\/actu.fr\/newsletter\" class=\"ac-btn ac-btn--corner ac-btn--medium ac-btn--blue800\" target=\"_blank\" rel=\"noopener\">S&rsquo;incrire<\/a><br \/>\n60\u00a0km par jour en moyenne<\/p>\n<p class=\" wall-content\">Chaque jour, le couple <b>effectuait une soixantaine de kilom\u00e8tres,<\/b> portant plus d\u2019une centaine de kilos de mat\u00e9riel.<\/p>\n<blockquote class=\"ac-article-quote wall-content\">\n<p>C\u2019\u00e9tait notre rythme, indique le couple. Parfois on a fait davantage, mais il ne fallait pas beaucoup plus, sinon on le payait physiquement. On avait \u00e9galement pr\u00e9vu de rester dans certaines villes, jusqu\u2019\u00e0 trois jours, histoire d\u2019en profiter. Le projet n\u2019\u00e9tait pas bas\u00e9 sur la performance, il y avait une partie touristique. L\u2019id\u00e9e \u00e9tait aussi de dormir chaque soir en camping (70\u2009% des cas, le reste en chambre d\u2019h\u00f4tes), pour profiter au maximum de cette libert\u00e9 et de l\u2019harmonie avec l\u2019environnement.<\/p>\n<\/blockquote>\n<p class=\" wall-content\">Et des <b>moments magiques<\/b>, il n\u2019y en a eu quelques-uns\u2009: entre <b>cette travers\u00e9e de tortues <\/b>au <b>milieu de nulle part<\/b> en <b>Roumanie<\/b>, ce <b>chant de rossignols <\/b>en <b>Bourgogne <\/b>et tous ces couchers et levers de soleil, les<b> cartes postales mentales ne manquent pas<\/b>.<\/p>\n<blockquote class=\"ac-article-quote wall-content\">\n<p>Il y aura aussi pas mal d\u2019album-photos je pense<\/p>\n<p>Sabrina Lechevallier<\/p><\/blockquote>\n<p class=\" wall-content\">Il y en a des centaines \u00e0 trier. Tout comme <b>synth\u00e9tiser les 3\u2009500 pages compil\u00e9es dans leur blog,<\/b> \u00e9crites chaque soir par Yvan Lechevallier.<\/p>\n<p>    <img   decoding=\"async\" loading=\"lazy\" class=\"size-large\" src=\"https:\/\/www.europesays.com\/fr\/wp-content\/uploads\/2025\/11\/8befced9d4f868fefced9d4f853ffcv-960x640.jpg\" alt=\"sabrina et Yvan Lechevallier ont travers\u00e9 l'Europe d'ouest en est.\" width=\"960\" height=\"640\"\/><br \/>\n    Sabrina et Yvan Lechevallier ont travers\u00e9 l\u2019Europe d\u2019ouest en est. \u00a9Yvan et Sabrina Lechevallier\u00ab\u2009Des moments magiques\u2009\u00bb<\/p>\n<p class=\" wall-content\">Les <b>rencontres avec la population locale font partie aussi des souvenirs c<\/b>omme celle avec cette famille roumaine qui ont instantan\u00e9ment offert le couvert un soir, <b>cet important producteur de cerises<\/b> en Serbie qui leur a offert ses fruits ou encore ses applaudissements naturels lors de la travers\u00e9e de <b>Bratislava <\/b>(Slovaquie).<\/p>\n<blockquote class=\"ac-article-quote wall-content\">\n<p>Il y a eu des dizaines et des dizaines d\u2019\u00e9changes au cours de notre p\u00e9riple de 180\u00a0jours. On a \u00e9t\u00e9 tr\u00e8s surpris d\u2019une mani\u00e8re g\u00e9n\u00e9rale de l\u2019accueil des habitants. Peut-\u00eatre facilit\u00e9 par la pr\u00e9sence de notre drapeau bleu-blanc-rouge sur le v\u00e9lo. D\u2019ailleurs, c\u2019est au fil des discussions qu\u2019on a pu se rendre compte comment la France \u00e9tait un pays tr\u00e8s appr\u00e9ci\u00e9. Certains nous ont m\u00eame demand\u00e9 ce qu\u2019on faisait chez eux, car il y avait tout en France.<\/p>\n<p>Yvan Lechevallier<\/p><\/blockquote>\n<p>Solidit\u00e9 du couple \u00e0 l\u2019\u00e9preuve<\/p>\n<p class=\" wall-content\">Une aventure <b>qui a permis de jauger la solidit\u00e9 du couple.<\/b> \u00ab\u2009M\u00eame apr\u00e8s 35\u00a0ans,\u2009\u00bb indique Sabrina Lechevallier.<\/p>\n<blockquote class=\"ac-article-quote wall-content\">\n<p>Car \u00e0 deux, il vaut mieux d\u2019abord se pr\u00e9occuper de l\u2019autre, avant de se pr\u00e9occuper de soi. De savoir comment il vit l\u2019aventure et de conna\u00eetre ses capacit\u00e9s.<\/p>\n<\/blockquote>\n<p class=\" wall-content\">De ce c\u00f4t\u00e9-l\u00e0, il n\u2019a aucunement d\u00e9raill\u00e9.<\/p>\n<blockquote class=\"ac-article-quote wall-content\">\n<p>Sur un plan mental, c\u2019est un magnifique d\u00e9fi. Moi qui suis sujette aux migraines depuis mon adolescence, je n\u2019en ai fait qu\u2019une seule. L\u2019absence de charge mentale, la libert\u00e9, la soumission aux \u00e9motions, le l\u00e2cher prise\u2026 font un bien extraordinaire. Et efface tous les bobos. A tel point que si je pouvais repartir demain, je le ferai.<\/p>\n<\/blockquote>\n<p class=\" wall-content\">D\u2019ailleurs, altruiste<b>, le couple entend faire partager son exp\u00e9rience <\/b>\u00e0 ceux qui le souhaitent. Il pr\u00e9voit une soir\u00e9e d\u00e9but 2026, avec <a href=\"https:\/\/www.icipourdemain.fr\/fr\/\" target=\"_blank\" rel=\"noopener\">l\u2019association Ici pour demain<\/a> dont ils sont membres. Pour susciter des tentations. Et vivre sans regret.<\/p>\n<p>Pour les personnes int\u00e9ress\u00e9es, contact\u2009: <a href=\"https:\/\/actu.fr\/cdn-cgi\/l\/email-protection\" class=\"__cf_email__\" data-cfemail=\"7e0d1f1c1750121b1d161b081f1212171b0c3e121f0e110d0a1b50101b0a\" target=\"_blank\" rel=\"noopener\">[email\u00a0protected]<\/a><\/p>\n<p class=\" wall-content\">Personnalisez votre actualit\u00e9 en ajoutant vos villes et m\u00e9dias en favori avec <a href=\"https:\/\/moncompte.actu.fr\" title=\"D\u00e9couvez Mon Actu\" rel=\"nofollow noopener\" data-trk=\"{&quot;cta&quot;:{&quot;action&quot;:&quot;https:\\\/\\\/moncompte.actu.fr&quot;,&quot;category&quot;:&quot;mon compte&quot;,&quot;from&quot;:&quot;article footer&quot;,&quot;name&quot;:&quot;Mon actu&quot;,&quot;type&quot;:&quot;cta&quot;}}\" target=\"_blank\">Mon Actu<\/a>.<\/p>\n","protected":false},"excerpt":{"rendered":"Par Laurent Fortin Publi\u00e9 le 27 nov. 2025 \u00e0 22h25 Le v\u00e9lo est devenu leur moyen de transport.&hellip;\n","protected":false},"author":2,"featured_media":563140,"comment_status":"","ping_status":"","sticky":false,"template":"","format":"standard","meta":{"footnotes":""},"categories":[1586],"tags":[11,1777,674,1011,27,12,25,104,208,2900],"class_list":{"0":"post-563139","1":"post","2":"type-post","3":"status-publish","4":"format-standard","5":"has-post-thumbnail","7":"category-europe","8":"tag-actualites","9":"tag-eu","10":"tag-europe","11":"tag-fr","12":"tag-france","13":"tag-news","14":"tag-republique-francaise","15":"tag-societe","16":"tag-velo","17":"tag-vignoble-nantais"},"share_on_mastodon":{"url":"https:\/\/pubeurope.com\/@fr\/115623879881900865","error":""},"_links":{"self":[{"href":"https:\/\/www.europesays.com\/fr\/wp-json\/wp\/v2\/posts\/563139","targetHints":{"allow":["GET"]}}],"collection":[{"href":"https:\/\/www.europesays.com\/fr\/wp-json\/wp\/v2\/posts"}],"about":[{"href":"https:\/\/www.europesays.com\/fr\/wp-json\/wp\/v2\/types\/post"}],"author":[{"embeddable":true,"href":"https:\/\/www.europesays.com\/fr\/wp-json\/wp\/v2\/users\/2"}],"replies":[{"embeddable":true,"href":"https:\/\/www.europesays.com\/fr\/wp-json\/wp\/v2\/comments?post=563139"}],"version-history":[{"count":0,"href":"https:\/\/www.europesays.com\/fr\/wp-json\/wp\/v2\/posts\/563139\/revisions"}],"wp:featuredmedia":[{"embeddable":true,"href":"https:\/\/www.europesays.com\/fr\/wp-json\/wp\/v2\/media\/563140"}],"wp:attachment":[{"href":"https:\/\/www.europesays.com\/fr\/wp-json\/wp\/v2\/media?parent=563139"}],"wp:term":[{"taxonomy":"category","embeddable":true,"href":"https:\/\/www.europesays.com\/fr\/wp-json\/wp\/v2\/categories?post=563139"},{"taxonomy":"post_tag","embeddable":true,"href":"https:\/\/www.europesays.com\/fr\/wp-json\/wp\/v2\/tags?post=563139"}],"curies":[{"name":"wp","href":"https:\/\/api.w.org\/{rel}","templated":true}]}}