{"id":563160,"date":"2025-11-27T22:06:17","date_gmt":"2025-11-27T22:06:17","guid":{"rendered":"https:\/\/www.europesays.com\/fr\/563160\/"},"modified":"2025-11-27T22:06:17","modified_gmt":"2025-11-27T22:06:17","slug":"12-idees-faciles-qui-transforment-votre-salon-en-espace-branche","status":"publish","type":"post","link":"https:\/\/www.europesays.com\/fr\/563160\/","title":{"rendered":"12 id\u00e9es faciles qui transforment votre salon en espace branch\u00e9"},"content":{"rendered":"<p>ParisSelectBook &#8211; Tendances d\u00e9co 2026: 12 id\u00e9es faciles qui transforment votre salon en espace branch\u00e9 &#8211; Cr\u00e9dit photo \u00a9 Paris Select Book<\/p>\n<p>Entre inflation du quotidien et envie de <a href=\"https:\/\/www.parisselectbook.com\/2025\/11\/26\/peaux-seches-le-produit-chouchou-de-lete-nourrit-et-apaise-la-peau-en-hiver\/\" target=\"_blank\" rel=\"noopener\">mieux-\u00eatre<\/a> chez soi, beaucoup cherchent des rep\u00e8res clairs pour trier les tendances d\u00e9co. En 2026, le salon reste la pi\u00e8ce t\u00e9moin de nos usages, avec des choix simples, mesur\u00e9s et faciles \u00e0 vivre.<\/p>\n<p>Couleurs et mati\u00e8res qui rassurent en 2026<\/p>\n<p>Les teintes terre, les beiges chauds et les bruns profonds gagnent du terrain. Ainsi, un mur \u00e0 la chaux ou un badigeon velout\u00e9 apporte une profondeur douce. De plus, le lin, la <a href=\"https:\/\/www.parisselectbook.com\/2025\/11\/26\/le-manteau-court-en-laine-claudie-pierlot-domine-les-ventes-en-ce-moment\/\" target=\"_blank\" rel=\"noopener\">laine boucl\u00e9e<\/a> et le bois sombre cr\u00e9ent un cadre apaisant. Ces rep\u00e8res guident les tendances d\u00e9co sans imposer de relooking lourd.<\/p>\n<p>La texture devient un fil conducteur. Aussi, un tapis textur\u00e9 ou une housse en lin lav\u00e9 change l\u2019ambiance en une heure. En revanche, \u00e9vitez l\u2019accumulation qui alourdit l\u2019espace. Les tendances d\u00e9co misent sur un mix <a href=\"https:\/\/www.parisselectbook.com\/2025\/11\/26\/moncler-x-jil-sander-lancent-une-nouvelle-collection-capsule-minimaliste-et-technique\/\" target=\"_blank\" rel=\"noopener\">sobre et tactile<\/a>.<\/p>\n<p>Le min\u00e9ral progresse dans le s\u00e9jour. La <a href=\"https:\/\/www.parisselectbook.com\/2025\/11\/26\/rocamadour-lot-saccroche-a-la-falaise-et-figure-parmi-les-villages-les-plus-spectaculaires-de-france\/\" target=\"_blank\" rel=\"noopener\">pierre reconstitu\u00e9e<\/a>, le microciment et l\u2019ardoise fine s\u2019invitent sur tables basses et \u00e9tag\u00e8res. Par cons\u00e9quent, la pi\u00e8ce gagne en relief sans travaux lourds. Ces gestes simples alignent le salon avec les tendances d\u00e9co annonc\u00e9es pour <strong>2026<\/strong>.<\/p>\n<blockquote>\n<p>\u00ab Un salon beau est d\u2019abord un salon v\u00e9cu, pens\u00e9 pour durer. \u00bb<\/p>\n<\/blockquote>\n<p>Mobilier modulable et lignes courbes<\/p>\n<p>Le canap\u00e9 modulable s\u2019adapte aux rendez-vous familiaux comme aux soir\u00e9es calmes. Ainsi, vous bougez un module, et l\u2019usage change tout de suite. De plus, les silhouettes arrondies fluidifient la circulation. Cet esprit mobile s\u2019inscrit au c\u0153ur des tendances d\u00e9co.<\/p>\n<p>Tables gigognes, poufs l\u00e9gers et dessertes \u00e0 roulettes composent un trio malin. Aussi, les courbes \u00e9vitent les angles agressifs dans les petites surfaces. En revanche, gardez des hauteurs basses pour ne pas bloquer la lumi\u00e8re. Ce vocabulaire formel conforte les tendances d\u00e9co sans surcharger le budget.<\/p>\n<ul>\n<li>Mesurez les passages: laissez au moins <strong>80 cm<\/strong> libres.<\/li>\n<li>Testez 3 \u00e9chantillons de peinture au mur, sur <strong>7 jours<\/strong>.<\/li>\n<li>Visez une lumi\u00e8re chaude: <strong>2700\u20133000 K<\/strong> au quotidien.<\/li>\n<li>M\u00e9langez neuf, seconde main et pi\u00e8ces artisanales.<\/li>\n<li>Pr\u00e9voyez <strong>3<\/strong> sources lumineuses par zone de vie.<\/li>\n<\/ul>\n<p>\u00c9clairage, ambiance et gestion du son<\/p>\n<p>La lumi\u00e8re se travaille en couches. Ainsi, on associe une lampe diffuse, une liseuse orient\u00e9e et un accent mural. De plus, des variateurs aident \u00e0 passer du travail au repos. Cette approche soutient les tendances d\u00e9co tout en soignant le confort visuel.<\/p>\n<p>La temp\u00e9rature de couleur demeure un rep\u00e8re fiable. Aussi, <strong>2700\u20133000 K<\/strong> favorise une ambiance chaleureuse le soir. En revanche, montez \u00e0 <strong>3500 K<\/strong> pour les t\u00e2ches. Cette flexibilit\u00e9 colle aux tendances d\u00e9co tourn\u00e9es vers le bien-\u00eatre.<\/p>\n<p>Le son compte autant que la lumi\u00e8re. Par cons\u00e9quent, rideaux lourds, tapis denses et coussins \u00e9pais absorbent l\u2019\u00e9cho. D\u00e9sormais, des panneaux muraux fins am\u00e9liorent l\u2019acoustique sans effet \u201cbureau\u201d. Ce trio discret reste coh\u00e9rent avec les tendances d\u00e9co orient\u00e9es confort.<\/p>\n<p>Nature, r\u00e9cup\u00e9ration et artisanat<\/p>\n<p>Les plantes gagnent en pr\u00e9sence, mais avec mesure. Ainsi, choisissez des esp\u00e8ces adapt\u00e9es \u00e0 la lumi\u00e8re du salon. De plus, poterie brute et vannerie structurent la verdure. Ce dialogue nature-mati\u00e8res nourrit les tendances d\u00e9co sans tomber dans le d\u00e9cor de serre.<\/p>\n<p>La seconde main s\u2019impose par raison et par style. Aussi, un meuble ancien cir\u00e9 dialogue bien avec un plateau min\u00e9ral. En revanche, gardez une palette unifi\u00e9e pour \u00e9viter l\u2019effet march\u00e9 aux puces. L\u2019artisanat local, lui, am\u00e8ne une patine que la s\u00e9rie n\u2019offre pas.<\/p>\n<p>Petits travaux malins pour un grand effet<\/p>\n<p>Les \u201czones couleur\u201d redessinent le salon en un week-end. Ainsi, peignez un soubassement sur <strong>90\u2013110 cm<\/strong> pour ancrer visuellement les assises. De plus, un arc peint derri\u00e8re le canap\u00e9 cr\u00e9e un point focal simple. Ce geste rapide s\u2019aligne sur les tendances d\u00e9co en qu\u00eate d\u2019impact mesur\u00e9.<\/p>\n<p>Le rangement int\u00e9gr\u00e9 change la donne. Aussi, une \u00e9tag\u00e8re basse filante all\u00e8ge la pi\u00e8ce et cache les c\u00e2bles. En revanche, \u00e9vitez les modules trop profonds qui mangent l\u2019espace. L\u2019id\u00e9e fonctionne avec la plupart des tendances, dont les tendances d\u00e9co plus \u00e9pur\u00e9es.<\/p>\n<p>Les m\u00e9taux refont surface dans les d\u00e9tails. Ainsi, une touche de nickel bross\u00e9 ou de laiton vieilli structure l\u2019ensemble. Par cons\u00e9quent, le contraste avec les textures mates devient plus lisible. Ce dosage pr\u00e9cis confirme l\u2019\u00e9lan des tendances d\u00e9co pour <strong>2026<\/strong> et apr\u00e8s.<\/p>\n","protected":false},"excerpt":{"rendered":"ParisSelectBook &#8211; Tendances d\u00e9co 2026: 12 id\u00e9es faciles qui transforment votre salon en espace branch\u00e9 &#8211; Cr\u00e9dit photo&hellip;\n","protected":false},"author":2,"featured_media":563161,"comment_status":"","ping_status":"","sticky":false,"template":"","format":"standard","meta":{"footnotes":""},"categories":[1358],"tags":[1348,1384,1385,1386,58,59,1011,27,67927],"class_list":{"0":"post-563160","1":"post","2":"type-post","3":"status-publish","4":"format-standard","5":"has-post-thumbnail","7":"category-arts-et-design","8":"tag-arts","9":"tag-arts-and-design","10":"tag-arts-et-design","11":"tag-design","12":"tag-divertissement","13":"tag-entertainment","14":"tag-fr","15":"tag-france","16":"tag-tendances-deco"},"share_on_mastodon":{"url":"https:\/\/pubeurope.com\/@fr\/115623938208575383","error":""},"_links":{"self":[{"href":"https:\/\/www.europesays.com\/fr\/wp-json\/wp\/v2\/posts\/563160","targetHints":{"allow":["GET"]}}],"collection":[{"href":"https:\/\/www.europesays.com\/fr\/wp-json\/wp\/v2\/posts"}],"about":[{"href":"https:\/\/www.europesays.com\/fr\/wp-json\/wp\/v2\/types\/post"}],"author":[{"embeddable":true,"href":"https:\/\/www.europesays.com\/fr\/wp-json\/wp\/v2\/users\/2"}],"replies":[{"embeddable":true,"href":"https:\/\/www.europesays.com\/fr\/wp-json\/wp\/v2\/comments?post=563160"}],"version-history":[{"count":0,"href":"https:\/\/www.europesays.com\/fr\/wp-json\/wp\/v2\/posts\/563160\/revisions"}],"wp:featuredmedia":[{"embeddable":true,"href":"https:\/\/www.europesays.com\/fr\/wp-json\/wp\/v2\/media\/563161"}],"wp:attachment":[{"href":"https:\/\/www.europesays.com\/fr\/wp-json\/wp\/v2\/media?parent=563160"}],"wp:term":[{"taxonomy":"category","embeddable":true,"href":"https:\/\/www.europesays.com\/fr\/wp-json\/wp\/v2\/categories?post=563160"},{"taxonomy":"post_tag","embeddable":true,"href":"https:\/\/www.europesays.com\/fr\/wp-json\/wp\/v2\/tags?post=563160"}],"curies":[{"name":"wp","href":"https:\/\/api.w.org\/{rel}","templated":true}]}}