{"id":563164,"date":"2025-11-27T22:09:15","date_gmt":"2025-11-27T22:09:15","guid":{"rendered":"https:\/\/www.europesays.com\/fr\/563164\/"},"modified":"2025-11-27T22:09:15","modified_gmt":"2025-11-27T22:09:15","slug":"amanda-lear-en-francais-pour-la-premiere-fois-dans-son-dernier-album-actualites","status":"publish","type":"post","link":"https:\/\/www.europesays.com\/fr\/563164\/","title":{"rendered":"Amanda Lear, en fran\u00e7ais pour la premi\u00e8re fois dans son dernier album : Actualit\u00e9s"},"content":{"rendered":"<p class=\"lead \">Ses adieux en 2016 car \u00ab\u00a0fatigu\u00e9e du showbiz\u00a0\u00bb sont oubli\u00e9s: apr\u00e8s des succ\u00e8s au th\u00e9\u00e2tre et plusieurs tournages, Amanda Lear, 79 ans, est de retour \u00e0 la chanson avec un 23e album studio, pour la premi\u00e8re fois en fran\u00e7ais. <\/p>\n<p class=\"lead \">Avec \u00ab\u00a0Looking Back\u00a0\u00bb, la chanteuse et com\u00e9dienne qui avait \u00e9t\u00e9 la muse de Salvador Dal\u00ed et ic\u00f4ne disco depuis \u00ab\u00a0Follow Me\u00a0\u00bb, son tube plan\u00e9taire de 1978, chante de sa voix grave et de son timbre myst\u00e9rieux les amours qui finissent et les rendez-vous manqu\u00e9s.<\/p>\n<p class=\"lead \">\u00ab\u00a0Les chansons d&rsquo;amour qui riment avec toujours, \u00e7a m&rsquo;\u00e9nerve!\u00a0\u00bb, confie-t-elle \u00e0 l&rsquo;AFP, lors d&rsquo;une rencontre pour \u00e9voquer cet opus, d\u00e9j\u00e0 disponible.<\/p>\n<p class=\"lead \"><strong>QUESTION: Comment est n\u00e9 cet album?<\/strong><\/p>\n<p class=\"lead \">REPONSE: \u00ab\u00a0J&rsquo;ai toujours voulu \u00e9tonner. Je m&rsquo;ennuie tr\u00e8s vite et j&rsquo;aime \u00eatre o\u00f9 on ne m&rsquo;attend pas. Ca fait des ann\u00e9es que j&rsquo;avais envie de chanter des chansons en fran\u00e7ais. <\/p>\n<p class=\"lead \">C&rsquo;est gr\u00e2ce \u00e0 la r\u00e9cente publicit\u00e9 Chanel qui utilise mon tube +Follow Me+. Ma maison de disques a d\u00e9cid\u00e9 de me d\u00e9poussi\u00e9rer en acceptant enfin cet album en fran\u00e7ais. J&rsquo;ai demand\u00e9 \u00e0 de jeunes auteurs de m&rsquo;\u00e9crire des textes, comme Pierre Lapointe, Sacha Rudy et Patxi Garat.\u00a0\u00bb<\/p>\n<p class=\"lead \"><strong>Q: C&rsquo;est vous qui leur avez souffl\u00e9 cette th\u00e9matique des amours contrari\u00e9s?<\/strong><\/p>\n<p class=\"lead \">R: \u00ab\u00a0A mon \u00e2ge (Apr\u00e8s avoir longtemps entretenu le myst\u00e8re sur sa date de naissance, l&rsquo;artiste revendique d\u00e9sormais celle du 18 novembre 1946, NDLR), je ne voulais pas des chansons d&rsquo;amour +gnan gnan+ qui riment avec toujours. <\/p>\n<p class=\"lead \">J&rsquo;ai pr\u00e9f\u00e9r\u00e9 regarder en arri\u00e8re et penser \u00e0 toutes ces rencontres, tous ces amants, tous ces rendez-vous rat\u00e9s, ces histoires d&rsquo;amour d&rsquo;une nuit&#8230; Sans tristesse, juste un peu de m\u00e9lancolie&#8230; Je chante aussi +J&rsquo;ai la m\u00e9moire qui flanche+ car certains amours ne sont bons qu&rsquo;\u00e0 oublier! Avec ce disque, je ne suis pas l&rsquo;Amanda triomphante avec tous les hommes \u00e0 mes pieds. Ca m&rsquo;est arriv\u00e9 aussi qu&rsquo;on me pose des lapins&#8230;\u00a0\u00bb<\/p>\n<p class=\"lead \"><strong>Q: Cet album vous donne-t-il envie de vous produire sur sc\u00e8ne? <\/strong><\/p>\n<p class=\"lead \">R: \u00ab\u00a0Pourquoi pas un concert fa\u00e7on cabaret, un peu intimiste. J&rsquo;aime assez ce c\u00f4t\u00e9 chanteuse r\u00e9aliste. Ca arrivera peut-\u00eatre, mais vu mon esp\u00e9rance de vie, \u00e0 79 ans&#8230;<\/p>\n<p class=\"lead \">Pour moi, l&rsquo;\u00e2ge, c&rsquo;est juste un num\u00e9ro, m\u00eame si parfois on est rappel\u00e9 au bon souvenir de la vieillesse. Le secret pour avoir la p\u00eache, c&rsquo;est la curiosit\u00e9. <\/p>\n<p class=\"lead \">Si vous vous ratatinez dans votre sofa en regardant +Des chiffres et des lettres+, c&rsquo;est foutu. La retraite, ce n&rsquo;est pas pour moi!\u00a0\u00bb<\/p>\n<p class=\"lead \"><strong>Q: Vous reverra-t-on au th\u00e9\u00e2tre?<\/strong><\/p>\n<p class=\"lead \">R: \u00ab\u00a0J&rsquo;ai envie d&rsquo;autre chose que le th\u00e9\u00e2tre de boulevard. J&rsquo;ai propos\u00e9 \u00e0 Florian Zeller de m&rsquo;\u00e9crire une pi\u00e8ce sur la fin de vie. <\/p>\n<p class=\"lead \">Je suis membre de l&rsquo;Association pour le droit de mourir dans la dignit\u00e9. Charles Aznavour m&rsquo;avait propos\u00e9 une com\u00e9die musicale mettant en sc\u00e8ne une grande actrice racontant sa vie et balan\u00e7ant des horreurs sur ses copines. <\/p>\n<p class=\"lead \">Je viens de tourner \u00e0 Lisbonne dans le prochain film de Ruben Alves. Je ne fais pas de plan de carri\u00e8re. Comme dans le po\u00e8me d&rsquo;Aragon, je dirai malgr\u00e9 tout que cette vie fut belle.\u00a0\u00bb<\/p>\n<p class=\"lead \"><strong>Q: Sur les conseils de Dal\u00ed, vous avez entretenu le myst\u00e8re autour de votre personnalit\u00e9. La rumeur sur votre identit\u00e9 de genre ne vous a-t-elle jamais bless\u00e9e ?<\/strong><\/p>\n<p class=\"lead \">R: \u00ab\u00a0\u00c7a ne m&rsquo;a jamais d\u00e9rang\u00e9e. Les artistes ont besoin qu&rsquo;on parle d&rsquo;eux. Il faut du myst\u00e8re&#8230; Cela suscite de la curiosit\u00e9. <\/p>\n<p class=\"lead \">Plus on en parlait, plus \u00e7a me rendait int\u00e9ressante. Comme disait Oscar Wilde, la pire des choses, c&rsquo;est que l&rsquo;on ne parle pas de vous&#8230; L&rsquo;essentiel, c&rsquo;est qu&rsquo;on parle de moi! Aujourd&rsquo;hui, on voit des +trans+ partout. La mode est \u00e0 la +transvestigation+, Brigitte Macron, Michelle Obama et m\u00eame Lady Gaga en sont victimes \u00e0 leur tour. C&rsquo;est insens\u00e9 que Mme Macron soit oblig\u00e9e de se justifier devant la justice am\u00e9ricaine. Je n&rsquo;aurais pas fait de proc\u00e8s et d&rsquo;ailleurs, je n&rsquo;en ai jamais fait. Plus on se r\u00e9volte, plus on se rebelle et plus la rumeur s&#8217;emballe.\u00a0\u00bb <\/p>\n<p class=\"small font-weight-bold text-gray3 \"> publi\u00e9 le 27 novembre \u00e0 20h14, AFP<\/p>\n<p>                             Partager<\/p>\n","protected":false},"excerpt":{"rendered":"Ses adieux en 2016 car \u00ab\u00a0fatigu\u00e9e du showbiz\u00a0\u00bb sont oubli\u00e9s: apr\u00e8s des succ\u00e8s au th\u00e9\u00e2tre et plusieurs tournages,&hellip;\n","protected":false},"author":2,"featured_media":563165,"comment_status":"","ping_status":"","sticky":false,"template":"","format":"standard","meta":{"footnotes":""},"categories":[1355],"tags":[1971,1695,58,59,1011,27,1361,873],"class_list":{"0":"post-563164","1":"post","2":"type-post","3":"status-publish","4":"format-standard","5":"has-post-thumbnail","7":"category-musique","8":"tag-clbrits","9":"tag-chanson","10":"tag-divertissement","11":"tag-entertainment","12":"tag-fr","13":"tag-france","14":"tag-music","15":"tag-musique"},"share_on_mastodon":{"url":"https:\/\/pubeurope.com\/@fr\/115623950044138082","error":""},"_links":{"self":[{"href":"https:\/\/www.europesays.com\/fr\/wp-json\/wp\/v2\/posts\/563164","targetHints":{"allow":["GET"]}}],"collection":[{"href":"https:\/\/www.europesays.com\/fr\/wp-json\/wp\/v2\/posts"}],"about":[{"href":"https:\/\/www.europesays.com\/fr\/wp-json\/wp\/v2\/types\/post"}],"author":[{"embeddable":true,"href":"https:\/\/www.europesays.com\/fr\/wp-json\/wp\/v2\/users\/2"}],"replies":[{"embeddable":true,"href":"https:\/\/www.europesays.com\/fr\/wp-json\/wp\/v2\/comments?post=563164"}],"version-history":[{"count":0,"href":"https:\/\/www.europesays.com\/fr\/wp-json\/wp\/v2\/posts\/563164\/revisions"}],"wp:featuredmedia":[{"embeddable":true,"href":"https:\/\/www.europesays.com\/fr\/wp-json\/wp\/v2\/media\/563165"}],"wp:attachment":[{"href":"https:\/\/www.europesays.com\/fr\/wp-json\/wp\/v2\/media?parent=563164"}],"wp:term":[{"taxonomy":"category","embeddable":true,"href":"https:\/\/www.europesays.com\/fr\/wp-json\/wp\/v2\/categories?post=563164"},{"taxonomy":"post_tag","embeddable":true,"href":"https:\/\/www.europesays.com\/fr\/wp-json\/wp\/v2\/tags?post=563164"}],"curies":[{"name":"wp","href":"https:\/\/api.w.org\/{rel}","templated":true}]}}