{"id":563180,"date":"2025-11-27T22:18:13","date_gmt":"2025-11-27T22:18:13","guid":{"rendered":"https:\/\/www.europesays.com\/fr\/563180\/"},"modified":"2025-11-27T22:18:13","modified_gmt":"2025-11-27T22:18:13","slug":"avant-le-complement-denquete-larcom-donne-raison-a-cnews-sur-ce-point","status":"publish","type":"post","link":"https:\/\/www.europesays.com\/fr\/563180\/","title":{"rendered":"Avant le \u00ab\u00a0Compl\u00e8ment d\u2019enqu\u00eate\u00a0\u00bb, l\u2019Arcom donne raison \u00e0 CNews sur ce point"},"content":{"rendered":"<p>        <img decoding=\"async\" loading=\"lazy\" src=\"https:\/\/www.europesays.com\/fr\/wp-content\/uploads\/2025\/11\/2fc2f36_upload-1-stje5hjqa2g4-afp-20251117-hl-jmbarrere-2959891-v1-highres-cnewstelevisionfrance.jpg\"  width=\"728\" height=\"410\" alt=\"L\u2019Arcom ne constate pas de manquement au pluralisme sur CNews sur la p\u00e9riode vis\u00e9e par RSF, explique-t-elle ce jeudi 27\u00a0novembre. (Photo d\u2019illustration)\"\/>  <\/p>\n<p>JEAN-MARC BARRERE \/ Hans Lucas via AFP<\/p>\n<p>L\u2019Arcom ne constate pas de manquement au pluralisme sur CNews sur la p\u00e9riode vis\u00e9e par RSF, explique-t-elle ce jeudi 27\u00a0novembre. (Photo d\u2019illustration)<\/p>\n<p class=\"asset asset-text\">Point d\u2019achoppement. Dans une enqu\u00eate publi\u00e9e mercredi, Reporters sans fronti\u00e8res estimait que la cha\u00eene CNews <a href=\"https:\/\/www.huffingtonpost.fr\/medias\/article\/rsf-epingle-cnews-qui-triche-avec-les-regles-d-equilibre-politique_257582.html\" target=\"_blank\" rel=\"noopener\">contournait ses obligations de pluralisme<\/a> en rel\u00e9guant les politiques de gauche la nuit pour favoriser<a href=\"https:\/\/www.huffingtonpost.fr\/politique\/article\/pourquoi-l-extreme-droite-en-veut-autant-a-l-audiovisuel-public_257475.html\" target=\"_blank\" rel=\"noopener\"> l\u2019extr\u00eame droite<\/a>. Une conclusion se basant sur des donn\u00e9es reprises dans l\u2019\u00e9mission d\u2019investigation Compl\u00e9ment d\u2019enqu\u00eate diffus\u00e9e ce jeudi 27\u00a0novembre \u00e0 23 h sur France 2.<\/p>\n<p class=\"asset asset-text\">Sauf que quelques heures avant la diffusion du reportage, le r\u00e9gulateur de l\u2019audiovisuel, l\u2019Arcom, a indiqu\u00e9 ne pas avoir constat\u00e9 de \u00ab\u00a0contournement des r\u00e8gles du pluralisme politique sur le mois de mars 2025\u00a0\u00bb sur la cha\u00eene de la galaxie Bollor\u00e9 CNews.<\/p>\n<p class=\"asset asset-text\">\u00ab\u00a0Il n\u2019y a pas de contournements des r\u00e8gles du pluralisme politique sur le mois de mars 2025 sur CNews, et s\u2019il y en avait eu, nous les aurions identifi\u00e9s et nous serions intervenus\u00a0\u00bb, a insist\u00e9 l\u2019Arcom \u00e0 l\u2019AFP, confirmant une information du<a href=\"https:\/\/www.lepoint.fr\/politique\/temps-de-parole-l-arcom-demonte-le-requisitoire-de-rsf-contre-cnews-27-11-2025-2604163_20.php\" target=\"_blank\" rel=\"noopener\" title=\"Nouvelle fen\u00eatre\"> Point<\/a>. \u00ab\u00a0Nos r\u00e9sultats ne sont pas ceux de RSF. Nous n\u2019avons pas de doute\u00a0\u00bb, a ajout\u00e9 l\u2019autorit\u00e9 de r\u00e9gulation.<\/p>\n<p class=\"asset asset-text\">Cette mise au point de l\u2019Arcom a cr\u00e9\u00e9 la zizanie chez France 2, r\u00e9v\u00e8le <a href=\"https:\/\/www.leparisien.fr\/culture-loisirs\/tv\/cnews-france-2-a-demande-a-ses-equipes-de-couper-en-catastrophe-une-partie-de-son-complement-denquete-27-11-2025-FHGMKQ5VZJEYLLNVWW3ULGJGWU.php\" target=\"_blank\" rel=\"noopener\" title=\"Nouvelle fen\u00eatre\">Le Parisien<\/a>. La cha\u00eene a demand\u00e9 aux \u00e9quipes de Compl\u00e9ment d\u2019Enqu\u00eate\u00a0de couper la partie du reportage sur les r\u00e9v\u00e9lations de RSF concernant la \u00ab\u00a0triche\u00a0\u00bb de de CNews sur l\u2019\u00e9quilibre des temps de parole. Les t\u00e9l\u00e9spectateurs ne devraient donc pas voir cette s\u00e9quence.<\/p>\n<p>                     RSF maintient \u00ab tous\u00a0ses chiffres\u00a0\u00bb    <\/p>\n<p class=\"asset asset-text\">RSF d\u00e9plore les \u00ab\u00a0d\u00e9n\u00e9gations de l\u2019Arcom\u00a0\u00bb relatives \u00e0 son enqu\u00eate, a affirm\u00e9 jeudi l\u2019organisation dans un communiqu\u00e9 transmis \u00e0 l\u2019AFP, et assure maintenir \u00ab\u00a0tous ses chiffres et ses conclusions\u00a0\u00bb.<\/p>\n<p class=\"asset asset-text\">Selon elle, \u00ab\u00a0le r\u00e9gulateur conteste manifestement, sans fournir de chiffres en appui de sa d\u00e9monstration, un unique sous-\u00e9l\u00e9ment d\u2019une des trois dimensions mesur\u00e9es du pluralisme\u00a0: celle relative au temps de parole allou\u00e9 aux forces politiques\u00a0\u00bb.<\/p>\n<p class=\"asset asset-text\">Mercredi, RSF avait annonc\u00e9 son intention de saisir l\u2019Arcom apr\u00e8s avoir accus\u00e9 CNews de \u00ab\u00a0tricher\u00a0\u00bb avec ces r\u00e8gles en rel\u00e9guant aux heures nocturnes le temps de parole de responsables de gauche comme La France insoumise ou le Parti socialiste.<\/p>\n<p>                     L\u2019Arcom pointe \u00ab\u00a0une surrepr\u00e9sentation\u00a0\u00bb de LFI ou du PS en mars    <\/p>\n<p class=\"asset asset-text\">RSF affirme avoir pass\u00e9 au crible les temps d\u2019antenne des cha\u00eenes d\u2019information en continu (BFMTV, CNews, franceinfo, LCI) du 1er au 31 mars 2025 \u00e0 l\u2019aide d\u2019un outil de capture d\u2019\u00e9cran qui a permis d\u2019analyser 700\u00a0000 bandeaux. D\u2019apr\u00e8s l\u2019ONG, l\u2019extr\u00eame droite (dans laquelle elle range le RN et Philippe de Villiers) cumule 40,6% d\u2019exposition contre 15,4% pour la gauche (LFI, PS, PCF, EELV), tandis que la nuit (00H00-7H00), la gauche grimpe \u00e0 60,1%, contre 1,6% pour l\u2019extr\u00eame droite.<\/p>\n<p class=\"asset asset-text\">Selon l\u2019Arcom, sur ce mois de mars 2025, sur CNews, \u00ab\u00a0il y a une surrepr\u00e9sentation\u00a0\u00bb de LFI ou du PS \u00ab\u00a0de nuit comme de jour\u00a0\u00bb.<\/p>\n<p class=\"asset asset-text\">Le Compl\u00e9ment d\u2019enqu\u00eate de ce jeudi s\u2019interesse \u00e0 \u00ab\u00a0\u00a0la ligne \u00e9ditoriale\u00a0\u00bb\u00a0de CNews et s\u2019appuie sur des t\u00e9moignages ainsi que des chiffres. CNews est notamment accus\u00e9e d\u2019\u00eatre un m\u00e9dia d\u2019opinion et\u00a0de cibler les musulmans.<\/p>\n<p class=\"asset asset-text\">Compl\u00e9ment d\u2019enqu\u00eate\u00a0rappelle aussi que la cha\u00eene a fait l\u2019objet de\u00a0\u00ab\u00a08 sanctions et 6 mises en demeure\u00a0\u00bb\u00a0de l\u2019Arcom pour des propos tenus sur son antenne.<\/p>\n<p class=\"asset asset-text\">La diffusion du reportage intervient dans un <a href=\"https:\/\/www.huffingtonpost.fr\/medias\/article\/radio-france-et-france-tv-portent-plainte-contre-cnews-europe-1-et-le-jdd_257290.html\" target=\"_blank\" rel=\"noopener\">contexte tendu entre l\u2019audiovisuel public et les m\u00e9dias<\/a> dans le giron du milliardaire conservateur Vincent Bollor\u00e9 (CNews, Europe 1 et JDD).<\/p>\n","protected":false},"excerpt":{"rendered":"JEAN-MARC BARRERE \/ Hans Lucas via AFP L\u2019Arcom ne constate pas de manquement au pluralisme sur CNews sur&hellip;\n","protected":false},"author":2,"featured_media":563181,"comment_status":"","ping_status":"","sticky":false,"template":"","format":"standard","meta":{"footnotes":""},"categories":[4],"tags":[11,4690,9722,1011,27,500,12,44784,25],"class_list":{"0":"post-563180","1":"post","2":"type-post","3":"status-publish","4":"format-standard","5":"has-post-thumbnail","7":"category-france","8":"tag-actualites","9":"tag-arcom","10":"tag-cnews","11":"tag-fr","12":"tag-france","13":"tag-medias","14":"tag-news","15":"tag-reporters-sans-frontieres","16":"tag-republique-francaise"},"share_on_mastodon":{"url":"https:\/\/pubeurope.com\/@fr\/115623987052185082","error":""},"_links":{"self":[{"href":"https:\/\/www.europesays.com\/fr\/wp-json\/wp\/v2\/posts\/563180","targetHints":{"allow":["GET"]}}],"collection":[{"href":"https:\/\/www.europesays.com\/fr\/wp-json\/wp\/v2\/posts"}],"about":[{"href":"https:\/\/www.europesays.com\/fr\/wp-json\/wp\/v2\/types\/post"}],"author":[{"embeddable":true,"href":"https:\/\/www.europesays.com\/fr\/wp-json\/wp\/v2\/users\/2"}],"replies":[{"embeddable":true,"href":"https:\/\/www.europesays.com\/fr\/wp-json\/wp\/v2\/comments?post=563180"}],"version-history":[{"count":0,"href":"https:\/\/www.europesays.com\/fr\/wp-json\/wp\/v2\/posts\/563180\/revisions"}],"wp:featuredmedia":[{"embeddable":true,"href":"https:\/\/www.europesays.com\/fr\/wp-json\/wp\/v2\/media\/563181"}],"wp:attachment":[{"href":"https:\/\/www.europesays.com\/fr\/wp-json\/wp\/v2\/media?parent=563180"}],"wp:term":[{"taxonomy":"category","embeddable":true,"href":"https:\/\/www.europesays.com\/fr\/wp-json\/wp\/v2\/categories?post=563180"},{"taxonomy":"post_tag","embeddable":true,"href":"https:\/\/www.europesays.com\/fr\/wp-json\/wp\/v2\/tags?post=563180"}],"curies":[{"name":"wp","href":"https:\/\/api.w.org\/{rel}","templated":true}]}}