{"id":563188,"date":"2025-11-27T22:23:46","date_gmt":"2025-11-27T22:23:46","guid":{"rendered":"https:\/\/www.europesays.com\/fr\/563188\/"},"modified":"2025-11-27T22:23:46","modified_gmt":"2025-11-27T22:23:46","slug":"maxeville-the-dansant-intergenerationnel-a-lehpad-saint-sauveur","status":"publish","type":"post","link":"https:\/\/www.europesays.com\/fr\/563188\/","title":{"rendered":"Max\u00e9ville. Th\u00e9 dansant interg\u00e9n\u00e9rationnel \u00e0 l\u2019Ehpad Saint-Sauveur"},"content":{"rendered":"<p>Un th\u00e9 dansant \u00e9tait propos\u00e9 aux r\u00e9sidents des Ehpad et aux seniors de la ville, samedi 22\u00a0novembre. L\u2019animation \u00e9tait propos\u00e9e par le p\u00f4le seniors de la ville, avec la participation de la Team Ados. Quelques jeunes ont en effet aid\u00e9 \u00e0 l\u2019organisation et \u00e0 l\u2019animation de cet apr\u00e8s-midi dansant, sous la forme d\u2019un chantier jeunes qui a permis de rassembler les g\u00e9n\u00e9rations.<\/p>\n","protected":false},"excerpt":{"rendered":"Un th\u00e9 dansant \u00e9tait propos\u00e9 aux r\u00e9sidents des Ehpad et aux seniors de la ville, samedi 22\u00a0novembre. L\u2019animation&hellip;\n","protected":false},"author":2,"featured_media":563189,"comment_status":"","ping_status":"","sticky":false,"template":"","format":"standard","meta":{"footnotes":""},"categories":[9635],"tags":[1111,11,1687,1704,1777,674,1011,27,775,10061,10262,1702,12,4043,25,953],"class_list":{"0":"post-563188","1":"post","2":"type-post","3":"status-publish","4":"format-standard","5":"has-post-thumbnail","7":"category-nancy","8":"tag-actu","9":"tag-actualites","10":"tag-culture-loisirs","11":"tag-edition-nancy-et-agglomeration","12":"tag-eu","13":"tag-europe","14":"tag-fr","15":"tag-france","16":"tag-grand-est","17":"tag-maxeville","18":"tag-metropole-du-grand-nancy-54b5","19":"tag-nancy","20":"tag-news","21":"tag-repas-et-the-dansant","22":"tag-republique-francaise","23":"tag-soiree"},"share_on_mastodon":{"url":"https:\/\/pubeurope.com\/@fr\/115624005015881719","error":""},"_links":{"self":[{"href":"https:\/\/www.europesays.com\/fr\/wp-json\/wp\/v2\/posts\/563188","targetHints":{"allow":["GET"]}}],"collection":[{"href":"https:\/\/www.europesays.com\/fr\/wp-json\/wp\/v2\/posts"}],"about":[{"href":"https:\/\/www.europesays.com\/fr\/wp-json\/wp\/v2\/types\/post"}],"author":[{"embeddable":true,"href":"https:\/\/www.europesays.com\/fr\/wp-json\/wp\/v2\/users\/2"}],"replies":[{"embeddable":true,"href":"https:\/\/www.europesays.com\/fr\/wp-json\/wp\/v2\/comments?post=563188"}],"version-history":[{"count":0,"href":"https:\/\/www.europesays.com\/fr\/wp-json\/wp\/v2\/posts\/563188\/revisions"}],"wp:featuredmedia":[{"embeddable":true,"href":"https:\/\/www.europesays.com\/fr\/wp-json\/wp\/v2\/media\/563189"}],"wp:attachment":[{"href":"https:\/\/www.europesays.com\/fr\/wp-json\/wp\/v2\/media?parent=563188"}],"wp:term":[{"taxonomy":"category","embeddable":true,"href":"https:\/\/www.europesays.com\/fr\/wp-json\/wp\/v2\/categories?post=563188"},{"taxonomy":"post_tag","embeddable":true,"href":"https:\/\/www.europesays.com\/fr\/wp-json\/wp\/v2\/tags?post=563188"}],"curies":[{"name":"wp","href":"https:\/\/api.w.org\/{rel}","templated":true}]}}