{"id":56319,"date":"2025-04-27T07:45:09","date_gmt":"2025-04-27T07:45:09","guid":{"rendered":"https:\/\/www.europesays.com\/fr\/56319\/"},"modified":"2025-04-27T07:45:09","modified_gmt":"2025-04-27T07:45:09","slug":"podcast-le-debrief-a-chaud-de-bordeaux-la-roche-vf-1-0","status":"publish","type":"post","link":"https:\/\/www.europesays.com\/fr\/56319\/","title":{"rendered":"[Podcast] Le D\u00e9brief \u00e0 Chaud de Bordeaux-La Roche VF (1-0)"},"content":{"rendered":"<p><img decoding=\"async\" src=\"https:\/\/www.europesays.com\/fr\/wp-content\/uploads\/2025\/04\/671_2cf900d7be2ec3d4e2938d0c67b9930c.jpg\" alt=\"[Podcast] Le D\u00e9brief \u00e0 Chaud de Bordeaux-La Roche VF (1-0)\" class=\"img-responsive mt-3\"\/><\/p>\n<p class=\"text-center mb-3\" style=\"font-size: 14px\">\u00a9 Iconsport<\/p>\n<p style=\"text-align: justify;\">Nous vous proposons Le D\u00e9brief \u00e0 Chaud de Bordeaux-La Roche VF en replay : le <a href=\"https:\/\/podcasts.webgirondins.com\/\" target=\"_blank\" rel=\"noopener\">podcast<\/a> ou directement sur <a href=\"https:\/\/www.youtube.com\/channel\/UCkyRgJ6uhixmPRaSKiEI9aw?view_as=subscriber\" target=\"_blank\" rel=\"noopener\">notre cha\u00eene YouTube<\/a>.<\/p>\n<p>Le Podcast :<\/p>\n<p>\u00a0<\/p>\n<p>Sur YouTube :<\/p>\n<p>Ce navigateur ne supporte pas les iframes<\/p>\n<p>\u00a0<\/p>\n<p style=\"text-align: justify;\">Restez Connect\u00e9 aux infos des Girondins de Bordeaux gr\u00e2ce \u00e0 WhatsApp. Ne ratez plus aucune information importante. Rejoignez la<strong> <a href=\"https:\/\/whatsapp.com\/channel\/0029VaDygopCRs1h8xNMgI1y\" target=\"_blank\" rel=\"noopener\">cha\u00eene d&rsquo;information WhatsApp de WebGirondins<\/a><\/strong>. C&rsquo;est gratuit, avec 2 \u00e0 3 infos maximum par jour, r\u00e9sultat, interview, analyses etc.<\/p>\n<p>\u00c0 lire &gt;&gt; <a href=\"https:\/\/www.webgirondins.com\/actualite-girondins-girondins-de-bordeaux-decouvrez-les-salaires-complets-de-tous-les-joueurs-128842\" target=\"_blank\" rel=\"noopener\"><strong>Girondins de Bordeaux : d\u00e9couvrez les salaires complets de tous les joueurs !<\/strong><\/a><\/p>\n","protected":false},"excerpt":{"rendered":"\u00a9 Iconsport Nous vous proposons Le D\u00e9brief \u00e0 Chaud de Bordeaux-La Roche VF en replay : le podcast&hellip;\n","protected":false},"author":2,"featured_media":38543,"comment_status":"","ping_status":"","sticky":false,"template":"","format":"standard","meta":{"footnotes":""},"categories":[2817],"tags":[1111,11,9108,1997,6100,12111,1777,674,1011,27,12,2219,3725,362,25,3679,6689,133],"class_list":{"0":"post-56319","1":"post","2":"type-post","3":"status-publish","4":"format-standard","5":"has-post-thumbnail","7":"category-bordeaux","8":"tag-actu","9":"tag-actualites","10":"tag-audio","11":"tag-bordeaux","12":"tag-chaud","13":"tag-debrief","14":"tag-eu","15":"tag-europe","16":"tag-fr","17":"tag-france","18":"tag-news","19":"tag-nouvelle-aquitaine","20":"tag-podcast","21":"tag-replay","22":"tag-republique-francaise","23":"tag-revivez","24":"tag-roche","25":"tag-video"},"share_on_mastodon":{"url":"https:\/\/pubeurope.com\/@fr\/114408818319039044","error":""},"_links":{"self":[{"href":"https:\/\/www.europesays.com\/fr\/wp-json\/wp\/v2\/posts\/56319","targetHints":{"allow":["GET"]}}],"collection":[{"href":"https:\/\/www.europesays.com\/fr\/wp-json\/wp\/v2\/posts"}],"about":[{"href":"https:\/\/www.europesays.com\/fr\/wp-json\/wp\/v2\/types\/post"}],"author":[{"embeddable":true,"href":"https:\/\/www.europesays.com\/fr\/wp-json\/wp\/v2\/users\/2"}],"replies":[{"embeddable":true,"href":"https:\/\/www.europesays.com\/fr\/wp-json\/wp\/v2\/comments?post=56319"}],"version-history":[{"count":0,"href":"https:\/\/www.europesays.com\/fr\/wp-json\/wp\/v2\/posts\/56319\/revisions"}],"wp:featuredmedia":[{"embeddable":true,"href":"https:\/\/www.europesays.com\/fr\/wp-json\/wp\/v2\/media\/38543"}],"wp:attachment":[{"href":"https:\/\/www.europesays.com\/fr\/wp-json\/wp\/v2\/media?parent=56319"}],"wp:term":[{"taxonomy":"category","embeddable":true,"href":"https:\/\/www.europesays.com\/fr\/wp-json\/wp\/v2\/categories?post=56319"},{"taxonomy":"post_tag","embeddable":true,"href":"https:\/\/www.europesays.com\/fr\/wp-json\/wp\/v2\/tags?post=56319"}],"curies":[{"name":"wp","href":"https:\/\/api.w.org\/{rel}","templated":true}]}}