{"id":563198,"date":"2025-11-27T22:30:34","date_gmt":"2025-11-27T22:30:34","guid":{"rendered":"https:\/\/www.europesays.com\/fr\/563198\/"},"modified":"2025-11-27T22:30:34","modified_gmt":"2025-11-27T22:30:34","slug":"ran-2025-le-grand-rendez-vous-des-industriels-du-grand-ouest","status":"publish","type":"post","link":"https:\/\/www.europesays.com\/fr\/563198\/","title":{"rendered":"RAN 2025 : le grand rendez-vous des industriels du Grand Ouest"},"content":{"rendered":"<p>\n                    Mardi 25 novembre se sont tenus \u00e0 Deauville les Rendez-vous d\u2019Affaires de Normandie (RAN), organis\u00e9s depuis 23 ans par le r\u00e9seau des CCI de Normandie. Avec plus de 4 500 rendez-vous programm\u00e9s aupr\u00e8s de 550 participants (dont 330 entreprises normandes), les RAN constituent d\u00e9sormais la plus grande rencontre industrielle du Grand Ouest\u2026                <\/p>\n<p>Devenus un incontournable pour les grands donneurs d\u2019ordre et les PME normandes, les Rendez-vous d\u2019Affaires Normandie Industrie ont une nouvelle fois fait la preuve de leur utilit\u00e9 :<\/p>\n<ul>\n<li>Plus de 4 500 rendez-vous qualifi\u00e9s entre professionnels,<\/li>\n<li>Plus de 550 participants,<\/li>\n<li>330 entreprises normandes,<\/li>\n<li>60 donneurs d\u2019ordres fran\u00e7ais et normands,<\/li>\n<li>7 donneurs d\u2019ordres internationaux (S\u00e9n\u00e9gal, Alg\u00e9rie, Gr\u00e8ce).<\/li>\n<\/ul>\n<p>Une dimension internationale orchestr\u00e9e depuis maintenant trois ans par la Team France Export et le service international de CCI Normandie, qui \u00ab illustre parfaitement l\u2019ambition que nous portons collectivement : faire de la Normandie un territoire industriel ouvert, attractif et tourn\u00e9 vers l\u2019export \u00bb, s\u2019est ainsi f\u00e9licit\u00e9 Vincent Laudat en pr\u00e9ambule de cette manifestation.<\/p>\n<p>Par ailleurs, la pr\u00e9sence de grands donneurs d\u2019ordre tels qu\u2019Orano, EDF, Eiffage, Renault et SNCF confirme le r\u00f4le strat\u00e9gique de la r\u00e9gion dans les transitions industrielles : EPR2 de Penly, programme Aval du Futur pour Orano, modernisation des infrastructures ferroviaires par SNCF\u2026 Des chantiers repr\u00e9sentant des milliers d\u2019emplois et des opportunit\u00e9s pour les PME locales.<\/p>\n<p>Afin d\u2019accompagner ces enjeux, le Pavillon Nucl\u00e9aire a \u00e9t\u00e9 reconduit au sein des RAN, permettant aux entreprises de rencontrer des experts et de mieux comprendre les projets structurants. Un espace inaugur\u00e9 en tout d\u00e9but de matin\u00e9e par Alban Verbecke, pr\u00e9sident de Normandie Energies, et Olivier Rousseille, pr\u00e9sident de CCI Rouen M\u00e9tropole et vice-pr\u00e9sident de CCI Normandie, o\u00f9 les entreprises ont pu rencontrer des experts, b\u00e9n\u00e9ficier de rendez-vous qualifi\u00e9s et mieux appr\u00e9hender les grands projets \u00e0 venir.<\/p>\n","protected":false},"excerpt":{"rendered":"Mardi 25 novembre se sont tenus \u00e0 Deauville les Rendez-vous d\u2019Affaires de Normandie (RAN), organis\u00e9s depuis 23 ans&hellip;\n","protected":false},"author":2,"featured_media":563199,"comment_status":"","ping_status":"","sticky":false,"template":"","format":"standard","meta":{"footnotes":""},"categories":[9587],"tags":[1111,11,13085,23205,1777,674,1011,27,12,5161,67928,67929,25,9590],"class_list":{"0":"post-563198","1":"post","2":"type-post","3":"status-publish","4":"format-standard","5":"has-post-thumbnail","7":"category-rouen","8":"tag-actu","9":"tag-actualites","10":"tag-cci-normandie","11":"tag-deauville","12":"tag-eu","13":"tag-europe","14":"tag-fr","15":"tag-france","16":"tag-news","17":"tag-normandie","18":"tag-ran-2025","19":"tag-rendez-vous-daffaires-de-normandie","20":"tag-republique-francaise","21":"tag-rouen"},"share_on_mastodon":{"url":"https:\/\/pubeurope.com\/@fr\/115624032564214991","error":""},"_links":{"self":[{"href":"https:\/\/www.europesays.com\/fr\/wp-json\/wp\/v2\/posts\/563198","targetHints":{"allow":["GET"]}}],"collection":[{"href":"https:\/\/www.europesays.com\/fr\/wp-json\/wp\/v2\/posts"}],"about":[{"href":"https:\/\/www.europesays.com\/fr\/wp-json\/wp\/v2\/types\/post"}],"author":[{"embeddable":true,"href":"https:\/\/www.europesays.com\/fr\/wp-json\/wp\/v2\/users\/2"}],"replies":[{"embeddable":true,"href":"https:\/\/www.europesays.com\/fr\/wp-json\/wp\/v2\/comments?post=563198"}],"version-history":[{"count":0,"href":"https:\/\/www.europesays.com\/fr\/wp-json\/wp\/v2\/posts\/563198\/revisions"}],"wp:featuredmedia":[{"embeddable":true,"href":"https:\/\/www.europesays.com\/fr\/wp-json\/wp\/v2\/media\/563199"}],"wp:attachment":[{"href":"https:\/\/www.europesays.com\/fr\/wp-json\/wp\/v2\/media?parent=563198"}],"wp:term":[{"taxonomy":"category","embeddable":true,"href":"https:\/\/www.europesays.com\/fr\/wp-json\/wp\/v2\/categories?post=563198"},{"taxonomy":"post_tag","embeddable":true,"href":"https:\/\/www.europesays.com\/fr\/wp-json\/wp\/v2\/tags?post=563198"}],"curies":[{"name":"wp","href":"https:\/\/api.w.org\/{rel}","templated":true}]}}